{"id":37036,"date":"2011-07-18T16:21:08","date_gmt":"2011-07-18T13:21:08","guid":{"rendered":"http:\/\/www.korhanyilmaz.com\/?p=37036"},"modified":"2011-07-18T18:45:46","modified_gmt":"2011-07-18T15:45:46","slug":"akp-bizi-iceriye-sokabilmek-icin-anlasma-yapti","status":"publish","type":"post","link":"http:\/\/www.korhanyilmaz.com\/?p=37036","title":{"rendered":"&#8220;AKP bizi i\u00e7eriye sokabilmek i\u00e7in anla\u015fma yapt\u0131&#8221;"},"content":{"rendered":"<p><a href=\"http:\/\/www.korhanyilmaz.com\/wp-content\/uploads\/2011\/07\/1665.jpg\"  class=\"lightview\"><img loading=\"lazy\" decoding=\"async\" class=\"aligncenter size-full wp-image-37037\" title=\"\" src=\"http:\/\/www.korhanyilmaz.com\/wp-content\/uploads\/2011\/07\/1665.jpg\" alt=\"\" width=\"292\" height=\"224\" \/><\/a><\/p>\n<p style=\"text-align: justify;\">CHP Genel Ba\u015fkan Yard\u0131mc\u0131s\u0131 S\u00fcheyl Batum, &#8220;Yemin etmedik. AKP bizi i\u00e7eriye sokabilmek i\u00e7in bizimle anla\u015fma yapt\u0131&#8221; dedi.<\/p>\n<p style=\"text-align: justify;\">S\u00fcheyl Batum, CHP Eski\u015fehir Milletvekili Kaz\u0131m Kurt ve \u0130l Ba\u015fkan\u0131 Erman G\u00f6let ile Eski\u015fehir&#8217;de bir restoranda d\u00fczenledi\u011fi bas\u0131n toplant\u0131s\u0131nda, Diyarbak\u0131r&#8217;\u0131n Silvan il\u00e7esinde 13 askerin \u015fehit edilmesinin ve ard\u0131ndan e\u015f zamanl\u0131 olarak Demokratik Toplum Kongresi&#8217;nin ald\u0131\u011f\u0131 &#8220;demokratik \u00f6zerklik&#8221; karar\u0131n\u0131n kendilerini derinden yaralad\u0131\u011f\u0131n\u0131 belirterek, bu iki olay\u0131n T\u00fcrk milletini endi\u015feye sevk etti\u011fini s\u00f6yledi. <!--more--><\/p>\n<p style=\"text-align: justify;\">T\u00fcrk milletinin se\u00e7imlerin ard\u0131ndan huzursuz oldu\u011funu ileri s\u00fcren Batum, \u015f\u00f6yle konu\u015ftu: &#8220;\u015eu anda ya\u015fad\u0131\u011f\u0131m\u0131z b\u00fct\u00fcn olaylar\u0131n sorumlusu a\u00e7\u0131kl\u0131kla h\u00fck\u00fcmettir. T\u00fcrkiye&#8217;de \u015fehitleri sayarak iktidarda olmak ve iktidara gelmek istemeyiz. 1998 y\u0131l\u0131nda Abdullah \u00d6calan&#8217;\u0131n yakalanmas\u0131n\u0131n ard\u0131ndan b\u00fcy\u00fck bir devlet olman\u0131n verdi\u011fi g\u00fcvenle onu yarg\u0131lad\u0131k. Ter\u00f6r \u00f6rg\u00fct\u00fc \u00e7\u00f6kertildi. 2001 y\u0131l\u0131nda o d\u00f6nemin cumhurba\u015fkan\u0131 dahil &#8216;T\u00fcrkiye&#8217;de ter\u00f6r bitmi\u015ftir. Art\u0131k, b\u00f6lgeye y\u00f6nelik sosyal, k\u00fclt\u00fcrel \u00f6nlemlerin al\u0131nmas\u0131&#8217; y\u00f6n\u00fcnde s\u00f6zler s\u00f6yledi. \u015eimdi, 10 y\u0131l \u00f6ncesini tamamen silmeye \u00e7al\u0131\u015ft\u0131lar.<\/p>\n<p style=\"text-align: justify;\">Tunceli&#8217;de, \u015e\u0131rnak&#8217;ta ola\u011fan\u00fcst\u00fc halin kald\u0131r\u0131ld\u0131\u011f\u0131 bir T\u00fcrkiye&#8217;yi devrald\u0131lar. Bug\u00fcne geldik. H\u00fck\u00fcmetin ter\u00f6re kar\u015f\u0131 ne \u00f6nlemi var? H\u00fck\u00fcmet program\u0131na bakt\u0131k, ter\u00f6rden iki sat\u0131r da olsa s\u00f6z yok. Hi\u00e7bir plan ve \u00f6nlem yok. &#8216;Demokratik a\u00e7\u0131l\u0131m&#8217; dediler, i\u00e7i bo\u015f. &#8216;Yeni Anayasa yapaca\u011f\u0131z&#8217; dediler. &#8216;Nedir?&#8217; dedik. &#8216;K\u00fcrt sorununu yeni anayasa ile \u00e7\u00f6zece\u011fiz&#8217; dediler. &#8216;Ne koyacaks\u0131n\u0131z?&#8217; dedik. T\u0131k yok.<\/p>\n<p style=\"text-align: justify;\">CHP Genel Ba\u015fkan\u0131 Kemal K\u0131l\u0131\u00e7daro\u011flu &#8216;ter\u00f6re kar\u015f\u0131 alaca\u011f\u0131n\u0131z \u00f6nlemleri beraber tart\u0131\u015fmaya haz\u0131r\u0131z&#8217; dedi. Ba\u015fbakan &#8216;\u00f6zel g\u00fcvenlik getirece\u011fiz oraya&#8217; dedi. K\u0131l\u0131\u00e7daro\u011flu, &#8216;peki nas\u0131l?&#8217; dedi. &#8216;\u015eu anda kurgulamad\u0131k onu kurgulayaca\u011f\u0131z&#8217; diye konu\u015ftular. Tek kelime s\u00f6ylemedi. Ter\u00f6re kar\u015f\u0131 \u00f6nlem al\u0131yorlarm\u0131\u015f, yalan, \u00f6zel g\u00fcvenlik, ter\u00f6rle m\u00fccadele yok. &#8216;Ter\u00f6r olaylar\u0131n\u0131 bar\u0131\u015f\u0131 ve demokrasiyi istemeyen baz\u0131 g\u00fc\u00e7ler yap\u0131yor&#8217; dediler. Ter\u00f6rle m\u00fccadelede beceriksiz olduklar\u0131 muhakkak. Ter\u00f6r\u00fcn b\u00fcy\u00fcyerek devam etmesinin bir nedeni var. CHP ve herkes bunu biliyor. D\u0131\u015far\u0131da haz\u0131rlanan birtak\u0131m planlar var. Bu h\u00fck\u00fcmetin bu planlar\u0131n uygulay\u0131c\u0131s\u0131 olmaktan ba\u015fka hi\u00e7bir plan\u0131 yok. Kendisine empoze edilen ve dayat\u0131lan bir senaryonun uygulay\u0131c\u0131s\u0131 durumunda.&#8221;<\/p>\n<p style=\"text-align: justify;\"><strong>-&#8220;Her 4 ki\u015fiden biri bize oy verdi&#8221;-<\/strong><\/p>\n<p style=\"text-align: justify;\">Batum, Ba\u015fbakan&#8217;\u0131n &#8220;Yeni anayasa toplumsal bar\u0131\u015f\u0131 sa\u011flayacak&#8221; dedi\u011fini \u00f6ne s\u00fcrerek, yeni anayasan\u0131n birilerinin verdi\u011fi, h\u00fck\u00fcmetin de oynuyormu\u015f gibi yapt\u0131\u011f\u0131 bir plan\u0131n par\u00e7as\u0131 oldu\u011funu iddia etti.<\/p>\n<p style=\"text-align: justify;\">&#8220;Bu anayasa, ilk 4 maddenin olmayaca\u011f\u0131 ve genel aff\u0131n eklenece\u011fi bir anayasa olacak&#8221; diyen Batum, \u015f\u00f6yle devam etti: &#8220;Kafalar\u0131ndaki anayasada \u00fcniter devlet olmayacak. Tayyip Erdo\u011fan&#8217;a da vadedilen, otoriter rejimi sa\u011flayacak demokratik, laik cumhuriyet ibaresinin olmad\u0131\u011f\u0131 bir anayasa. Bir de bu oyunun par\u00e7as\u0131 olarak genel af. DTK da biraz acul davrand\u0131 bu konuda. Onlara &#8216;federasyon kuracaks\u0131n\u0131z, biz ilk 4 maddenin olmad\u0131\u011f\u0131 bir anayasa yapaca\u011f\u0131z&#8217; s\u00f6z\u00fc verildi. BDP, \u00f6zellikle Hatip Dicle ve KCK konusunda anla\u015famay\u0131nca acul davranarak kendilerine birileri taraf\u0131ndan s\u00f6ylenen bu projeyi devreye soktu ve &#8216;demokratik \u00f6zerklik ilan ediyoruz&#8217; dedi. Bu oyuna gelmeyece\u011fiz. Her 4 ki\u015fiden biri bize oy verdi. Bu plan\u0131n olabilece\u011finden endi\u015felenen y\u00fczde 50&#8217;i de bask\u0131lara ra\u011fmen AKP&#8217;ye oy vermedi. T\u00fcrk milleti merak etmesin. B\u00fct\u00fcn tabloyu g\u00f6r\u00fcyoruz.&#8221;<\/p>\n<p style=\"text-align: justify;\"><strong>-&#8220;AKP bizi i\u00e7eriye sokabilmek i\u00e7in bizimle anla\u015fma yapt\u0131&#8221;-<\/strong><\/p>\n<p style=\"text-align: justify;\">Tutuklu CHP milletvekillerine ili\u015fkin T\u00fcrkiye&#8217;de 4 yarg\u0131c\u0131n a\u00e7\u0131k hukuk kurallar\u0131na ayk\u0131r\u0131 davrand\u0131\u011f\u0131n\u0131 ileri s\u00fcren Batum, \u015funlar\u0131 kaydetti: &#8220;Bu demokrasi, milli egemenlik ve hukuk ay\u0131b\u0131n\u0131 ortaya koymak istedik. Bunun bir rehin oldu\u011funu biliyorduk. H\u00fck\u00fcmet de &#8216;Ver anayasam\u0131, bu anayasan\u0131n i\u00e7ine gir. Ben de rehinleri geri veriyim sana&#8217; dedi. Bu olay\u0131n net \u015fekilde ortaya \u00e7\u0131kmas\u0131n\u0131 istedik. Bu net bir \u015fekilde ortaya \u00e7\u0131kt\u0131. Daha 10 g\u00fcn \u00f6nce &#8216;hakimlere ben ne yapabilirim ki hakimler hakk\u0131nda soru\u015fturma a\u00e7abilir miyim hukuku uygulam\u0131yorlar diye&#8217; diye konu\u015fan h\u00fck\u00fcmet, tek tahliye karar\u0131 veren \u00fc\u00e7\u00fcnc\u00fc hakimi de &#8216;rehineler elden ka\u00e7\u0131r\u0131lmas\u0131n&#8217; diye s\u00fcrd\u00fc. Bu ortaya \u00e7\u0131kt\u0131. &#8216;Genel bir anayasa ile b\u00fct\u00fcn sorunlar\u0131 \u00e7\u00f6zeriz&#8217; dediler. Yemin etmedik. AKP bizi i\u00e7eriye sokabilmek i\u00e7in bizimle anla\u015fma yapt\u0131. Burada iki ibare var. Bunlardan birincisi &#8216;B\u00fct\u00fcn milletvekilleri yarg\u0131lanabilir ancak meclise gelip yarg\u0131lanmaya devam edecek, tutuklan\u0131rsa h\u00fck\u00fcm giyecek&#8217;. Buna imza att\u0131lar. \u0130kincisi daha da \u00f6nemli. &#8216;T\u00fcrk hukukunun herkese y\u00f6nelik olarak evrensel hukuka uygun yorumlanmas\u0131 ve uygulanmas\u0131 zorunludur&#8217; diye bir ibare koydurduk. Ba\u015fbakan, bunu &#8216;ba\u015fka \u00e7arem yok&#8217; diye imzalad\u0131.&#8221;<\/p>\n<p style=\"text-align: justify;\">Batum, CHP&#8217;nin T\u00fcrkiye&#8217;yi b\u00f6lecek bir \u00f6zerklik projesine kesinlikle kar\u015f\u0131 oldu\u011funu s\u00f6zlerine ekledi.<\/p>\n<p style=\"text-align: justify;\"><a href=\"http:\/\/www.cnnturk.com\/2011\/turkiye\/07\/18\/akp.bizi.iceriye.sokabilmek.icin.anlasma.yapti\/623285.0\/index.html\" target=\"_blank\">Kaynak : CNN T\u00dcRK<\/a><\/p>\n","protected":false},"excerpt":{"rendered":"<\/p>\n<p style=\"text-align: justify;\">CHP Genel Ba\u015fkan Yard\u0131mc\u0131s\u0131 S\u00fcheyl Batum, &#8220;Yemin etmedik. AKP bizi i\u00e7eriye sokabilmek i\u00e7in bizimle anla\u015fma yapt\u0131&#8221; dedi.<\/p>\n<p style=\"text-align: justify;\">S\u00fcheyl Batum, CHP Eski\u015fehir Milletvekili Kaz\u0131m Kurt ve \u0130l Ba\u015fkan\u0131 Erman G\u00f6let ile Eski\u015fehir&#8217;de bir restoranda d\u00fczenledi\u011fi bas\u0131n toplant\u0131s\u0131nda, Diyarbak\u0131r&#8217;\u0131n Silvan il\u00e7esinde 13 askerin \u015fehit edilmesinin ve ard\u0131ndan e\u015f zamanl\u0131 olarak Demokratik Toplum <\/p>\n","protected":false},"author":1,"featured_media":0,"comment_status":"open","ping_status":"open","sticky":false,"template":"","format":"standard","meta":{"footnotes":""},"categories":[105],"tags":[],"class_list":["post-37036","post","type-post","status-publish","format-standard","hentry","category-gundem","odd"],"_links":{"self":[{"href":"http:\/\/www.korhanyilmaz.com\/index.php?rest_route=\/wp\/v2\/posts\/37036","targetHints":{"allow":["GET"]}}],"collection":[{"href":"http:\/\/www.korhanyilmaz.com\/index.php?rest_route=\/wp\/v2\/posts"}],"about":[{"href":"http:\/\/www.korhanyilmaz.com\/index.php?rest_route=\/wp\/v2\/types\/post"}],"author":[{"embeddable":true,"href":"http:\/\/www.korhanyilmaz.com\/index.php?rest_route=\/wp\/v2\/users\/1"}],"replies":[{"embeddable":true,"href":"http:\/\/www.korhanyilmaz.com\/index.php?rest_route=%2Fwp%2Fv2%2Fcomments&post=37036"}],"version-history":[{"count":0,"href":"http:\/\/www.korhanyilmaz.com\/index.php?rest_route=\/wp\/v2\/posts\/37036\/revisions"}],"wp:attachment":[{"href":"http:\/\/www.korhanyilmaz.com\/index.php?rest_route=%2Fwp%2Fv2%2Fmedia&parent=37036"}],"wp:term":[{"taxonomy":"category","embeddable":true,"href":"http:\/\/www.korhanyilmaz.com\/index.php?rest_route=%2Fwp%2Fv2%2Fcategories&post=37036"},{"taxonomy":"post_tag","embeddable":true,"href":"http:\/\/www.korhanyilmaz.com\/index.php?rest_route=%2Fwp%2Fv2%2Ftags&post=37036"}],"curies":[{"name":"wp","href":"https:\/\/api.w.org\/{rel}","templated":true}]}}