{"id":37027,"date":"2011-07-18T12:17:55","date_gmt":"2011-07-18T09:17:55","guid":{"rendered":"http:\/\/www.korhanyilmaz.com\/?p=37027"},"modified":"2011-07-18T18:08:03","modified_gmt":"2011-07-18T15:08:03","slug":"erdogana-hizbullah-sorusu","status":"publish","type":"post","link":"http:\/\/www.korhanyilmaz.com\/?p=37027","title":{"rendered":"Erdo\u011fan&#8217;a Hizbullah sorusu"},"content":{"rendered":"<p style=\"text-align: center;\"><a href=\"http:\/\/www.korhanyilmaz.com\/wp-content\/uploads\/2011\/07\/1663.jpg\"  class=\"lightview\"><img loading=\"lazy\" decoding=\"async\" class=\"aligncenter size-full wp-image-37028\" src=\"http:\/\/www.korhanyilmaz.com\/wp-content\/uploads\/2011\/07\/1663.jpg\" alt=\"\" width=\"396\" height=\"180\" \/><\/a><\/p>\n<p style=\"text-align: justify;\">CHP&#8217;li Turgut Dibek, Ba\u015fbakan Erdo\u011fan\u2019a, yerel mahkeme taraf\u0131ndan m\u00fcebbet hapise \u00e7arpt\u0131r\u0131lan ve Yarg\u0131tay karar\u0131 kesinle\u015fmedi\u011fi i\u00e7in serbest b\u0131rak\u0131lan ve T\u00fcrkiye&#8217;nin h\u0131zl\u0131 g\u00fcndemi i\u00e7inde unutulan Hizbullah \u00fcyelerini sordu.<\/p>\n<p style=\"text-align: justify;\">ANKARA- CHP K\u0131rklareli Milletvekili Turgut Dibek, Ba\u015fbakan Recep Tayyip Erdo\u011fan\u2019a, \u201cYerel mahkeme taraf\u0131ndan m\u00fcebbet hapis cezas\u0131na \u00e7arpt\u0131r\u0131lan ve Yarg\u0131tay karar\u0131 kesinle\u015fmedi\u011fi i\u00e7in serbest b\u0131rak\u0131lan \u015fah\u0131slar\u0131 devlet neden takip etmemi\u015ftir? \u00dczerinden yedi ay ge\u00e7mesine ra\u011fmen \u015fah\u0131slar neden hala bulunamam\u0131\u015ft\u0131r\u201d diye sordu. <!--more--><\/p>\n<p style=\"text-align: justify;\">CHP K\u0131rklareli Milletvekili Turgut Dibek, TBMM Ba\u015fkanl\u0131\u011f\u0131\u2019na, Ba\u015fbakan Recep Tayyip Erdo\u011fan\u2019\u0131n yan\u0131tlamas\u0131 istemiyle soru \u00f6nergesi verdi. Dibek, \u015f\u00f6yle dedi:<\/p>\n<p style=\"text-align: justify;\">\u201cCeza Muhakemesi Kanunu&#8217;nun (CMK) tutukluluk s\u00fcresini belirleyen 102. maddesinde yap\u0131lan de\u011fi\u015fiklik sonucu Diyarbak\u0131r 6. A\u011f\u0131r Ceza Mahkemesi taraf\u0131ndan m\u00fcebbet hapis cezas\u0131na \u00e7arpt\u0131r\u0131lan Hizbullah davas\u0131 san\u0131klar\u0131 3 Ocak 2011\u2019de tahliye edilmi\u015ftir. Mahkemenin karar\u0131na g\u00f6re tahliye sonras\u0131 her g\u00fcn Emniyete imza atmak zorunda olan san\u0131klar, imza atmak i\u00e7in Emniyete gitmemi\u015flerdir. Bunun \u00fczerine, Yarg\u0131tay 9. Ceza Dairesi, CMK 102. maddesi uyar\u0131nca tahliye edildikten sonra kay\u0131plara kar\u0131\u015fan 12 Hizbullah \u00fcyesi hakk\u0131nda 14 Ocak 2011 tarihinde yakalama karar\u0131 vermi\u015ftir. Diyarbak\u0131r ve Batman&#8217;da operasyon d\u00fczenleyen polis, Hizbullah\u00e7\u0131lar\u0131 bulamam\u0131\u015ft\u0131r. \u015eah\u0131slar hakk\u0131nda kamuoyunda \u0130ran veya Suriye\u2019ye ka\u00e7t\u0131klar\u0131 iddialar\u0131 vard\u0131r.\u201d<\/p>\n<p style=\"text-align: justify;\"><strong>\u201cDEVLET NEDEN TAK\u0130P ETMED\u0130\u201d<\/strong><\/p>\n<p style=\"text-align: justify;\">Dibek, Ba\u015fbakan&#8217;a \u015fu sorular\u0131 y\u00f6neltti:<\/p>\n<p style=\"text-align: justify;\">&#8220;Yerel mahkeme taraf\u0131ndan m\u00fcebbet hapis cezas\u0131na \u00e7arpt\u0131r\u0131lan ve Yarg\u0131tay karar\u0131 kesinle\u015fmedi\u011fi i\u00e7in serbest b\u0131rak\u0131lan \u015fah\u0131slar\u0131 devlet neden takip etmemi\u015ftir?<\/p>\n<p style=\"text-align: justify;\">Ba\u015fbakanl\u0131\u011fa ba\u011fl\u0131 M\u0130T M\u00fcste\u015farl\u0131\u011f\u0131 ve \u0130\u00e7i\u015fleri Bakanl\u0131\u011f\u0131na ba\u011fl\u0131 Emniyet istihbarat birimlerinin g\u00f6revleri aras\u0131nda yurt d\u0131\u015f\u0131na ka\u00e7abilece\u011fi \u015f\u00fcphesi olan san\u0131klar\u0131 izlemek yok mudur?<\/p>\n<p style=\"text-align: justify;\">\u015eah\u0131slar hakk\u0131nda \u0130ran veya Suriye\u2019ye ka\u00e7t\u0131klar\u0131 iddialar\u0131 hakk\u0131nda devletin bir istihbarat\u0131 var m\u0131d\u0131r?<\/p>\n<p style=\"text-align: justify;\">\u00dczerinden yedi ay ge\u00e7mesine ra\u011fmen \u015fah\u0131slar neden hala bulunamam\u0131\u015ft\u0131r? Bu yedi ay zarf\u0131nda ka\u00e7 kamu g\u00f6revlisi hakk\u0131nda soru\u015fturma a\u00e7\u0131lm\u0131\u015ft\u0131r? A\u00e7\u0131lan soru\u015fturma varsa sonu\u00e7lar\u0131 nelerdir?\u201d<\/p>\n<p style=\"text-align: justify;\"><strong>\u201cH\u0130ZBULLAH\u00c7ILARIN KA\u00c7I\u015eI UNUTULDU\u201d<\/strong><\/p>\n<p style=\"text-align: justify;\">Dibek, 17 Ocak\u2019ta benzer bir \u00f6nergeyi verdi\u011fini hat\u0131rlatarak, \u015f\u00f6yle dedi:<\/p>\n<p style=\"text-align: justify;\">\u201c17 Ocak&#8217;ta benzer bir \u00f6nergeyi vermi\u015ftim, nas\u0131l oluyor da Hizbullah\u00e7\u0131lar\u0131 devlet takip etmiyor diye. \u00dczerinden 7 ay ge\u00e7ti, g\u00fcndem yo\u011funlu\u011fu nedeniyle Hizbullah\u00e7\u0131lar\u0131n ka\u00e7\u0131\u015f\u0131 unutuldu. Devlet 7 ayda \u015fartl\u0131 sal\u0131verdi\u011fi Hizbullah san\u0131klar\u0131n\u0131 bulamad\u0131, takip etmedi, elinden ka\u00e7\u0131rd\u0131. G\u00f6rev ba\u015f\u0131ndakiler ise hi\u00e7 bir \u015fey olmam\u0131\u015f gibi g\u00f6revlerinde durmaktad\u0131r. 7 ayda ihmali olanlar hakk\u0131nda hi\u00e7bir \u015fey yap\u0131lmam\u0131\u015ft\u0131r.&#8221;<\/p>\n<p style=\"text-align: justify;\"><a href=\"http:\/\/www.gazeteport.com.tr\/haber\/42967\/erdogana_hizbullah_sorusu\" target=\"_blank\">Kaynak : GAZETEPORT<\/a><\/p>\n","protected":false},"excerpt":{"rendered":"<p style=\"text-align: center;\">\n<p style=\"text-align: justify;\">CHP&#8217;li Turgut Dibek, Ba\u015fbakan Erdo\u011fan\u2019a, yerel mahkeme taraf\u0131ndan m\u00fcebbet hapise \u00e7arpt\u0131r\u0131lan ve Yarg\u0131tay karar\u0131 kesinle\u015fmedi\u011fi i\u00e7in serbest b\u0131rak\u0131lan ve T\u00fcrkiye&#8217;nin h\u0131zl\u0131 g\u00fcndemi i\u00e7inde unutulan Hizbullah \u00fcyelerini sordu.<\/p>\n<p style=\"text-align: justify;\">ANKARA- CHP K\u0131rklareli Milletvekili Turgut Dibek, Ba\u015fbakan Recep Tayyip Erdo\u011fan\u2019a, \u201cYerel mahkeme taraf\u0131ndan m\u00fcebbet hapis cezas\u0131na \u00e7arpt\u0131r\u0131lan ve Yarg\u0131tay karar\u0131 kesinle\u015fmedi\u011fi <\/p>\n","protected":false},"author":1,"featured_media":0,"comment_status":"open","ping_status":"open","sticky":false,"template":"","format":"standard","meta":{"footnotes":""},"categories":[105],"tags":[],"class_list":["post-37027","post","type-post","status-publish","format-standard","hentry","category-gundem","odd"],"_links":{"self":[{"href":"http:\/\/www.korhanyilmaz.com\/index.php?rest_route=\/wp\/v2\/posts\/37027","targetHints":{"allow":["GET"]}}],"collection":[{"href":"http:\/\/www.korhanyilmaz.com\/index.php?rest_route=\/wp\/v2\/posts"}],"about":[{"href":"http:\/\/www.korhanyilmaz.com\/index.php?rest_route=\/wp\/v2\/types\/post"}],"author":[{"embeddable":true,"href":"http:\/\/www.korhanyilmaz.com\/index.php?rest_route=\/wp\/v2\/users\/1"}],"replies":[{"embeddable":true,"href":"http:\/\/www.korhanyilmaz.com\/index.php?rest_route=%2Fwp%2Fv2%2Fcomments&post=37027"}],"version-history":[{"count":0,"href":"http:\/\/www.korhanyilmaz.com\/index.php?rest_route=\/wp\/v2\/posts\/37027\/revisions"}],"wp:attachment":[{"href":"http:\/\/www.korhanyilmaz.com\/index.php?rest_route=%2Fwp%2Fv2%2Fmedia&parent=37027"}],"wp:term":[{"taxonomy":"category","embeddable":true,"href":"http:\/\/www.korhanyilmaz.com\/index.php?rest_route=%2Fwp%2Fv2%2Fcategories&post=37027"},{"taxonomy":"post_tag","embeddable":true,"href":"http:\/\/www.korhanyilmaz.com\/index.php?rest_route=%2Fwp%2Fv2%2Ftags&post=37027"}],"curies":[{"name":"wp","href":"https:\/\/api.w.org\/{rel}","templated":true}]}}