{"id":37023,"date":"2011-07-18T16:37:57","date_gmt":"2011-07-18T13:37:57","guid":{"rendered":"http:\/\/www.korhanyilmaz.com\/?p=37023"},"modified":"2011-07-18T16:54:44","modified_gmt":"2011-07-18T13:54:44","slug":"erdogani-kotu-bir-surpriz-bekliyor","status":"publish","type":"post","link":"http:\/\/www.korhanyilmaz.com\/?p=37023","title":{"rendered":"Erdo\u011fan&#8217;\u0131 k\u00f6t\u00fc bir s\u00fcrpriz bekliyor!"},"content":{"rendered":"<p style=\"text-align: justify;\"><a href=\"http:\/\/www.korhanyilmaz.com\/wp-content\/uploads\/2011\/07\/1662.jpg\"  class=\"lightview\"><img loading=\"lazy\" decoding=\"async\" class=\"aligncenter size-full wp-image-37024\" src=\"http:\/\/www.korhanyilmaz.com\/wp-content\/uploads\/2011\/07\/1662.jpg\" alt=\"\" width=\"420\" height=\"210\" \/><\/a><\/p>\n<p style=\"text-align: justify;\">Yar\u0131n K\u0131br\u0131s\u2019\u0131 ziyaret edecek olan Ba\u015fbakan Erdo\u011fan i\u00e7in bir yandan kar\u015f\u0131lama bir yandan da protesto haz\u0131rl\u0131klar\u0131 yap\u0131l\u0131yor&#8230;<\/p>\n<p style=\"text-align: justify;\">Ba\u015fbakan\u0131 Recep Tayyip Erdo\u011fan, 20 Temmuz Bar\u0131\u015f ve \u00d6zg\u00fcrl\u00fck Bayram\u0131 kutlamalar\u0131 \u00e7er\u00e7evesinde t\u00f6ren ve a\u00e7\u0131l\u0131\u015flara kat\u0131lmak i\u00e7in yar\u0131n KKTC\u2019ye geliyor. \u00d6zel u\u00e7akla ak\u015fam saatlerinde KKTC\u2019ye gelmesi beklenen Erdo\u011fan\u2019\u0131n Ercan Havaliman\u0131\u2019nda kar\u015f\u0131lanmas\u0131 i\u00e7in haz\u0131rl\u0131klar yap\u0131l\u0131yor. <!--more--><\/p>\n<p style=\"text-align: justify;\"><strong>PROTESTO GREV\u0130<\/strong><\/p>\n<p style=\"text-align: justify;\">Di\u011fer taraftan da Erdo\u011fan\u2019\u0131n geli\u015fi \u00f6ncesinde protestoya haz\u0131rlanan gruplar da var. K\u0131br\u0131s T\u00fcrk Amme Memurlar\u0131 Sendikas\u0131 (KTAMS) \u201cTC Ba\u015fbakan\u0131 Recep Tayyip Erdo\u011fan ve UBP h\u00fck\u00fcmetini protesto etmek amac\u0131yla 19 Temmuz Sal\u0131 g\u00fcn\u00fc 16:00-19:00 saatleri aras\u0131nda Ercan Havaliman\u0131 Hava Trafik Kontrol Merkezinde\u201d 3 saatlik grev ger\u00e7ekle\u015ftirece\u011fini a\u00e7\u0131klad\u0131. \u201cK\u0131br\u0131sl\u0131 T\u00fcrklerin y\u0131llardan beri K\u0131br\u0131s\u2019ta \u00f6zg\u00fcr, e\u015fit ve ba\u011f\u0131ms\u0131z bir ya\u015fam s\u00fcrmek i\u00e7in m\u00fccadele verdi\u011fini ve bu hedefe ula\u015fmak i\u00e7in hi\u00e7bir fedakarl\u0131ktan ka\u00e7\u0131nmad\u0131\u011f\u0131n\u0131 belirten Gencal, UBP h\u00fck\u00fcmetinin iktidara geldi\u011fi g\u00fcnden itibaren \u00fclkenin adeta yang\u0131n yerine d\u00f6nd\u00fc\u011f\u00fcn\u00fc, uygulad\u0131\u011f\u0131 politikalarla K\u0131br\u0131sl\u0131 T\u00fcrkleri yok etme noktas\u0131na getirdi\u011fini\u201d iddia etti.<\/p>\n<p style=\"text-align: justify;\"><strong>RUM BAYRA\u011eIYLA KAR\u015eILANAB\u0130L\u0130R<\/strong><\/p>\n<p style=\"text-align: justify;\">Ge\u00e7ti\u011fimiz aylarda \u2018varolu\u015f mitingi\u2019 ad\u0131 alt\u0131nda d\u00fczenlenen protesto eylemlerinde T\u00fcrkiye\u2019ye ve Erdo\u011fan\u2019a y\u00f6nelik hakaret i\u00e7erikli pankartlar\u0131n yan\u0131 s\u0131ra Rum bayra\u011f\u0131 a\u00e7arak tepkilere neden olan gruplar\u0131n, Erdo\u011fan\u2019\u0131 Havaliman\u0131\u2019nda benzer bir protestoyla kar\u015f\u0131lamaya haz\u0131rland\u0131\u011f\u0131 da bildiriliyor. KKTC polisinin kar\u015f\u0131t g\u00f6sterilerde Rum bayra\u011f\u0131 ve hakaret i\u00e7erikli pankartlar a\u00e7\u0131lmas\u0131na izin vermeyece\u011fi ve gruplara m\u00fcdahale edece\u011fi belirtiliyor.<\/p>\n<p style=\"text-align: justify;\">Erdo\u011fan\u2019\u0131n KKTC ziyareti i\u00e7in ola\u011fan\u00fcst\u00fc g\u00fcvenlik \u00f6nlemleri al\u0131nd\u0131\u011f\u0131 da bildiriliyor.<\/p>\n<p style=\"text-align: justify;\"><strong>KAR\u015eILAMA \u00c7A\u011eRISI<\/strong><\/p>\n<p style=\"text-align: justify;\">Ancak Ba\u015fbakan\u2019n\u0131 sadece proestocular kar\u015f\u0131lamayacak. \u00c7e\u015fitli kurum ve kurulu\u015flar yapt\u0131klar\u0131 yaz\u0131l\u0131 a\u00e7\u0131klamalarla \u00fcyelerini ve halk\u0131 Erdo\u011fan\u2019\u0131 kar\u015f\u0131lamaya \u00e7a\u011f\u0131rd\u0131. Binlerce KKTC\u2019linin Erdo\u011fan\u2019\u0131 kar\u015f\u0131lamaya gidece\u011fi ve Ba\u015fbakan\u0131n burada halka hitap edece\u011fi belirtiliyor.<\/p>\n<p style=\"text-align: justify;\">\u015eehit Aileleri ve Malul Gaziler Derne\u011fi, \u201cAnavatan\u0131m\u0131z T\u00fcrkiye\u2019nin Ba\u015fbakan\u0131 Say\u0131n Recep Tayyip Erdo\u011fan\u2019\u0131 KKTC\u2019de ba\u011fr\u0131m\u0131za basman\u0131n sevincini ve gururunu ya\u015f\u0131yoruz\u201d dedi\u011fi a\u00e7\u0131klamas\u0131nda t\u00fcm \u00fcyelerine kar\u015f\u0131lamaya ve t\u00f6renlere kat\u0131lmalar\u0131 \u00e7a\u011fr\u0131s\u0131 yapt\u0131. Karadenizliler K\u00fclt\u00fcr Derne\u011fi de, yaz\u0131l\u0131 a\u00e7\u0131klamas\u0131nda, \u201cKaradeniz insan\u0131n\u0131, dernek \u00fcyelerini ve t\u00fcm ilgi duyan vatanda\u015flar\u0131 yar\u0131n saat 17.00\u2019de Ercan havaliman\u0131nda Ba\u015fbakan Erdo\u011fan\u2019la bulu\u015fturmak i\u00e7in \u00e7al\u0131\u015fma ba\u015flatt\u0131klar\u0131n\u0131\u201d belirterek \u201cbu kar\u015f\u0131lama t\u00f6renine t\u00fcm halk\u0131m\u0131z davetlidir \u201cdedi.<\/p>\n<p style=\"text-align: justify;\"><strong>HALKA SESLENECEK<\/strong><\/p>\n<p style=\"text-align: justify;\">Erdo\u011fan\u2019\u0131n \u201c20 Temmuz g\u00fcn\u00fc saat 18.15\u2019te Gazima\u011fusa Nam\u0131k Kemal Meydan\u0131nda halka hitaben konu\u015fma yapaca\u011f\u0131\u201d da belirtilen a\u00e7\u0131klamada, Karadeniz k\u00f6kenli t\u00fcm halk\u0131n bu etkinli\u011fe de kat\u0131lmas\u0131 i\u00e7in \u00e7a\u011fr\u0131 yap\u0131ld\u0131. \u0130htiya\u00e7 duyulan b\u00f6lgelerden otob\u00fcs kald\u0131r\u0131laca\u011f\u0131 da kaydedildi.<\/p>\n<p style=\"text-align: justify;\"><strong>YOLLARA DEV POSTERLER<\/strong><\/p>\n<p style=\"text-align: justify;\">Bu arada \u00fclke genelinde yol kenarlar\u0131na Erdo\u011fan\u2019\u0131n dev posterleri as\u0131ld\u0131. Erdo\u011fan\u2019\u0131n eli kalbinin \u00fczerinde bir foto\u011fraf\u0131n\u0131n yer ald\u0131\u011f\u0131 posterlerde \u201cD\u00fcn\u00fcm\u00fcz bir, yar\u0131n\u0131m\u0131z bir. Tek y\u00fcre\u011fiz. Bar\u0131\u015f ve \u00d6zg\u00fcrl\u00fck Bayram\u0131 kutlu olsun. Recep Tayyip Erdo\u011fan TC Ba\u015fbakan\u0131\u201d ifadeleri bulunuyor.<\/p>\n<p style=\"text-align: justify;\"><a href=\"http:\/\/haber.gazetevatan.com\/erdogani-kotu-bir-surpriz-bekliyor\/389225\/1\/Gundem\" target=\"_blank\">Kaynak : VATAN Gazetesi<\/a><\/p>\n","protected":false},"excerpt":{"rendered":"<p style=\"text-align: justify;\">\n<p style=\"text-align: justify;\">Yar\u0131n K\u0131br\u0131s\u2019\u0131 ziyaret edecek olan Ba\u015fbakan Erdo\u011fan i\u00e7in bir yandan kar\u015f\u0131lama bir yandan da protesto haz\u0131rl\u0131klar\u0131 yap\u0131l\u0131yor&#8230;<\/p>\n<p style=\"text-align: justify;\">Ba\u015fbakan\u0131 Recep Tayyip Erdo\u011fan, 20 Temmuz Bar\u0131\u015f ve \u00d6zg\u00fcrl\u00fck Bayram\u0131 kutlamalar\u0131 \u00e7er\u00e7evesinde t\u00f6ren ve a\u00e7\u0131l\u0131\u015flara kat\u0131lmak i\u00e7in yar\u0131n KKTC\u2019ye geliyor. \u00d6zel u\u00e7akla ak\u015fam saatlerinde KKTC\u2019ye gelmesi beklenen Erdo\u011fan\u2019\u0131n Ercan Havaliman\u0131\u2019nda kar\u015f\u0131lanmas\u0131 <\/p>\n","protected":false},"author":1,"featured_media":0,"comment_status":"open","ping_status":"open","sticky":false,"template":"","format":"standard","meta":{"footnotes":""},"categories":[105],"tags":[],"class_list":["post-37023","post","type-post","status-publish","format-standard","hentry","category-gundem","odd"],"_links":{"self":[{"href":"http:\/\/www.korhanyilmaz.com\/index.php?rest_route=\/wp\/v2\/posts\/37023","targetHints":{"allow":["GET"]}}],"collection":[{"href":"http:\/\/www.korhanyilmaz.com\/index.php?rest_route=\/wp\/v2\/posts"}],"about":[{"href":"http:\/\/www.korhanyilmaz.com\/index.php?rest_route=\/wp\/v2\/types\/post"}],"author":[{"embeddable":true,"href":"http:\/\/www.korhanyilmaz.com\/index.php?rest_route=\/wp\/v2\/users\/1"}],"replies":[{"embeddable":true,"href":"http:\/\/www.korhanyilmaz.com\/index.php?rest_route=%2Fwp%2Fv2%2Fcomments&post=37023"}],"version-history":[{"count":0,"href":"http:\/\/www.korhanyilmaz.com\/index.php?rest_route=\/wp\/v2\/posts\/37023\/revisions"}],"wp:attachment":[{"href":"http:\/\/www.korhanyilmaz.com\/index.php?rest_route=%2Fwp%2Fv2%2Fmedia&parent=37023"}],"wp:term":[{"taxonomy":"category","embeddable":true,"href":"http:\/\/www.korhanyilmaz.com\/index.php?rest_route=%2Fwp%2Fv2%2Fcategories&post=37023"},{"taxonomy":"post_tag","embeddable":true,"href":"http:\/\/www.korhanyilmaz.com\/index.php?rest_route=%2Fwp%2Fv2%2Ftags&post=37023"}],"curies":[{"name":"wp","href":"https:\/\/api.w.org\/{rel}","templated":true}]}}