{"id":3701,"date":"2009-02-26T17:13:29","date_gmt":"2009-02-26T15:13:29","guid":{"rendered":"http:\/\/www.korhanyilmaz.com\/?p=3701"},"modified":"2009-02-26T17:13:29","modified_gmt":"2009-02-26T15:13:29","slug":"cayci-recep-ivedik","status":"publish","type":"post","link":"http:\/\/www.korhanyilmaz.com\/?p=3701","title":{"rendered":"\u00c7ayc\u0131 Recep \u0130vedik"},"content":{"rendered":"<p style=\"text-align: center;\"><img loading=\"lazy\" decoding=\"async\" class=\"aligncenter size-full wp-image-3702\" title=\"\u00c7ayc\u0131 Recep \u0130vedik \" src=\"http:\/\/www.korhanyilmaz.com\/wp-content\/uploads\/2009\/02\/260220091712363884909.jpg\" alt=\"\u00c7ayc\u0131 Recep \u0130vedik \" width=\"376\" height=\"240\" \/><\/p>\n<p style=\"text-align: justify;\"><strong>Recep \u0130vedik&#8217;e benzerli\u011fiyle \u00e7ay sat\u0131\u015flar\u0131n\u0131 artt\u0131rd\u0131.<\/strong><\/p>\n<p style=\"text-align: justify;\">KOCAEL\u0130&#8217;nin Derince \u0130l\u00e7esi&#8217;nde \u00e7ayc\u0131l\u0131k yapan Hakan \u00d6zbektemur, komedyen \u015eahan G\u00f6kbakar&#8217;\u0131n canland\u0131rd\u0131\u011f\u0131 &#8216;Recep \u0130vedik&#8217; tiplemesine benzerli\u011fi ile g\u00f6renleri \u015fa\u015f\u0131rt\u0131yor. Recep \u0130vedik gibi giyinip, ayn\u0131 \u015fekilde davrand\u0131\u011f\u0131n\u0131 s\u00f6yleyen Hakan \u00d6zbektemur \u00e7ay sat\u0131\u015flar\u0131n\u0131n artt\u0131\u011f\u0131n\u0131 s\u00f6yledi.<\/p>\n<p style=\"text-align: justify;\">Derince&#8217;de bir \u00e7ay oca\u011f\u0131nda 8 y\u0131ld\u0131r \u00e7ayc\u0131l\u0131k yaparak ge\u00e7imini sa\u011flayan evli bir \u00e7ocuk babas\u0131 28 ya\u015f\u0131ndaki Hakan \u00d6zbektemur, \u015eahan G\u00f6kbakar&#8217;\u0131n canland\u0131rd\u0131\u011f\u0131 karakter Recep \u0130vedik&#8217;e benzerli\u011fiyle g\u00f6renleri hayretler i\u00e7ersinde b\u0131rak\u0131yor. Semt esnaf\u0131n\u0131n maskotu haline gelen ve &#8216;Bizim Recep \u0130vedik&#8217; diye lakap tak\u0131lan Hakan \u00d6zbektemur \u00e7evresindekileri g\u00fcld\u00fcrmekten ho\u015fland\u0131\u011f\u0131n\u0131 s\u00f6yledi.<!--more--><br \/>\nRecep \u0130vedik&#8217;e benzerli\u011fi nedeniyle ilgi g\u00f6rd\u00fc\u011f\u00fcn\u00fc s\u00f6yleyen Hakan \u00d6zbektemur, &#8220;Esnaf bana &#8216;bizim Recep \u0130vedik&#8217; diye sesleniyor. Recep \u0130vedik&#8217;e benzemem herkesin \u00e7ok ho\u015funa gidiyor. Ben de onun gibi giyinip, onun gibi davranarak \u00e7ay sat\u0131yorum. Sat\u0131\u015flar\u0131m inan\u0131lmaz bir \u015fekilde artt\u0131. Herkes taraf\u0131ndan \u00e7ok seviliyorum. Recep \u0130vedik kadar sert olamasam da ona \u00e7ok benzedi\u011fimi s\u00f6yl\u00fcyorlar&#8221; dedi.\n<\/p>\n<p style=\"text-align: justify;\"><span style=\"color: #888888;\">Erg\u00fcn AYAZ\/\u0130ZM\u0130T (Kocaeli), (DHA)<\/span><\/p>\n","protected":false},"excerpt":{"rendered":"<p style=\"text-align: center;\">\n<p style=\"text-align: justify;\">Recep \u0130vedik&#8217;e benzerli\u011fiyle \u00e7ay sat\u0131\u015flar\u0131n\u0131 artt\u0131rd\u0131.<\/p>\n<p style=\"text-align: justify;\">KOCAEL\u0130&#8217;nin Derince \u0130l\u00e7esi&#8217;nde \u00e7ayc\u0131l\u0131k yapan Hakan \u00d6zbektemur, komedyen \u015eahan G\u00f6kbakar&#8217;\u0131n canland\u0131rd\u0131\u011f\u0131 &#8216;Recep \u0130vedik&#8217; tiplemesine benzerli\u011fi ile g\u00f6renleri \u015fa\u015f\u0131rt\u0131yor. Recep \u0130vedik gibi giyinip, ayn\u0131 \u015fekilde davrand\u0131\u011f\u0131n\u0131 s\u00f6yleyen Hakan \u00d6zbektemur \u00e7ay sat\u0131\u015flar\u0131n\u0131n artt\u0131\u011f\u0131n\u0131 s\u00f6yledi.<\/p>\n<p style=\"text-align: justify;\">Derince&#8217;de bir \u00e7ay oca\u011f\u0131nda 8 y\u0131ld\u0131r \u00e7ayc\u0131l\u0131k yaparak <\/p>\n","protected":false},"author":1,"featured_media":0,"comment_status":"open","ping_status":"closed","sticky":false,"template":"","format":"standard","meta":{"footnotes":""},"categories":[7],"tags":[],"class_list":["post-3701","post","type-post","status-publish","format-standard","hentry","category-ekonomi","odd"],"_links":{"self":[{"href":"http:\/\/www.korhanyilmaz.com\/index.php?rest_route=\/wp\/v2\/posts\/3701","targetHints":{"allow":["GET"]}}],"collection":[{"href":"http:\/\/www.korhanyilmaz.com\/index.php?rest_route=\/wp\/v2\/posts"}],"about":[{"href":"http:\/\/www.korhanyilmaz.com\/index.php?rest_route=\/wp\/v2\/types\/post"}],"author":[{"embeddable":true,"href":"http:\/\/www.korhanyilmaz.com\/index.php?rest_route=\/wp\/v2\/users\/1"}],"replies":[{"embeddable":true,"href":"http:\/\/www.korhanyilmaz.com\/index.php?rest_route=%2Fwp%2Fv2%2Fcomments&post=3701"}],"version-history":[{"count":0,"href":"http:\/\/www.korhanyilmaz.com\/index.php?rest_route=\/wp\/v2\/posts\/3701\/revisions"}],"wp:attachment":[{"href":"http:\/\/www.korhanyilmaz.com\/index.php?rest_route=%2Fwp%2Fv2%2Fmedia&parent=3701"}],"wp:term":[{"taxonomy":"category","embeddable":true,"href":"http:\/\/www.korhanyilmaz.com\/index.php?rest_route=%2Fwp%2Fv2%2Fcategories&post=3701"},{"taxonomy":"post_tag","embeddable":true,"href":"http:\/\/www.korhanyilmaz.com\/index.php?rest_route=%2Fwp%2Fv2%2Ftags&post=3701"}],"curies":[{"name":"wp","href":"https:\/\/api.w.org\/{rel}","templated":true}]}}