{"id":37008,"date":"2011-07-18T13:05:34","date_gmt":"2011-07-18T10:05:34","guid":{"rendered":"http:\/\/www.korhanyilmaz.com\/?p=37008"},"modified":"2011-07-18T13:42:44","modified_gmt":"2011-07-18T10:42:44","slug":"ayna-demokratik-ozerklik-hakkimiz-izin-beklemeyiz","status":"publish","type":"post","link":"http:\/\/www.korhanyilmaz.com\/?p=37008","title":{"rendered":"Ayna: Demokratik \u00f6zerklik hakk\u0131m\u0131z, izin beklemeyiz"},"content":{"rendered":"<p style=\"text-align: center;\"><a href=\"http:\/\/www.korhanyilmaz.com\/wp-content\/uploads\/2011\/07\/1660.jpg\"  class=\"lightview\"><img loading=\"lazy\" decoding=\"async\" class=\"aligncenter size-full wp-image-37009\" src=\"http:\/\/www.korhanyilmaz.com\/wp-content\/uploads\/2011\/07\/1660.jpg\" alt=\"\" width=\"307\" height=\"236\" \/><\/a><\/p>\n<p style=\"text-align: justify;\">Diyarbak\u0131r&#8217;da ba\u011f\u0131ms\u0131z milletvekili se\u00e7ildikten sonra BDP&#8217;ye ge\u00e7en Emine Ayna, ilan ettikleri &#8216;Demokratik \u00d6zerklik&#8217;in tart\u0131\u015f\u0131lma ihtimali olmad\u0131\u011f\u0131n\u0131, K\u00fcrtler&#8217;in &#8220;Art\u0131k senden talep etmiyorum. Ben yap\u0131yorum. Sana d\u00fc\u015fen; beni tan\u0131makt\u0131r&#8221; dedi\u011fini; ancak bunun Ankara ile ipleri koparma anlam\u0131 ta\u015f\u0131mad\u0131\u011f\u0131n\u0131 savundu.<\/p>\n<p style=\"text-align: justify;\">Uydu arac\u0131l\u0131\u011f\u0131 ile PKK \u00e7izgisinde yay\u0131n yapan Roj TV&#8217;nin d\u00fcn ak\u015fam st\u00fcdyo konu\u011fu olan Emine Ayna, &#8216;Demokratik \u00d6zerklik&#8217; ilan\u0131 ve TBMM&#8217;yi boykot kararlar\u0131n\u0131 de\u011ferlendirdi. <!--more--><\/p>\n<p style=\"text-align: justify;\">Emine Ayna &#8216;Talep edilme&#8217; ile &#8216;ilan&#8217; aras\u0131nda b\u00fcy\u00fck fark bulundu\u011funu anlat\u0131rken, &#8220;Talep etti\u011finiz zaman; bu tart\u0131\u015f\u0131labilir bir \u015feydir. \u0130lan etti\u011finizde ise, bu art\u0131k tart\u0131\u015f\u0131lma ihtimalinin olmamas\u0131 anlam\u0131na gelir. Tart\u0131\u015fma ihtimali olsa oturulur tart\u0131\u015f\u0131l\u0131r&#8221; dedi. Haz\u0131rl\u0131klar\u0131 s\u00fcren, 2012&#8217;ye kadar tamamlanaca\u011f\u0131n\u0131 savundu\u011fu yeni anayasa tasla\u011f\u0131nda K\u00fcrtler&#8217;in siyasi stat\u00fcye sahip olamayaca\u011f\u0131n\u0131n a\u00e7\u0131k\u00e7a belli oldu\u011funu, ana dil ba\u015fta olmak \u00fczere haklar\u0131n\u0131n tan\u0131nmayaca\u011f\u0131n\u0131 iddia eden Emine Ayna, BDP&#8217;nin ge\u00e7en hafta Diyarbak\u0131r&#8217;da ilan etti\u011fi &#8216;Demokratik \u00d6zerklik&#8217; ile ilgili \u015f\u00f6yle dedi:<\/p>\n<p style=\"text-align: justify;\">&#8220;Bunun anlam\u0131; &#8216;Ben senden art\u0131k talep etmiyorum. Ben yap\u0131yorum, sana d\u00fc\u015fen beni tan\u0131makt\u0131r.&#8217; \u015eunun anla\u015f\u0131lmas\u0131 gerekiyor. K\u00fcrtler birey de\u011fil, bir halkt\u0131r. Do\u011fal olarak kolektif \u00f6zellikleri vard\u0131r. K\u00fcrtl\u00fck; o toplulu\u011fun ortak tan\u0131m\u0131d\u0131r. O tan\u0131ma sahip olanlar\u0131n \u00f6zellikleri vard\u0131r. Bunlardan biri dildir, di\u011feri ya\u015fad\u0131\u011f\u0131 topraklard\u0131r. Ya\u015fad\u0131\u011f\u0131 topraklardaki kaynaklar hakk\u0131nda s\u00f6z s\u00f6yleme sahibi olmal\u0131d\u0131r. Bunun g\u00f6r\u00fclmesi gerekiyor. Bunun y\u00f6ntemi tarz\u0131 ortak belirlenebilir. Sonu\u00e7ta bu kolektif haklara di\u011fer kolektif haklar nas\u0131l sahipse K\u00fcrtler de sahiptir. Bug\u00fcne kadar kullanmalar\u0131na izin verilmemi\u015ftir. \u015eimdi de K\u00fcrtler diyor ki; Ben senin iznini beklemeyece\u011fim. \u0130znini de istemiyorum, bu benim hakk\u0131md\u0131r, kullan\u0131yorum. Yap\u0131lan budur. &#8216;Demokratik \u00f6zerklik ilan\u0131 ile bu benim hakk\u0131md\u0131r. Ben hakk\u0131m\u0131 kullan\u0131yorum&#8217; diyor.&#8221;<\/p>\n<p style=\"text-align: justify;\">Emine Ayna ilan ettikleri &#8216;Demokratik \u00d6zerklik&#8217; tan\u0131m\u0131 i\u00e7erisinde siyasal stat\u00fcn\u00fcn bulunmad\u0131\u011f\u0131n\u0131, siyasal bir tan\u0131mdan s\u00f6z ettiklerini belirtirken, \u015f\u00f6yle devam etti:<\/p>\n<p style=\"text-align: justify;\">&#8220;K\u00fclt\u00fcrel haklar vs. bunlar tart\u0131\u015f\u0131labilir belki. Siyasal talep; siyasal bir stat\u00fcd\u00fcr. Ben o y\u00fczden &#8216;\u00c7\u0131ta dememek laz\u0131m&#8217; diyorum. Ba\u011f\u0131ms\u0131zl\u0131\u011f\u0131n\u0131z\u0131 ilan edersiniz de \u00e7\u0131ta oradad\u0131r. O gelir federasyonu, \u00f6zerkli\u011fi tart\u0131\u015f\u0131rs\u0131n\u0131z. Bunun gerisinde bir siyasi stat\u00fc yok. Yap\u0131lan \u015fey, kabul edilebilir, e\u015fit de\u011fil; e\u015fite en yak\u0131n; T\u00fcrkiye s\u0131n\u0131rlar\u0131 i\u00e7erisinde \u00f6zg\u00fcr ve g\u00f6n\u00fcll\u00fc birlikteli\u011fin temelidir. E\u015fit, \u00f6zg\u00fcr, g\u00f6n\u00fcll\u00fc birliktelik. Bu m\u00fczakere masas\u0131na da gelebilir, konu\u015fulabilir, konu\u015fulmal\u0131d\u0131r da. Bu noktadan sonra konu\u015fulabilecek \u015fey, demokratik \u00f6zerklik nas\u0131l i\u015fleyecek.&#8221;<\/p>\n<p style=\"text-align: justify;\">Emine Ayna, DTP&#8217;ye ge\u00e7en milletvekillerinin TBMM&#8217;yi boykotu ve \u2018Demokratik \u00d6zerklik&#8217; ilan\u0131n\u0131n birle\u015fmesi \u00fczerine kafa kar\u0131\u015f\u0131kl\u0131klar\u0131n\u0131n derinle\u015fti\u011fini, &#8216;Acaba Ankara bitti mi?&#8217; denildi\u011fini anlat\u0131rken \u015f\u00f6yle konu\u015ftu:<\/p>\n<p style=\"text-align: justify;\"><strong>&#8220;Demokratik \u00f6zerklik kopu\u015f de\u011fil&#8221;<\/strong><\/p>\n<p style=\"text-align: justify;\">&#8220;Demokratik \u00d6zerklik&#8217; projesini ilk tart\u0131\u015fmaya ba\u015flad\u0131\u011f\u0131m\u0131zda 2007&#8217;de bunu dosya haline getirip, yaz\u0131ya d\u00f6kt\u00fck, t\u00fcm ayd\u0131nlarla belli olgunlu\u015fma d\u00f6nemine getirdik, ard\u0131ndan DTP t\u00fcz\u00fc\u011f\u00fcne ta\u015f\u0131d\u0131k. Demokratik \u00d6zerklik alt ba\u015fl\u0131klar\u0131 ile \u00f6rnek model olarak yer verdik. Ankara&#8217;dan ba\u011f\u0131ms\u0131z d\u00fc\u015f\u00fcn\u00fcyor olsayd\u0131k, bunu Ankara&#8217;da tart\u0131\u015fmazd\u0131k. Demokratik \u00f6zerklik bir kopu\u015f, ipleri koparma, yol ayr\u0131m\u0131 de\u011fil. E\u015fite en yak\u0131n \u00f6zg\u00fcr ve g\u00f6n\u00fcll\u00fc birlikteliktir. Yapt\u0131\u011f\u0131m\u0131z budur. Hem demokratik kolektifleri hayata ge\u00e7irebilece\u011fimiz, hem de di\u011fer halklarla ayn\u0131 \u00fclke i\u00e7inde birlikte ya\u015fam olana\u011f\u0131 yaratmakt\u0131r. Bu T\u00fcrkiye&#8217;nin ciddi bir demokratikle\u015fme hareketidir de. Ankara&#8217;dan kopu\u015f de\u011fil, Ankara&#8217;n\u0131n y\u00fck\u00fcn\u00fc hafifletmeyi hedefleyen bir \u015feydir. Meclis&#8217;i protesto etmemizle hi\u00e7bir ilgisi yoktur. Bizim Meclis&#8217;e ili\u015fkin yakla\u015f\u0131m\u0131m\u0131z sadece Hatip Dicle veya di\u011fer 5 tutuklu arkada\u015f\u0131m\u0131zla da ilgili de\u011fildir. Belediye ba\u015fkanlar\u0131, il genel meclisi, belediye meclisi \u00fcyeleri dahil tutuklu 3 binin \u00fczerinde arkada\u015f\u0131m\u0131z var. Biz demokratik anlamda siyaset yapmay\u0131 hedefliyoruz. Ter\u00f6rle M\u00fccadele Yasas\u0131, T\u00fcrk Ceza Yasas\u0131&#8217;ndaki maddeleri \u00f6n\u00fcm\u00fcze koyarak demokratik politika yapmam\u0131z\u0131 engelliyorsunuz. Bu Meclis&#8217;in art\u0131k bu iradeyi g\u00f6stermeyi g\u00f6stermesi gerek. Anayasay\u0131 b\u0131rak \u00f6nce bunu de\u011fi\u015ftir. Dicle&#8217;ye millletvekilli\u011fi verilir mi verilmez mi bu ba\u011f\u0131ms\u0131z bir konu. Hele \u00f6nce bunlar\u0131 de\u011fi\u015ftir. Bunlar\u0131 de\u011fi\u015ftirmezsen rol\u00fcm\u00fcz\u00fc milletvekili olarak oynayamayaca\u011f\u0131z, d\u00fc\u015f\u00fcncelerimizi ifade edemeyecek, \u00f6rg\u00fctleyemeyece\u011fiz demektir.&#8221;<\/p>\n<p style=\"text-align: justify;\"><a href=\"http:\/\/www.cnnturk.com\/2011\/turkiye\/07\/18\/ayna.demokratik.ozerkli.hakkimiz.izin.beklemeyiz\/623266.0\/index.html\" target=\"_blank\">Kaynak : CNN T\u00dcRK<\/a><\/p>\n","protected":false},"excerpt":{"rendered":"<p style=\"text-align: center;\">\n<p style=\"text-align: justify;\">Diyarbak\u0131r&#8217;da ba\u011f\u0131ms\u0131z milletvekili se\u00e7ildikten sonra BDP&#8217;ye ge\u00e7en Emine Ayna, ilan ettikleri &#8216;Demokratik \u00d6zerklik&#8217;in tart\u0131\u015f\u0131lma ihtimali olmad\u0131\u011f\u0131n\u0131, K\u00fcrtler&#8217;in &#8220;Art\u0131k senden talep etmiyorum. Ben yap\u0131yorum. Sana d\u00fc\u015fen; beni tan\u0131makt\u0131r&#8221; dedi\u011fini; ancak bunun Ankara ile ipleri koparma anlam\u0131 ta\u015f\u0131mad\u0131\u011f\u0131n\u0131 savundu.<\/p>\n<p style=\"text-align: justify;\">Uydu arac\u0131l\u0131\u011f\u0131 ile PKK \u00e7izgisinde yay\u0131n yapan Roj TV&#8217;nin d\u00fcn ak\u015fam <\/p>\n","protected":false},"author":1,"featured_media":0,"comment_status":"open","ping_status":"open","sticky":false,"template":"","format":"standard","meta":{"footnotes":""},"categories":[105],"tags":[],"class_list":["post-37008","post","type-post","status-publish","format-standard","hentry","category-gundem","odd"],"_links":{"self":[{"href":"http:\/\/www.korhanyilmaz.com\/index.php?rest_route=\/wp\/v2\/posts\/37008","targetHints":{"allow":["GET"]}}],"collection":[{"href":"http:\/\/www.korhanyilmaz.com\/index.php?rest_route=\/wp\/v2\/posts"}],"about":[{"href":"http:\/\/www.korhanyilmaz.com\/index.php?rest_route=\/wp\/v2\/types\/post"}],"author":[{"embeddable":true,"href":"http:\/\/www.korhanyilmaz.com\/index.php?rest_route=\/wp\/v2\/users\/1"}],"replies":[{"embeddable":true,"href":"http:\/\/www.korhanyilmaz.com\/index.php?rest_route=%2Fwp%2Fv2%2Fcomments&post=37008"}],"version-history":[{"count":0,"href":"http:\/\/www.korhanyilmaz.com\/index.php?rest_route=\/wp\/v2\/posts\/37008\/revisions"}],"wp:attachment":[{"href":"http:\/\/www.korhanyilmaz.com\/index.php?rest_route=%2Fwp%2Fv2%2Fmedia&parent=37008"}],"wp:term":[{"taxonomy":"category","embeddable":true,"href":"http:\/\/www.korhanyilmaz.com\/index.php?rest_route=%2Fwp%2Fv2%2Fcategories&post=37008"},{"taxonomy":"post_tag","embeddable":true,"href":"http:\/\/www.korhanyilmaz.com\/index.php?rest_route=%2Fwp%2Fv2%2Ftags&post=37008"}],"curies":[{"name":"wp","href":"https:\/\/api.w.org\/{rel}","templated":true}]}}