{"id":36991,"date":"2011-07-18T09:45:30","date_gmt":"2011-07-18T06:45:30","guid":{"rendered":"http:\/\/www.korhanyilmaz.com\/?p=36991"},"modified":"2011-07-18T10:43:10","modified_gmt":"2011-07-18T07:43:10","slug":"dehsetin-ayrintisi-otopsi-raporunda","status":"publish","type":"post","link":"http:\/\/www.korhanyilmaz.com\/?p=36991","title":{"rendered":"Deh\u015fetin ayr\u0131nt\u0131s\u0131 otopsi raporunda"},"content":{"rendered":"<p style=\"text-align: justify;\"><a href=\"http:\/\/www.korhanyilmaz.com\/wp-content\/uploads\/2011\/07\/1658.jpg\"  class=\"lightview\"><img loading=\"lazy\" decoding=\"async\" class=\"aligncenter size-full wp-image-36992\" title=\"\" src=\"http:\/\/www.korhanyilmaz.com\/wp-content\/uploads\/2011\/07\/1658.jpg\" alt=\"\" width=\"320\" height=\"100\" \/><\/a><\/p>\n<p style=\"text-align: justify;\">13 askerin \u015fehit edildi\u011fi sald\u0131r\u0131y\u0131 Genelkurmay ve \u00f6zel yetkili savc\u0131l\u0131k soru\u015ftururken, \u00f6n otopsi raporunda deh\u015fet veren ayr\u0131nt\u0131lar yer ald\u0131: Askerlerin 4\u2019\u00fc ba\u015flar\u0131ndan, 2\u2019si g\u00f6zlerinden 7\u2019si de boyun, s\u0131rt ve g\u00f6\u011f\u00fcslerinden vurularak \u015fehit olmu\u015f.<\/p>\n<p style=\"text-align: justify;\">Diyarbak\u0131r\u2019\u0131n Silvan il\u00e7esi ne ba\u011fl\u0131 Bayramba\u015f\u0131 beldesi Dolapdere k\u00f6y\u00fc nde 14 Temmuz per\u015fembe g\u00fcn\u00fc 13 askerin \u015fehit d\u00fc\u015ft\u00fc\u011f\u00fc ve 7 PKK\u2019l\u0131 ter\u00f6ristin \u00f6ld\u00fcr\u00fcld\u00fc\u011f\u00fc sald\u0131r\u0131yla ilgili olarak Genelkurmay Ba\u015fkanl\u0131\u011f\u0131\u2019n\u0131n ba\u015flatt\u0131\u011f\u0131 idari soru\u015fturma s\u00fcr\u00fcyor. Diyarbak\u0131r \u00d6zel Yetkili Cumhuriyet Ba\u015fsavc\u0131l\u0131\u011f\u0131 da sald\u0131r\u0131yla ilgili ba\u015flatt\u0131\u011f\u0131 adli soru\u015fturma kapsam\u0131nda, olay\u0131n nas\u0131l meydana geldi\u011fini ara\u015ft\u0131r\u0131yor. Bu kapsamda yap\u0131lan \u00f6l\u00fc muayenelerinde hem askerlerin hem de PKK\u2019l\u0131lar\u0131n bedeninden silah mermileri \u00e7\u0131kt\u0131. <!--more--><\/p>\n<p style=\"text-align: justify;\">\u00d6l\u00fcmlerin mermilerden mi yoksa yanmadan m\u0131 kaynakland\u0131\u011f\u0131 ise kesin otopsi raporu ile anla\u015f\u0131lacak.<\/p>\n<p style=\"text-align: justify;\"><strong>Bu ayr\u0131nt\u0131lar ara\u015ft\u0131r\u0131lacak<\/strong><\/p>\n<p style=\"text-align: justify;\">Milliyet&#8217;ten G\u00f6k\u00e7er Tahincio\u011flu&#8217;nun haberine g\u00f6re, Genelkurmay Ba\u015fkanl\u0131\u011f\u0131\u2019n\u0131n ba\u015flatt\u0131\u011f\u0131 idari soru\u015fturma kapsam\u0131nda, ter\u00f6r \u00f6rg\u00fct\u00fc taraf\u0131ndan ka\u00e7\u0131r\u0131lan 3 ki\u015fiyi arayan birli\u011fin ka\u00e7 g\u00fcnd\u00fcr arazide bulundu\u011fu, askerlerde ola\u011fand\u0131\u015f\u0131 bir yorgunlu\u011fa yol a\u00e7acak farkl\u0131 bir geli\u015fme ya\u015fan\u0131p ya\u015fanmad\u0131\u011f\u0131, \u00e7at\u0131\u015fma esnas\u0131nda komuta zaafiyeti bulunup bulunmad\u0131\u011f\u0131, b\u00f6lgede g\u00f6revli u\u00e7ak ve helikopterlerin \u00e7at\u0131\u015fma devam ederken hangi koordinatlarda bulunduklar\u0131, \u00e7evredeki birliklerin yard\u0131ma gelip gelmedikleri, gelme imkanlar\u0131n\u0131n bulunup bulunmad\u0131\u011f\u0131 gibi t\u00fcm unsurlar geni\u015f bi\u00e7imde ara\u015ft\u0131r\u0131lacak.<\/p>\n<p style=\"text-align: justify;\">Bu kapsamda, \u00e7at\u0131\u015fmada yaralanan ya da yara almadan kurtulan askerlerin ve komutanlar\u0131n ifadelerine de ba\u015fvurulabilecek. \u015eehit d\u00fc\u015fen askerlerin otopsi raporlar\u0131 ve sald\u0131r\u0131ya u\u011frayan birli\u011fin komutanlar\u0131nca haz\u0131rlanan raporlar incelenecek. Olay an\u0131na ili\u015fkin tutanaklar incelemeye al\u0131nacak. Savc\u0131l\u0131ktan gelecek raporlar da incelendikten sonra idari soru\u015fturma tamamlanarak, askeri bir zaaf bulunup bulunmad\u0131\u011f\u0131 ortaya konulacak.<\/p>\n<p style=\"text-align: justify;\"><strong>4\u2019\u00fc ba\u015f\u0131ndan vuruldu<\/strong><\/p>\n<p style=\"text-align: justify;\">Diyarbak\u0131r \u00d6zel Yetkili Ba\u015fsavc\u0131vekilli\u011fi\u2019nin olayla ilgili ba\u015flatt\u0131\u011f\u0131 adli soru\u015fturma da devam ediyor. Al\u0131nan bilgiye g\u00f6re, savc\u0131l\u0131\u011fa, olaydan sonra haz\u0131rlanan \u00f6l\u00fc muayene tutanaklar\u0131 g\u00f6nderildi. Tutanaklar, yang\u0131n nedeniyle \u015fehit d\u00fc\u015ft\u00fc\u011f\u00fc s\u00f6ylenen t\u00fcm askerlerde kur\u015fun yaralanmalar\u0131 bulundu\u011funu ortaya koydu.<\/p>\n<p style=\"text-align: justify;\">Savc\u0131l\u0131k kaynaklar\u0131, 4 \u015fehidin ba\u015f\u0131ndan vurulduklar\u0131n\u0131 ve kafataslar\u0131n\u0131n par\u00e7alanmas\u0131 sonucu beyin harabiyeti ya\u015fad\u0131klar\u0131n\u0131 bildirdi. \u015eehitlerden 2\u2019sinin g\u00f6zlerine, 7\u2019sinin ise boyun, s\u0131rt, g\u00f6\u011f\u00fcs b\u00f6lgelerine kur\u015fun isabet etti\u011fi de belirlendi.<\/p>\n<p style=\"text-align: justify;\">\u015eehitlerin v\u00fccudundan \u00e7\u0131kan mermi \u00e7ekirdekleri incelenmek \u00fczere kriminal laboratuvar\u0131na g\u00f6nderilirken, uzmanlar, \u00e7ekirdeklerin kale\u015fnikof ve uzun menzilli suikast silahlar\u0131na ait oldu\u011funu tahmin ettiklerini bildirdi.<\/p>\n<p style=\"text-align: justify;\"><strong>Mesafe de belirlenecek<\/strong><\/p>\n<p style=\"text-align: justify;\">Ancak inceleme, bununla sona ermeyecek. Kesin otopsi raporu, v\u00fccudundan mermi \u00e7ekirde\u011fi \u00e7\u0131kmas\u0131na ra\u011fmen, v\u00fccutlar\u0131nda birinci derecede yan\u0131k bulunan askerlerin, hangi nedenle ya\u015fam\u0131n\u0131 yitirdi\u011fini de ortaya koyacak. Askerlerin \u015fehit d\u00fc\u015ft\u00fckten sonra m\u0131 yand\u0131klar\u0131, yoksa yaral\u0131yken yanarak m\u0131 \u015fehit d\u00fc\u015ft\u00fckleri bu incelemeler sonunda ortaya \u00e7\u0131kacak. Askerlerin bir b\u00f6l\u00fcm\u00fcn\u00fcn v\u00fccudunda birinci derecede yan\u0131k bulunmas\u0131, bir b\u00f6l\u00fcm\u00fcn\u00fcn v\u00fccudunun ise dumandan dolay\u0131 siyahla\u015fmas\u0131, bu incelemeyi zorunlu k\u0131l\u0131yor.<\/p>\n<p style=\"text-align: justify;\">Adli soru\u015fturma kapsam\u0131nda, telsiz kay\u0131tlar\u0131 da incelenecek ve b\u00f6lgedeki ter\u00f6r \u00f6rg\u00fct\u00fc mensuplar\u0131 ile bunlara komuta edenler belirlenmeye \u00e7al\u0131\u015f\u0131lacak. B\u00f6lgedeki t\u00fcm soru\u015fturmalar\u0131 y\u00fcr\u00fctmesi nedeniyle, ter\u00f6r \u00f6rg\u00fct\u00fcn\u00fcn komuta kademesini tan\u0131yan savc\u0131l\u0131\u011f\u0131n, sald\u0131r\u0131 emrini kimin verdi\u011fi, sald\u0131r\u0131y\u0131 d\u00fczenleyen gruba kimin komuta etti\u011fi gibi \u00f6nemli bilgilere ula\u015ft\u0131\u011f\u0131 ancak bu bilgilerin do\u011frulanmas\u0131 \u00fczerinde \u00e7al\u0131\u015ft\u0131\u011f\u0131 da ifade ediliyor.<\/p>\n<p style=\"text-align: justify;\"><strong>PKK\u2019l\u0131lar da kur\u015fun<\/strong><\/p>\n<p style=\"text-align: justify;\">\u00c7at\u0131\u015fma s\u0131ras\u0131nda \u00f6len ve cesetleri morga getirilen 2 PKK\u2019l\u0131n\u0131n v\u00fccutlar\u0131ndan da tamamen yanm\u0131\u015f olmalar\u0131na ra\u011fmen kur\u015fun \u00e7ekirde\u011fi \u00e7\u0131kt\u0131\u011f\u0131 \u00f6\u011frenildi. Bu nedenle, \u00f6l\u00fcm nedeni konusunda benzer bir inceleme PKK\u2019l\u0131lar i\u00e7in de yap\u0131lacak.<\/p>\n<p style=\"text-align: justify;\">PKK\u2019l\u0131lardan al\u0131nan parmak izi \u00f6rnekleri ile \u00f6len iki ter\u00f6ristin \u00f6nceki sald\u0131r\u0131lara kat\u0131l\u0131p kat\u0131lmad\u0131klar\u0131 saptanmaya \u00e7al\u0131\u015f\u0131lacak.<\/p>\n<p style=\"text-align: justify;\"><a href=\"http:\/\/haber.gazetevatan.com\/dehsetin-ayrintisi-otopsi-raporunda\/389159\/1\/Gundem\" target=\"_blank\">Kaynak : VATAN Gazetesi<\/a><\/p>\n","protected":false},"excerpt":{"rendered":"<p style=\"text-align: justify;\">\n<p style=\"text-align: justify;\">13 askerin \u015fehit edildi\u011fi sald\u0131r\u0131y\u0131 Genelkurmay ve \u00f6zel yetkili savc\u0131l\u0131k soru\u015ftururken, \u00f6n otopsi raporunda deh\u015fet veren ayr\u0131nt\u0131lar yer ald\u0131: Askerlerin 4\u2019\u00fc ba\u015flar\u0131ndan, 2\u2019si g\u00f6zlerinden 7\u2019si de boyun, s\u0131rt ve g\u00f6\u011f\u00fcslerinden vurularak \u015fehit olmu\u015f.<\/p>\n<p style=\"text-align: justify;\">Diyarbak\u0131r\u2019\u0131n Silvan il\u00e7esi ne ba\u011fl\u0131 Bayramba\u015f\u0131 beldesi Dolapdere k\u00f6y\u00fc nde 14 Temmuz per\u015fembe g\u00fcn\u00fc 13 <\/p>\n","protected":false},"author":1,"featured_media":0,"comment_status":"open","ping_status":"open","sticky":false,"template":"","format":"standard","meta":{"footnotes":""},"categories":[105],"tags":[],"class_list":["post-36991","post","type-post","status-publish","format-standard","hentry","category-gundem","odd"],"_links":{"self":[{"href":"http:\/\/www.korhanyilmaz.com\/index.php?rest_route=\/wp\/v2\/posts\/36991","targetHints":{"allow":["GET"]}}],"collection":[{"href":"http:\/\/www.korhanyilmaz.com\/index.php?rest_route=\/wp\/v2\/posts"}],"about":[{"href":"http:\/\/www.korhanyilmaz.com\/index.php?rest_route=\/wp\/v2\/types\/post"}],"author":[{"embeddable":true,"href":"http:\/\/www.korhanyilmaz.com\/index.php?rest_route=\/wp\/v2\/users\/1"}],"replies":[{"embeddable":true,"href":"http:\/\/www.korhanyilmaz.com\/index.php?rest_route=%2Fwp%2Fv2%2Fcomments&post=36991"}],"version-history":[{"count":0,"href":"http:\/\/www.korhanyilmaz.com\/index.php?rest_route=\/wp\/v2\/posts\/36991\/revisions"}],"wp:attachment":[{"href":"http:\/\/www.korhanyilmaz.com\/index.php?rest_route=%2Fwp%2Fv2%2Fmedia&parent=36991"}],"wp:term":[{"taxonomy":"category","embeddable":true,"href":"http:\/\/www.korhanyilmaz.com\/index.php?rest_route=%2Fwp%2Fv2%2Fcategories&post=36991"},{"taxonomy":"post_tag","embeddable":true,"href":"http:\/\/www.korhanyilmaz.com\/index.php?rest_route=%2Fwp%2Fv2%2Ftags&post=36991"}],"curies":[{"name":"wp","href":"https:\/\/api.w.org\/{rel}","templated":true}]}}