{"id":36987,"date":"2011-07-18T07:49:03","date_gmt":"2011-07-18T04:49:03","guid":{"rendered":"http:\/\/www.korhanyilmaz.com\/?p=36987"},"modified":"2011-07-18T10:38:18","modified_gmt":"2011-07-18T07:38:18","slug":"burokrasi-tedirgin-bakanin-esas-yardimcisi-kim-olacak","status":"publish","type":"post","link":"http:\/\/www.korhanyilmaz.com\/?p=36987","title":{"rendered":"B\u00fcrokrasi tedirgin: Bakan\u0131n esas yard\u0131mc\u0131s\u0131 kim olacak?"},"content":{"rendered":"<p style=\"text-align: center;\"><a href=\"http:\/\/www.korhanyilmaz.com\/wp-content\/uploads\/2011\/07\/1657.jpeg\"  class=\"lightview\"><img loading=\"lazy\" decoding=\"async\" class=\"aligncenter size-full wp-image-36988\" src=\"http:\/\/www.korhanyilmaz.com\/wp-content\/uploads\/2011\/07\/1657.jpeg\" alt=\"\" width=\"384\" height=\"254\" \/><\/a><\/p>\n<p style=\"text-align: justify;\">Yeni olu\u015fturulan bakan yard\u0131mc\u0131l\u0131\u011f\u0131 konusunda bakanlar\u0131n kafas\u0131 kar\u0131\u015f\u0131k. M\u00fcste\u015farlar da yetki ve imza kayg\u0131s\u0131 ya\u015f\u0131yor.<\/p>\n<p style=\"text-align: justify;\">T\u00fcrkiye 3 Haziran\u2019da yay\u0131mlanan kanun h\u00fckm\u00fcnde kararnameyle (KHK) \u2018bakan yard\u0131mc\u0131l\u0131\u011f\u0131\u2019 kavram\u0131yla tan\u0131\u015ft\u0131. Bu makamlar\u0131 kimlerin dolduraca\u011f\u0131 hen\u00fcz belli olmad\u0131 ama b\u00fcrokraside ve bakanlardaki kafa kar\u0131\u015f\u0131kl\u0131\u011f\u0131, uygulaman\u0131n \u2018sanc\u0131l\u0131\u2019 bir do\u011fum s\u00fcrecinde oldu\u011funu g\u00f6sterdi. <!--more--><\/p>\n<p style=\"text-align: justify;\">Kararnamede bakana ba\u011fl\u0131 olarak bakana ve bakanl\u0131\u011fa verilen g\u00f6revlerin yerine getirilmesinde bakana yard\u0131mc\u0131 olmak \u00fczere bakan yard\u0131mc\u0131s\u0131n\u0131n atanabilece\u011fi ifadesi var. Bakana kar\u015f\u0131 sorumlu olacak bakan yard\u0131mc\u0131lar\u0131, h\u00fck\u00fcmetin g\u00f6rev s\u00fcresiyle s\u0131n\u0131rl\u0131 olarak g\u00f6rev yapacak. Yakla\u015f\u0131k 10 bin lira maa\u015f \u00f6denmesi \u00f6ng\u00f6r\u00fclen bakan yard\u0131mc\u0131lar\u0131 gerekti\u011finde h\u00fck\u00fcmetin s\u00fcresi dolmadan da g\u00f6revden al\u0131nabilecek.<\/p>\n<p style=\"text-align: justify;\"><strong>G\u00f6rev \u00e7at\u0131\u015fmas\u0131 yolda<\/strong><\/p>\n<p style=\"text-align: justify;\">20 bakanl\u0131kta bakan yard\u0131mc\u0131l\u0131\u011f\u0131 olacak. Bakanl\u0131klar\u0131n te\u015fkilat y\u00f6netmeliklerinde \u2018m\u00fcste\u015farl\u0131k\u2019 g\u00f6revi tan\u0131mlan\u0131rken de \u00f6zetle \u201cM\u00fcste\u015far, bakan\u0131n emrinde ve onun yard\u0131mc\u0131s\u0131 olup, bakanl\u0131k hizmetlerini bakan ad\u0131na ve bakan\u0131n direktif ve emirleri y\u00f6n\u00fcnde, bakanl\u0131\u011f\u0131n ama\u00e7 ve politikalar\u0131na, kalk\u0131nma planlar\u0131na ve y\u0131ll\u0131k programlara, mevzuat h\u00fck\u00fcmlerine uygun olarak d\u00fczenler ve y\u00fcr\u00fct\u00fcr\u201d deniliyor. Bu durum da bakan yard\u0131mc\u0131lar\u0131 ile m\u00fcste\u015farlar aras\u0131nda muhtemel bir g\u00f6rev \u00e7at\u0131\u015fmas\u0131n\u0131n gerek\u00e7esi olarak g\u00f6steriliyor. \u00c7ok kritik bir bakanl\u0131\u011f\u0131n m\u00fcste\u015far\u0131, bakan ile bu konuda yapt\u0131\u011f\u0131 g\u00f6r\u00fc\u015fmede \u201cKritik bir d\u00f6nemden ge\u00e7iyoruz, sizinle do\u011frudan diyalo\u011fumuz \u00f6nemli. Aram\u0131zda imza yetkisi olan \u00fc\u00e7\u00fcnc\u00fc bir ki\u015finin olmas\u0131 \u00e7al\u0131\u015fmalar\u0131m\u0131z\u0131 aksat\u0131r\u201d diyerek bir bakan yard\u0131mc\u0131s\u0131 ile \u00e7al\u0131\u015fmayaca\u011f\u0131n\u0131n sinyalini verdi. Ba\u015fka bir m\u00fcste\u015far tepkisini \u201cD\u0131\u015far\u0131dan gelen yard\u0131mc\u0131lar\u0131n, bakanl\u0131k stratejilerinin belirlenmesinde s\u00f6z sahibi olmas\u0131 riskli. Bakanlar\u0131n se\u00e7im b\u00f6lgelerinden gelen talepleri takip edeceklerse de bakan dan\u0131\u015fmanlar\u0131 bu i\u015fi zaten yap\u0131yor\u201d s\u00f6zleriyle dile getirdi.<\/p>\n<p style=\"text-align: justify;\"><strong>\u0130mza yetkisinde teredd\u00fct<\/strong><\/p>\n<p style=\"text-align: justify;\">Bir bakan, fikrin Ba\u015fbakanl\u0131k\u2019a, \u00f6zellikle de M\u00fcste\u015far Efgan Ala\u2019ya ait oldu\u011funu s\u00f6yledi. H\u00fck\u00fcmetteki genel g\u00f6r\u00fcnt\u00fc bakanlar\u0131n yard\u0131mc\u0131lar\u0131n\u0131 \u00f6nerebilece\u011fi, ama son karar\u0131 Ba\u015fbakan\u2019\u0131n verece\u011fi y\u00f6n\u00fcnde. Eski AKP milletvekilleri bakan yard\u0131mc\u0131s\u0131 olabilmek i\u00e7in Ba\u015fbakanl\u0131k kulislerini bo\u015f b\u0131rakm\u0131yor. Yard\u0131mc\u0131lar\u0131n imza yetkisi olup olmayaca\u011f\u0131na bakanlar\u0131n karar verece\u011fi a\u00e7\u0131klanm\u0131\u015ft\u0131. Bakanlar, kendi se\u00e7medikleri isimlere imza yetkisinde teredd\u00fct duyabilir.<\/p>\n<p style=\"text-align: justify;\">Cumhurba\u015fkan\u0131 Abdullah G\u00fcl de bakan yard\u0131mc\u0131l\u0131\u011f\u0131 konusunda titiz davranmak gerekti\u011finin alt\u0131n\u0131 \u00e7izerek, \u201cYoksa arzu edilenin d\u0131\u015f\u0131nda netice verir. Devletin y\u00fck\u00fcn\u00fc \u00e7eken b\u00fcrokrasi her bakanl\u0131kta \u00e7ok \u00f6nemli\u201d uyar\u0131s\u0131nda bulunmu\u015ftu.<\/p>\n<p style=\"text-align: justify;\"><strong>En b\u00fcy\u00fck s\u0131k\u0131nt\u0131 iki bakanl\u0131kta<\/strong><\/p>\n<p style=\"text-align: justify;\">Bakan yard\u0131mc\u0131l\u0131\u011f\u0131 a\u00e7\u0131s\u0131ndan m\u00fcste\u015farl\u0131\u011f\u0131n\u0131 bir korgeneralin y\u00fcr\u00fctt\u00fc\u011f\u00fc Savunma Bakanl\u0131\u011f\u0131 en kritik bakanl\u0131klardan biri. Ba\u015fbakan MSB bakan yard\u0131mc\u0131s\u0131n\u0131n sivil olaca\u011f\u0131n\u0131 duyurdu. M\u00fcste\u015far, Genelkurmay ile bakanl\u0131k aras\u0131nda k\u00f6pr\u00fc oldu\u011fundan, bakan yard\u0131mc\u0131s\u0131n\u0131n bu diyalogda nerede konumlanaca\u011f\u0131 net de\u011fil. Yard\u0131mc\u0131n\u0131n Savunma Sanayii M\u00fcste\u015farl\u0131\u011f\u0131 ile \u00e7al\u0131\u015f\u0131p, ticari projelerle ilgilenmesi beklentisi y\u00fcksek. D\u0131\u015fi\u015fleri yetkilileri ise bakanl\u0131\u011f\u0131n \u00e7al\u0131\u015fma usulleri a\u00e7\u0131s\u0131ndan bakan yard\u0131mc\u0131s\u0131n\u0131n imza sirk\u00fclerine bir imza eklemekten \u00f6teye bir anlam ifade etmeyece\u011fi g\u00f6r\u00fc\u015f\u00fcnde.<\/p>\n<p style=\"text-align: justify;\"><a href=\"http:\/\/www.radikal.com.tr\/Radikal.aspx?aType=RadikalDetayV3&amp;ArticleID=1056700&amp;Date=18.07.2011&amp;CategoryID=78\" target=\"_blank\">Kaynak : Radikal.com.tr<\/a><\/p>\n","protected":false},"excerpt":{"rendered":"<p style=\"text-align: center;\">\n<p style=\"text-align: justify;\">Yeni olu\u015fturulan bakan yard\u0131mc\u0131l\u0131\u011f\u0131 konusunda bakanlar\u0131n kafas\u0131 kar\u0131\u015f\u0131k. M\u00fcste\u015farlar da yetki ve imza kayg\u0131s\u0131 ya\u015f\u0131yor.<\/p>\n<p style=\"text-align: justify;\">T\u00fcrkiye 3 Haziran\u2019da yay\u0131mlanan kanun h\u00fckm\u00fcnde kararnameyle (KHK) \u2018bakan yard\u0131mc\u0131l\u0131\u011f\u0131\u2019 kavram\u0131yla tan\u0131\u015ft\u0131. Bu makamlar\u0131 kimlerin dolduraca\u011f\u0131 hen\u00fcz belli olmad\u0131 ama b\u00fcrokraside ve bakanlardaki kafa kar\u0131\u015f\u0131kl\u0131\u011f\u0131, uygulaman\u0131n \u2018sanc\u0131l\u0131\u2019 bir do\u011fum s\u00fcrecinde oldu\u011funu g\u00f6sterdi. <\/p>\n","protected":false},"author":1,"featured_media":0,"comment_status":"open","ping_status":"open","sticky":false,"template":"","format":"standard","meta":{"footnotes":""},"categories":[105],"tags":[],"class_list":["post-36987","post","type-post","status-publish","format-standard","hentry","category-gundem","odd"],"_links":{"self":[{"href":"http:\/\/www.korhanyilmaz.com\/index.php?rest_route=\/wp\/v2\/posts\/36987","targetHints":{"allow":["GET"]}}],"collection":[{"href":"http:\/\/www.korhanyilmaz.com\/index.php?rest_route=\/wp\/v2\/posts"}],"about":[{"href":"http:\/\/www.korhanyilmaz.com\/index.php?rest_route=\/wp\/v2\/types\/post"}],"author":[{"embeddable":true,"href":"http:\/\/www.korhanyilmaz.com\/index.php?rest_route=\/wp\/v2\/users\/1"}],"replies":[{"embeddable":true,"href":"http:\/\/www.korhanyilmaz.com\/index.php?rest_route=%2Fwp%2Fv2%2Fcomments&post=36987"}],"version-history":[{"count":0,"href":"http:\/\/www.korhanyilmaz.com\/index.php?rest_route=\/wp\/v2\/posts\/36987\/revisions"}],"wp:attachment":[{"href":"http:\/\/www.korhanyilmaz.com\/index.php?rest_route=%2Fwp%2Fv2%2Fmedia&parent=36987"}],"wp:term":[{"taxonomy":"category","embeddable":true,"href":"http:\/\/www.korhanyilmaz.com\/index.php?rest_route=%2Fwp%2Fv2%2Fcategories&post=36987"},{"taxonomy":"post_tag","embeddable":true,"href":"http:\/\/www.korhanyilmaz.com\/index.php?rest_route=%2Fwp%2Fv2%2Ftags&post=36987"}],"curies":[{"name":"wp","href":"https:\/\/api.w.org\/{rel}","templated":true}]}}