{"id":36975,"date":"2011-07-18T07:51:11","date_gmt":"2011-07-18T04:51:11","guid":{"rendered":"http:\/\/www.korhanyilmaz.com\/?p=36975"},"modified":"2011-07-18T10:01:53","modified_gmt":"2011-07-18T07:01:53","slug":"tanrikulu-yazdi-chp-dikkate-almadi","status":"publish","type":"post","link":"http:\/\/www.korhanyilmaz.com\/?p=36975","title":{"rendered":"Tanr\u0131kulu yazd\u0131, CHP dikkate almad\u0131"},"content":{"rendered":"<p style=\"text-align: center;\"><a href=\"http:\/\/www.korhanyilmaz.com\/wp-content\/uploads\/2011\/07\/1655.jpeg\"  class=\"lightview\"><img loading=\"lazy\" decoding=\"async\" class=\"aligncenter size-full wp-image-36976\" src=\"http:\/\/www.korhanyilmaz.com\/wp-content\/uploads\/2011\/07\/1655.jpeg\" alt=\"\" width=\"384\" height=\"254\" \/><\/a><\/p>\n<p style=\"text-align: justify;\">CHP&#8217;li Sezgin Tanr\u0131kulu&#8217;nun, herkesi bar\u0131\u015f\u0131n dilini konu\u015fmaya \u00e7a\u011f\u0131rd\u0131\u011f\u0131 a\u00e7\u0131klamas\u0131 Genel Merkez taraf\u0131ndan &#8216;iptal edildi&#8217;.<\/p>\n<p style=\"text-align: justify;\">CHP Genel Ba\u015fkan Yard\u0131mc\u0131s\u0131 Sezgin Tanr\u0131kulu, Diyarbak\u0131r Silvan\u2019da PKK\u2019l\u0131larla girdikleri silahl\u0131 \u00e7at\u0131\u015fmada \u015fehit d\u00fc\u015fen 13 askerin arkas\u0131ndan anlaml\u0131 bir \u00e7a\u011fr\u0131da bulundu. \u201cBar\u0131\u015f\u0131n dilini kullanmak boynumuzun borcu\u201d diyen Tanr\u0131kulu, \u201c\u00c7at\u0131\u015fmayla i\u00e7 i\u00e7e ya\u015fad\u0131\u011f\u0131m\u0131z neredeyse 30. y\u0131la giriyoruz. Ancak, \u00e7at\u0131\u015fmalarda \u00f6lenlerin \u00e7o\u011fu, 30 ya\u015f\u0131n\u0131 g\u00f6rmedi bile. Sadece \u00e7at\u0131\u015fmay\u0131 g\u00f6rerek b\u00fcy\u00fcyen, \u00e7at\u0131\u015fmaktan ba\u015fka bir alternatifi hayaline dahi getiremeyen, ancak neden \u00e7at\u0131\u015f\u0131ld\u0131\u011f\u0131n\u0131 da bilemeyen, \u00e7at\u0131\u015fmaya s\u00fcr\u00fckleyen sebeplerden habersiz nesiller yeti\u015ftiriyoruz. Gelecek ku\u015faklara miras\u0131m\u0131z bu olmamal\u0131\u201d mesaj\u0131 verdi. <!--more--><\/p>\n<p style=\"text-align: justify;\"><strong>\u2018\u0130ptal edildi, dikkate alma\u2019<\/strong><\/p>\n<p style=\"text-align: justify;\">Sezgin Tanr\u0131kulu a\u00e7\u0131klamas\u0131n\u0131 \u00f6nceki g\u00fcn CHP Genel Merkezi\u2019nin ileti\u015fim sistemi \u00fczerinden yaz\u0131l\u0131 olarak yapt\u0131. Ancak Tanr\u0131kulu\u2019nun yaz\u0131s\u0131, g\u00f6nderildikten 20 dakika sonra, genel merkez taraf\u0131ndan, \u201cK\u0131sa s\u00fcre \u00f6nce bu mailden Sezgin Tanr\u0131kulu ad\u0131na yollanan mail iptal edilmi\u015ftir. L\u00fctfen dikkate almay\u0131n\u201d uyar\u0131s\u0131yla geri \u00e7ekildi. Tanr\u0131kulu, yaz\u0131s\u0131n\u0131n neden geri \u00e7ekildi\u011fine ili\u015fkin bilgisi olmad\u0131\u011f\u0131n\u0131, nedenini \u00f6\u011frenmek i\u00e7in CHP Genel Ba\u015fkan\u0131 Kemal K\u0131l\u0131\u00e7daro\u011flu ile g\u00f6r\u00fc\u015fece\u011fini belirtti. Tanr\u0131kulu\u2019nun yaz\u0131s\u0131 \u015f\u00f6yle:<\/p>\n<p style=\"text-align: justify;\"><strong>\u201cBug\u00fcnler t\u00fcm toplum i\u00e7in yas g\u00fcnleri.<\/strong><\/p>\n<p style=\"text-align: justify;\">\u00c7at\u0131\u015fmayla i\u00e7 i\u00e7e ya\u015fad\u0131\u011f\u0131m\u0131z neredeyse 30. y\u0131la giriyoruz. Ancak, \u00e7at\u0131\u015fmalarda \u00f6lenlerin \u00e7o\u011fu, 30 ya\u015f\u0131n\u0131 g\u00f6rmedi bile.<\/p>\n<p style=\"text-align: justify;\">Sadece \u00e7at\u0131\u015fmay\u0131 g\u00f6rerek b\u00fcy\u00fcyen, \u00e7at\u0131\u015fmaktan ba\u015fka bir alternatifi hayaline dahi getiremeyen, ancak neden \u00e7at\u0131\u015f\u0131ld\u0131\u011f\u0131n\u0131 da bilemeyen, \u00e7at\u0131\u015fmaya s\u00fcr\u00fckleyen sebeplerden habersiz nesiller yeti\u015ftiriyoruz. Gelecek ku\u015faklara miras\u0131m\u0131z bu olmamal\u0131.<\/p>\n<p style=\"text-align: justify;\">Yak\u0131p y\u0131kmak ve \u00f6ld\u00fcrmekle, \u00e7eyrek y\u00fczy\u0131l\u0131 a\u015fk\u0131n zaman ge\u00e7irdik ve bunun \u00e7\u00f6z\u00fcm olmad\u0131\u011f\u0131n\u0131 g\u00f6rd\u00fck.<\/p>\n<p style=\"text-align: justify;\">Olsayd\u0131, bug\u00fcn 50 bine vard\u0131\u011f\u0131 belgelenen can kayb\u0131 ya\u015fanmazd\u0131.<\/p>\n<p style=\"text-align: justify;\">Bir 30 y\u0131l daha m\u0131?<\/p>\n<p style=\"text-align: justify;\">Bir 30 y\u0131l daha b\u00f6yle ge\u00e7ebilir.<\/p>\n<p style=\"text-align: justify;\">Bu 50 bin ki\u015fi bug\u00fcn aram\u0131zda olsayd\u0131, bug\u00fcn T\u00fcrkiye \u00e7ok farkl\u0131 bir yer olabilirdi. Onlar\u0131 yitirmeseydik, \u00e7ok daha farkl\u0131 bir noktada olabilirdik. Gen\u00e7lerimizi, gelece\u011fimizi yitirdik, yitirmekteyiz.<\/p>\n<p style=\"text-align: justify;\">O nedenle, \u015fimdi bar\u0131\u015f\u0131n dilini konu\u015fmak mecburiyetindeyiz.<\/p>\n<p style=\"text-align: justify;\">Bu, boynumuzun borcudur.<\/p>\n<p style=\"text-align: justify;\">Son olaylarla beraber, birden T\u00fcrkiye\u2019nin d\u00f6rt bir yan\u0131nda, sava\u015f ortam\u0131 i\u00e7ine d\u00fc\u015f\u00fcverdik. Sava\u015f\u0131n diliyle konu\u015fmaya ba\u015flad\u0131k.<\/p>\n<p style=\"text-align: justify;\">Sava\u015f\u0131n, u\u00e7urumun kenar\u0131nda ya\u015famamal\u0131y\u0131z. Bu oyun, her kimin oyunuysa, bozmal\u0131y\u0131z.<\/p>\n<p style=\"text-align: justify;\">Bar\u0131\u015f\u0131n dilini konu\u015farak, bunu yapabiliriz.<\/p>\n<p style=\"text-align: justify;\">Sava\u015f\u0131n sonunu sadece \u00f6l\u00fcler g\u00f6r\u00fcr derler. Biz, ya\u015fama \u015fans\u0131na sahip olanlar her nefeste, nas\u0131l bir bar\u0131\u015f\u0131 in\u015fa edebilece\u011fimizi d\u00fc\u015f\u00fcnmeliyiz. Bu konu da kamuoyunda \u00e7ok\u00e7a konu\u015fuluyor. Konu\u015fanlar da, \u00e7e\u015fitli yorumlar yap\u0131p, sonra kendi hayatlar\u0131na d\u00f6n\u00fcyor. \u015eimdi de, bir\u00e7ok siyaset\u00e7i bu konuda, sert a\u00e7\u0131klamalar yap\u0131p sonra ya\u015famlar\u0131na aynen devam edecek.<\/p>\n<p style=\"text-align: justify;\">Oysa bu y\u0131k\u0131m\u0131n kurbanlar\u0131n\u0131 geri getirmeye imk\u00e2n yok, yak\u0131nlar\u0131n\u0131n ya\u015fam\u0131 da sonsuza kadar de\u011fi\u015fiyor. Kimse, insan hayat\u0131n\u0131 siyasetin malzemesi yapmamal\u0131. Yaparsa da, bug\u00fcn kazanaca\u011f\u0131 g\u00f6receli zafer, yar\u0131n onurunu zedeleyen bir leke olacakt\u0131r. &#8230; \u0130nsan \u00fczerinden yeni bir dille, yeni bir yakla\u015f\u0131mla, yeni bir siyasi dil olu\u015fturmak zorunday\u0131z ki, \u00e7at\u0131\u015farak de\u011fil, z\u0131tla\u015farak de\u011fil, kutupla\u015farak de\u011fil; ortakla\u015farak, toplumsal bir mutabakat sa\u011flayarak, \u00e7at\u0131\u015fmaya kar\u015f\u0131l\u0131k askeri de\u011fil, politik bir yol a\u00e7abilelim.<\/p>\n<p style=\"text-align: justify;\">\u00c7\u00f6z\u00fcm i\u00e7in yap\u0131lacaklar \u00fczerine T\u00fcrkiye \u00e7ap\u0131nda bir\u00e7ok fikir \u00fcretilmi\u015ftir, \u00e7aresiz de\u011filiz. Yeni anayasa s\u00fcreci de bize \u00e7\u00f6z\u00fcm\u00fcn temelini atmak i\u00e7in alt\u0131n bir f\u0131rsat sunuyor.<\/p>\n<p style=\"text-align: justify;\">Bar\u0131\u015fa, ancak ya\u015fam\u0131, insan\u0131, hayat\u0131 y\u00fccelterek ula\u015fabiliriz, onu hak edebiliriz.\u201d<\/p>\n<p style=\"text-align: justify;\"><strong>Yeni bir Ahmet Kaya vakas\u0131na kar\u015f\u0131 uyard\u0131<\/strong><\/p>\n<p style=\"text-align: justify;\">Tanr\u0131kulu, d\u00fcn yay\u0131mlad\u0131\u011f\u0131 mesaj\u0131nda da caz konserinde sanat\u00e7\u0131 Aynur\u2019un K\u00fcrt\u00e7e \u015fark\u0131 s\u00f6ylemesi nedeniyle protesto edilmesi konusunda yeni bir Ahmet Kaya vakas\u0131 ya\u015fanmamas\u0131 uyar\u0131s\u0131nda bulundu:<\/p>\n<p style=\"text-align: justify;\">\u201c\u00dclkemizin neresinde ne ac\u0131 varsa bu hepimizin ortak ac\u0131s\u0131d\u0131r.Ama bu a\u0131n\u0131n sebebi ne K\u00fcrt\u00e7edir, ne de K\u00fcrt\u00e7e \u015fark\u0131 s\u00f6yleyen Aynur\u2019dur. K\u00fcrt\u00e7e \u015fark\u0131ya tahamm\u00fcl edemeyen bir ortamda bar\u0131\u015f, karde\u015flik konusunda nas\u0131l yol al\u0131naca\u011f\u0131 merak konusudur. Ba\u015fta siyasiler, kanaat \u00f6nderleri ve t\u00fcm toplum s\u00f6ylemlerindeki nefret, d\u0131\u015flama, yok sayma unsurlar\u0131n\u0131 temizlemelidir. Ne zaman ki insanlar anadilinde \u015fark\u0131 s\u00f6yleme hakk\u0131n\u0131 hi\u00e7bir bask\u0131 g\u00f6rmeden ger\u00e7ekle\u015ftirir, o zaman ger\u00e7ek bir demokrasi ve bar\u0131\u015ftan s\u00f6z edilir.\u201d<\/p>\n<p style=\"text-align: justify;\"><a href=\"http:\/\/www.radikal.com.tr\/Radikal.aspx?aType=RadikalDetayV3&amp;ArticleID=1056695&amp;Date=18.07.2011&amp;CategoryID=78\" target=\"_blank\">Kaynak : Radikal.com.tr<\/a><\/p>\n","protected":false},"excerpt":{"rendered":"<p style=\"text-align: center;\">\n<p style=\"text-align: justify;\">CHP&#8217;li Sezgin Tanr\u0131kulu&#8217;nun, herkesi bar\u0131\u015f\u0131n dilini konu\u015fmaya \u00e7a\u011f\u0131rd\u0131\u011f\u0131 a\u00e7\u0131klamas\u0131 Genel Merkez taraf\u0131ndan &#8216;iptal edildi&#8217;.<\/p>\n<p style=\"text-align: justify;\">CHP Genel Ba\u015fkan Yard\u0131mc\u0131s\u0131 Sezgin Tanr\u0131kulu, Diyarbak\u0131r Silvan\u2019da PKK\u2019l\u0131larla girdikleri silahl\u0131 \u00e7at\u0131\u015fmada \u015fehit d\u00fc\u015fen 13 askerin arkas\u0131ndan anlaml\u0131 bir \u00e7a\u011fr\u0131da bulundu. \u201cBar\u0131\u015f\u0131n dilini kullanmak boynumuzun borcu\u201d diyen Tanr\u0131kulu, \u201c\u00c7at\u0131\u015fmayla i\u00e7 i\u00e7e ya\u015fad\u0131\u011f\u0131m\u0131z neredeyse 30. <\/p>\n","protected":false},"author":1,"featured_media":0,"comment_status":"open","ping_status":"open","sticky":false,"template":"","format":"standard","meta":{"footnotes":""},"categories":[105],"tags":[],"class_list":["post-36975","post","type-post","status-publish","format-standard","hentry","category-gundem","odd"],"_links":{"self":[{"href":"http:\/\/www.korhanyilmaz.com\/index.php?rest_route=\/wp\/v2\/posts\/36975","targetHints":{"allow":["GET"]}}],"collection":[{"href":"http:\/\/www.korhanyilmaz.com\/index.php?rest_route=\/wp\/v2\/posts"}],"about":[{"href":"http:\/\/www.korhanyilmaz.com\/index.php?rest_route=\/wp\/v2\/types\/post"}],"author":[{"embeddable":true,"href":"http:\/\/www.korhanyilmaz.com\/index.php?rest_route=\/wp\/v2\/users\/1"}],"replies":[{"embeddable":true,"href":"http:\/\/www.korhanyilmaz.com\/index.php?rest_route=%2Fwp%2Fv2%2Fcomments&post=36975"}],"version-history":[{"count":0,"href":"http:\/\/www.korhanyilmaz.com\/index.php?rest_route=\/wp\/v2\/posts\/36975\/revisions"}],"wp:attachment":[{"href":"http:\/\/www.korhanyilmaz.com\/index.php?rest_route=%2Fwp%2Fv2%2Fmedia&parent=36975"}],"wp:term":[{"taxonomy":"category","embeddable":true,"href":"http:\/\/www.korhanyilmaz.com\/index.php?rest_route=%2Fwp%2Fv2%2Fcategories&post=36975"},{"taxonomy":"post_tag","embeddable":true,"href":"http:\/\/www.korhanyilmaz.com\/index.php?rest_route=%2Fwp%2Fv2%2Ftags&post=36975"}],"curies":[{"name":"wp","href":"https:\/\/api.w.org\/{rel}","templated":true}]}}