{"id":36971,"date":"2011-07-16T21:05:55","date_gmt":"2011-07-16T18:05:55","guid":{"rendered":"http:\/\/www.korhanyilmaz.com\/?p=36971"},"modified":"2011-07-18T00:14:14","modified_gmt":"2011-07-17T21:14:14","slug":"meclisten-muhalefeti-sok-eden-karar","status":"publish","type":"post","link":"http:\/\/www.korhanyilmaz.com\/?p=36971","title":{"rendered":"Meclis&#8217;ten muhalefeti \u015fok eden karar"},"content":{"rendered":"<p style=\"text-align: center;\"><a href=\"http:\/\/www.korhanyilmaz.com\/wp-content\/uploads\/2011\/07\/1654.jpg\"  class=\"lightview\"><img loading=\"lazy\" decoding=\"async\" class=\"aligncenter size-full wp-image-36972\" src=\"http:\/\/www.korhanyilmaz.com\/wp-content\/uploads\/2011\/07\/1654.jpg\" alt=\"\" width=\"420\" height=\"210\" \/><\/a><\/p>\n<p style=\"text-align: justify;\"><strong>Meclis TV\u2019ye \u2018muhalefet \u00e7ok konu\u015fuyor\u2019 s\u0131n\u0131rlamas\u0131<\/strong><\/p>\n<p style=\"text-align: justify;\">Muhalefet milletvekillerinin vatanda\u015fa seslerini duyurmak i\u00e7in kulland\u0131\u011f\u0131 TBMM TV yay\u0131nlar\u0131na s\u0131n\u0131rlama geldi. AKP\u2019nin Meclis\u2019te g\u00f6r\u00fc\u015fmelerin uzamas\u0131na neden olan temel fakt\u00f6r olarak g\u00f6sterdi\u011fi yay\u0131nlar art\u0131k haftada \u00fc\u00e7 g\u00fcn sadece 14.00-19.00 saatleri aras\u0131nda yap\u0131lacak. <!--more--><\/p>\n<p style=\"text-align: justify;\">S\u0131k s\u0131k gerilim ve tart\u0131\u015fmalar\u0131n ya\u015fanmas\u0131 nedeniyle vatanda\u015f\u0131n ilgiyle takip etti\u011fi, muhalefet milletvekilleri a\u00e7\u0131s\u0131ndan da kamuoyuna seslerini duyurma imkan\u0131 sa\u011flad\u0131\u011f\u0131 i\u00e7in hayati \u00f6nem ta\u015f\u0131yan TBMM TV yay\u0131nlar\u0131na s\u0131n\u0131rlama geldi. TBMM TV haftada Sal\u0131, \u00c7ar\u015famba, Per\u015fembe olmak \u00fczere sadece 3 g\u00fcn, saat 14.00-19.00 aras\u0131nda canl\u0131 yay\u0131nda olacak. Uygulama Meclis\u2019in tatile girmesinden \u00f6nce y\u00fcr\u00fcrl\u00fc\u011fe girdi. Yay\u0131n g\u00fcn\u00fc olmamas\u0131 nedeniyle Genel Kurul\u2019un ter\u00f6r\u00fcn de g\u00f6r\u00fc\u015f\u00fcld\u00fc\u011f\u00fc \u00f6nceki g\u00fcnk\u00fc \u00e7al\u0131\u015fmalar\u0131, TBMM TV\u2019den canl\u0131 yay\u0131nlanmas\u0131.<\/p>\n<p style=\"text-align: justify;\">TRT\u2019nin Spor kanal\u0131 TRT-3 ile ayn\u0131 frekans\u0131 payla\u015farak Meclis Genel Kurul \u00e7al\u0131\u015fmalar\u0131n\u0131 1995\u2019ten bu yana canl\u0131 olarak yay\u0131nlayan TBMM TV, TBMM Ba\u015fkanl\u0131\u011f\u0131\u2019n\u0131n TRT\u2019den s\u00fcre uzat\u0131m\u0131 talebinde bulunmamas\u0131 \u00fczerine 16 y\u0131l sonra \u00f6nceki g\u00fcn ilk kez Meclis\u2019te komiyon ve genel kurul \u00e7al\u0131\u015fmas\u0131 olmas\u0131na ra\u011fmen yay\u0131n yapmad\u0131. TBMM Ba\u015fkanl\u0131\u011f\u0131, \u00f6zellikle AK Partili bakan ve milletvekillerinin, \u201cmuhalefet temsilcilerinin se\u00e7mene selam\u201d konu\u015fmalar\u0131 y\u00fcz\u00fcnden mecliste g\u00f6r\u00fc\u015fmelerin uzamas\u0131 ve tart\u0131\u015fma ya\u015fanmas\u0131na yol a\u00e7an temel fakt\u00f6r olarak nitelendirdi\u011fi TBMM TV yay\u0131nlar\u0131 ile ile ilgili s\u00fcrpriz bir karar ald\u0131. Meclis \u00e7al\u0131\u015fmalar\u0131n\u0131n kamuoyu taraf\u0131ndan takip edilmesini sa\u011flayan TBMM TV yay\u0131nlar\u0131na g\u00fcn ve saat s\u0131n\u0131rlamas\u0131 geldi.<\/p>\n<p style=\"text-align: justify;\">Meclis yetkilileri, 1995\u2019ten bu yana ge\u00e7erli olan protokolde haftan\u0131n 3 g\u00fcn\u00fc 5 saat \u00fczerinden yay\u0131n yap\u0131lmas\u0131 esas\u0131n\u0131n oldu\u011funu, ancak TBMM\u2019nin TRT\u2019ye s\u00fcrekli yaz\u0131 g\u00f6ndererek bu y\u0131la kadar yay\u0131n g\u00fcn ve saatlerini artt\u0131rd\u0131\u011f\u0131n\u0131 belirttiler. Bu sene ise protokol\u00fcn yenilendi\u011fi Temmuz ay\u0131nda TBMM Ba\u015fkanl\u0131\u011f\u0131\u2019n\u0131n, TRT\u2019ye g\u00fcn say\u0131s\u0131 ve yay\u0131n saatiyle ilgili uzatma talebini g\u00f6ndermedi\u011fini belirten Meclis y\u00f6neticileri, bu kararda hem TRT\u2019nin spor kanal\u0131ndan yeterince spor yay\u0131n\u0131 yapamamas\u0131n\u0131n hem de TBMM TV yay\u0131nlar\u0131n\u0131n maliyetinin etkili oldu\u011funu ifade ettiler.<\/p>\n<p style=\"text-align: justify;\"><strong>Yakut da Genel Kurul\u2019da<\/strong><\/p>\n<p style=\"text-align: justify;\">TBMM TV\u2019nin TBMM Genel Kurul \u00e7al\u0131\u015fmalar\u0131n\u0131 s\u0131n\u0131rl\u0131 saatler aras\u0131nda canl\u0131 olarak yay\u0131nlayaca\u011f\u0131 ve parti grup toplant\u0131lar\u0131n\u0131n da TBMM TV\u2019den verilmeyece\u011fini, Genel Kurulu y\u00f6neten AK Partili TBMM Ba\u015fkanvekili Sad\u0131k Yakut ile muhalefet milletvekilleri \u00f6nceki g\u00fcnk\u00fc g\u00f6r\u00fc\u015fmeler s\u0131ras\u0131nda \u00f6\u011frendiler.<\/p>\n<p style=\"text-align: justify;\">MHP Grup Ba\u015fkanvekili Oktay Vural Genel Kurul\u2019da durumu ele\u015ftirirken \u201cTRT, TBMM\u2019nin \u00f6n\u00fcnde ve \u00fcst\u00fcnde de\u011fildir. Herkes haddini bilsin. TRT\u2019yi ve Meclis Ba\u015fkanl\u0131\u011f\u0131\u2019n\u0131 g\u00f6reve davet ediyorum\u201d dedi. MHP\u2019li Vural karara Meclis kulisinde de tepkisini s\u00fcrd\u00fcrd\u00fc. Vural VATAN\u2019a, \u201cBu do\u011frudan do\u011fruya h\u00fck\u00fcmetin Meclis\u2019i, muhalefeti susturma giri\u015fimidir. Seda Sayan\u2019\u0131n program\u0131, \u015fekile ma\u00e7lar TBMM \u00e7al\u0131\u015fmalar\u0131n daha m\u0131 \u00f6nemli ki onlar\u0131 yay\u0131nlamak i\u00e7in Meclis\u2019in sesini kesiyorlar. Frekanslar t\u00fcm milletin mal\u0131d\u0131r, kaflar\u0131na g\u00f6re i\u015f yapamazlar\u201d dedi.<\/p>\n<p style=\"text-align: justify;\">CHP Grup Ba\u015fkanvekili Akif Hamza\u00e7ebi de kendilerine TRT ile protokol yap\u0131lmad\u0131\u011f\u0131 i\u00e7in bu yay\u0131nlar\u0131n yap\u0131lmad\u0131\u011f\u0131 bilgisi verilmesine kar\u015f\u0131n, h\u00fck\u00fcmetin g\u00fcven oylamas\u0131 s\u0131ras\u0131nda Ba\u015fbakan\u2019\u0131n konu\u015fmas\u0131n\u0131n ise canl\u0131 olarak verildi\u011fini belirtti. \u201cBu \u00e7ifte standartt\u0131r\u201d diyen Hamza\u00e7ebi, a\u00e7\u0131klama istedi. TBMM Ba\u015fkanvekili Sad\u0131k Yakut bunu \u00fczerine \u201cBiz de g\u00f6r\u00fc\u015fmeler s\u0131ras\u0131nda duruma muttali olduk. TRT ile yap\u0131lan protokol gere\u011fi bu durumun ya\u015fand\u0131\u011f\u0131 s\u00f6yleniyor ama sizin a\u00e7\u0131klamalar\u0131n\u0131z \u00fczerine konuyu ara\u015ft\u0131raca\u011f\u0131m\u201d dedi.<\/p>\n<p style=\"text-align: justify;\"><a href=\"http:\/\/haber.gazetevatan.com\/meclisten-muhalefeti-sok-eden-karar\/388951\/9\/Siyaset\" target=\"_blank\">Kaynak : VATAN Gazetesi<\/a><\/p>\n","protected":false},"excerpt":{"rendered":"<p style=\"text-align: center;\">\n<p style=\"text-align: justify;\">Meclis TV\u2019ye \u2018muhalefet \u00e7ok konu\u015fuyor\u2019 s\u0131n\u0131rlamas\u0131<\/p>\n<p style=\"text-align: justify;\">Muhalefet milletvekillerinin vatanda\u015fa seslerini duyurmak i\u00e7in kulland\u0131\u011f\u0131 TBMM TV yay\u0131nlar\u0131na s\u0131n\u0131rlama geldi. AKP\u2019nin Meclis\u2019te g\u00f6r\u00fc\u015fmelerin uzamas\u0131na neden olan temel fakt\u00f6r olarak g\u00f6sterdi\u011fi yay\u0131nlar art\u0131k haftada \u00fc\u00e7 g\u00fcn sadece 14.00-19.00 saatleri aras\u0131nda yap\u0131lacak. <\/p>\n","protected":false},"author":1,"featured_media":0,"comment_status":"open","ping_status":"open","sticky":false,"template":"","format":"standard","meta":{"footnotes":""},"categories":[105],"tags":[],"class_list":["post-36971","post","type-post","status-publish","format-standard","hentry","category-gundem","odd"],"_links":{"self":[{"href":"http:\/\/www.korhanyilmaz.com\/index.php?rest_route=\/wp\/v2\/posts\/36971","targetHints":{"allow":["GET"]}}],"collection":[{"href":"http:\/\/www.korhanyilmaz.com\/index.php?rest_route=\/wp\/v2\/posts"}],"about":[{"href":"http:\/\/www.korhanyilmaz.com\/index.php?rest_route=\/wp\/v2\/types\/post"}],"author":[{"embeddable":true,"href":"http:\/\/www.korhanyilmaz.com\/index.php?rest_route=\/wp\/v2\/users\/1"}],"replies":[{"embeddable":true,"href":"http:\/\/www.korhanyilmaz.com\/index.php?rest_route=%2Fwp%2Fv2%2Fcomments&post=36971"}],"version-history":[{"count":0,"href":"http:\/\/www.korhanyilmaz.com\/index.php?rest_route=\/wp\/v2\/posts\/36971\/revisions"}],"wp:attachment":[{"href":"http:\/\/www.korhanyilmaz.com\/index.php?rest_route=%2Fwp%2Fv2%2Fmedia&parent=36971"}],"wp:term":[{"taxonomy":"category","embeddable":true,"href":"http:\/\/www.korhanyilmaz.com\/index.php?rest_route=%2Fwp%2Fv2%2Fcategories&post=36971"},{"taxonomy":"post_tag","embeddable":true,"href":"http:\/\/www.korhanyilmaz.com\/index.php?rest_route=%2Fwp%2Fv2%2Ftags&post=36971"}],"curies":[{"name":"wp","href":"https:\/\/api.w.org\/{rel}","templated":true}]}}