{"id":36963,"date":"2011-07-17T19:20:28","date_gmt":"2011-07-17T16:20:28","guid":{"rendered":"http:\/\/www.korhanyilmaz.com\/?p=36963"},"modified":"2011-07-17T21:28:42","modified_gmt":"2011-07-17T18:28:42","slug":"turkiye-sehitleri-icin-yurudu","status":"publish","type":"post","link":"http:\/\/www.korhanyilmaz.com\/?p=36963","title":{"rendered":"T\u00fcrkiye \u015fehitleri i\u00e7in y\u00fcr\u00fcd\u00fc"},"content":{"rendered":"<p style=\"text-align: justify;\"><a href=\"http:\/\/www.korhanyilmaz.com\/wp-content\/uploads\/2011\/07\/1652.jpg\"  class=\"lightview\"><img loading=\"lazy\" decoding=\"async\" class=\"aligncenter size-full wp-image-36964\" title=\"\" src=\"http:\/\/www.korhanyilmaz.com\/wp-content\/uploads\/2011\/07\/1652.jpg\" alt=\"\" width=\"384\" height=\"295\" \/><\/a><\/p>\n<p style=\"text-align: justify;\">Diyarbak\u0131r&#8217;\u0131n Silvan il\u00e7esinde u\u011frad\u0131klar\u0131 sald\u0131r\u0131 nedeniyle \u015fehit olan 13 askerin ard\u0131ndan bir araya gelen vatanda\u015flar ve sivil toplum \u00f6rg\u00fctleri, T\u00fcrkiye&#8217;nin d\u00f6rt bir yan\u0131nda protesto g\u00f6sterileri d\u00fczenledi.<!--more--><\/p>\n<p style=\"text-align: justify;\"><strong>\u0130stanbul \u015fehitlere sahip \u00e7\u0131kt\u0131<\/strong><\/p>\n<p style=\"text-align: justify;\">Diyarbak\u0131r&#8217;\u0131n Silvan il\u00e7esinde 13 askerin \u015fehit d\u00fc\u015ft\u00fc\u011f\u00fc ter\u00f6r sald\u0131r\u0131s\u0131, Ba\u011fdat Caddesi ve Taksim&#8217;de d\u00fczenlenen g\u00f6sterilerle protesto edildi.<\/p>\n<p style=\"text-align: justify;\">JDM \u0130stanbul Motor Sporlar\u0131 Kul\u00fcb\u00fc \u00fcyesi bir grup gen\u00e7, Pendik Green Park Otel \u00f6n\u00fcnde toplanarak, otomobilleriyle sahilden Ba\u011fdat Caddesi&#8217;ne geldi. T\u00fcrk bayraklar\u0131 ile gelen grup, cadde \u00fczerinde, &#8220;Bayrak inmez diyen, \u015fehit \u00f6lmez diyen birileri var&#8221; yaz\u0131l\u0131 pankart a\u00e7t\u0131.<\/p>\n<p style=\"text-align: justify;\"><strong>\u00c7evredekilerin de kat\u0131l\u0131m\u0131yla b\u00fcy\u00fcyen grup, b\u00fcy\u00fck bir T\u00fcrk bayra\u011f\u0131 a\u00e7t\u0131.<\/strong><\/p>\n<p style=\"text-align: justify;\">&#8220;Kad\u0131k\u00f6y uyuma, \u015fehidine sahip \u00e7\u0131k&#8221;, &#8220;Meclis&#8217;te PKK istemiyoruz&#8221;, &#8220;Askere uzanan eller k\u0131r\u0131ls\u0131n&#8221;, &#8220;Hepimiz Mehmet&#8217;iz, PKK&#8217;ya yeteriz&#8221;, &#8220;PKK Meclis&#8217;te komutanlar nerede?&#8221;, &#8220;\u015eehitler \u00f6lmez, vatan b\u00f6l\u00fcnmez&#8221;, &#8220;PKK \u015fa\u015f\u0131rma, sabr\u0131m\u0131z\u0131 ta\u015f\u0131rma&#8221;, &#8220;Di\u015fe di\u015f, kana kan, intikam intikam&#8221;, &#8220;Ne mutlu T\u00fcrk\u00fcm diyene&#8221;, &#8220;Tayyip o\u011flunu askere g\u00f6nder&#8221; ve &#8220;Her T\u00fcrk asker do\u011far&#8221; \u015feklinde sloganlar atarak Erenk\u00f6y Galip Pa\u015fa Camisi \u00f6n\u00fcne kadar gelen grup, burada \u015fehitler i\u00e7in 3 dakikal\u0131k sayg\u0131 duru\u015funda bulundu.<\/p>\n<p style=\"text-align: justify;\">\u0130stiklal Mar\u015f\u0131 okunmas\u0131n\u0131n ard\u0131ndan cadde boyunca y\u00fcr\u00fcy\u00fc\u015f\u00fcn\u00fc s\u00fcrd\u00fcren grup, Selami\u00e7e\u015fme&#8217;de da\u011f\u0131ld\u0131.<\/p>\n<p style=\"text-align: justify;\">Bu arada, Ulusal Sivil Toplum Kurulu\u015flar\u0131 Birli\u011fi \u00fcyesi bir grup da, Taksim Meydan\u0131&#8217;nda topland\u0131. Silvan&#8217;da \u015fehit d\u00fc\u015fen askerlerin foto\u011fraflar\u0131n\u0131 ta\u015f\u0131yan ve ellerinde T\u00fcrk bayraklar\u0131 bulunan grup, &#8220;Mehmet\u00e7i\u011fin katili Amerika&#8221;, &#8220;Ter\u00f6r\u00fc k\u0131n\u0131yoruz&#8221; pankartlar\u0131 a\u00e7t\u0131.<\/p>\n<p style=\"text-align: justify;\">Gruptakiler, tekbir getirerek \u0130stiklal Caddesi \u00fczerinden T\u00fcnel&#8217;e kadar y\u00fcr\u00fcd\u00fc. Tekrar Taksim Meydan\u0131&#8217;na kadar y\u00fcr\u00fcyen ve \u00e7e\u015fitli sloganlar atan grup, daha sonra da\u011f\u0131ld\u0131.<\/p>\n<p style=\"text-align: justify;\"><strong>Ankara&#8217;da An\u0131tkabir&#8217;e y\u00fcr\u00fcy\u00fc\u015f<\/strong><\/p>\n<p style=\"text-align: justify;\">Sosyal payla\u015f\u0131m siteleri \u00fczerinden \u00f6rg\u00fctlenen binlerce Ankara\u2019l\u0131 K\u0131z\u0131lay G\u00fcvenpark\u2019ta toplanarak An\u0131tkabir\u2019e y\u00fcr\u00fcd\u00fc.<\/p>\n<p style=\"text-align: justify;\">Diyarbak\u0131r\u2019\u0131n Silvan il\u00e7esinde meydana gelen \u00e7at\u0131\u015fmada 13 askerin \u015fehit edilmesinin ard\u0131ndan tepkiler s\u00fcr\u00fcyor.<\/p>\n<p style=\"text-align: justify;\">Sosyal payla\u015f\u0131m siteleri \u00fczerinden \u00f6rg\u00fctlenen binlerce Ankara\u2019l\u0131 K\u0131z\u0131lay G\u00fcvenpark\u2019ta ellerinde T\u00fcrk bayraklar\u0131yla topland\u0131. Aralar\u0131nda gazilerinde bulundu\u011fu binlerce ki\u015fi saat 14.00 s\u0131ralar\u0131nda An\u0131tkabir\u2019e do\u011fru y\u00fcr\u00fcy\u00fc\u015fe ge\u00e7ti.<\/p>\n<p style=\"text-align: justify;\">\u201c\u015eehitler \u00f6lmez, vatan b\u00f6l\u00fcnmez&#8221;, &#8220;Kahrolsun PKK&#8221; sloganlar\u0131 atan vatanda\u015flar ter\u00f6re tepki g\u00f6sterdi. Vatanda\u015flar yo\u011fun g\u00fcvenlik \u00f6nlemleri alt\u0131nda An\u0131tkabir\u2019e girdi.<\/p>\n<p style=\"text-align: justify;\"><strong>\u0130zmir&#8217;de de protesto<\/strong><\/p>\n<p style=\"text-align: justify;\">\u0130zmir&#8217;de baz\u0131 sivil toplum \u00f6rg\u00fctlerince, Diyarbak\u0131r&#8217;\u0131n Silvan il\u00e7esindeki ter\u00f6r sald\u0131r\u0131s\u0131n\u0131 protesto y\u00fcr\u00fcy\u00fc\u015f\u00fc d\u00fczenlendi.<\/p>\n<p style=\"text-align: justify;\">Protesto y\u00fcr\u00fcy\u00fc\u015f\u00fc i\u00e7in Konak Meydan\u0131&#8217;nda toplanan grup, &#8220;Ne mutlu T\u00fcrk\u00fcm diyene&#8221;, &#8220;Kahrolsun PKK&#8221;, &#8220;Mustafa Kemal&#8217;in askerleriyiz&#8221;, &#8220;Vatan sana can\u0131m feda&#8221;, &#8220;Mecliste PKK istemiyoruz&#8221;, &#8220;\u015eehitler \u00f6lmez, vatan b\u00f6l\u00fcnmez&#8221;, &#8220;Di\u015fe di\u015f kana kan intikam&#8221; sloganlar\u0131 atarak Cumhuriyet Meydan\u0131&#8217;na kadar y\u00fcr\u00fcd\u00fc.<\/p>\n<p style=\"text-align: justify;\">Atat\u00fcrk An\u0131t\u0131 \u00f6n\u00fcnde \u015fehitler i\u00e7in sayg\u0131 duru\u015funda bulunarak \u0130stiklal Mar\u015f\u0131 okuyan grup, burada da ter\u00f6r \u00f6rg\u00fct\u00fcn\u00fc lanetleyen sloganlar att\u0131.<\/p>\n<p style=\"text-align: justify;\">Gruptakiler, bir \u015fehit babas\u0131n\u0131n mektubunun okunmas\u0131 ve \u015fehitler i\u00e7in Fatiha okunmas\u0131n\u0131n ard\u0131ndan da\u011f\u0131ld\u0131.<\/p>\n<p style=\"text-align: justify;\"><strong>Afyon&#8217;dan tepki<\/strong><\/p>\n<p style=\"text-align: justify;\">Afyon Kocatepe \u00dcniversitesi (AK\u00dc) Senatosundan yap\u0131lan yaz\u0131l\u0131 a\u00e7\u0131klamada, \u00fcniversite senatosunun ter\u00f6rist sald\u0131r\u0131n\u0131n ard\u0131ndan ola\u011fan\u00fcst\u00fc g\u00fcndemle topland\u0131\u011f\u0131 belirtildi.<\/p>\n<p style=\"text-align: justify;\">T\u00fcrkiye Cumhuriyeti&#8217;nin i\u00e7inde bulundu\u011fu jeopolitik konum itibariyle, uzun bir s\u00fcredir, belirli bir stratejinin \u00fcr\u00fcn\u00fc olan ter\u00f6rizmin hedefi haline geldi\u011fi ifade edilen a\u00e7\u0131klamada vatan\u0131n b\u00f6l\u00fcnmez b\u00fct\u00fcnl\u00fc\u011f\u00fcne y\u00f6neltilen hain ve kalle\u015f\u00e7e sald\u0131r\u0131lar\u0131n, \u00fclkedeki insanlar\u0131 d\u00fcnden daha kararl\u0131 hale getirirken \u00fclkenin birli\u011finin temeli olan karde\u015flik duygular\u0131n\u0131 daha da g\u00fc\u00e7lendirdi\u011fi kaydedildi.<\/p>\n<p style=\"text-align: justify;\"><strong>\u0130nternetten organize olan Sinoplular&#8217;dan protesto<\/strong><\/p>\n<p style=\"text-align: justify;\">Sinop&#8217;ta internette bir sosyal payla\u015f\u0131m sitesi \u00fczerinden organize olan bir U\u011fur Mumcu Meydan\u0131&#8217;nda topland\u0131.<\/p>\n<p style=\"text-align: justify;\">Ellerinde &#8220;Bir \u00f6l\u00fcr, bin do\u011far\u0131z&#8221;, &#8220;Can verir, nam salar\u0131z&#8221;&#8216; yaz\u0131l\u0131 pankartlar ve T\u00fcrk Bayraklar\u0131yla y\u00fcr\u00fcyen grup bas\u0131n a\u00e7\u0131klamas\u0131 yapmak istedi.<\/p>\n<p style=\"text-align: justify;\">Ancak, bas\u0131n a\u00e7\u0131klamas\u0131na g\u00fcvenlik g\u00fc\u00e7lerinin izin vermemesi \u00fczerine grup sessizce da\u011f\u0131ld\u0131.<\/p>\n<p style=\"text-align: justify;\"><strong>Mu\u011fla&#8217;da Mehmet\u00e7ik sesleri<\/strong><\/p>\n<p style=\"text-align: justify;\">Silvan&#8217;daki ter\u00f6r sald\u0131r\u0131s\u0131, Mu\u011fla ve Bodrum il\u00e7esinde yap\u0131lan y\u00fcr\u00fcy\u00fc\u015fle protesto edildi ve ter\u00f6ristlere lanet ya\u011fd\u0131r\u0131ld\u0131.<\/p>\n<p style=\"text-align: justify;\">Mu\u011fla Valili\u011fi \u00f6n\u00fcnde toplanan bir grup vatanda\u015f, ellerinde T\u00fcrk bayraklar\u0131yla Cumhuriyet Meydan\u0131&#8217;ndaki Atat\u00fcrk An\u0131t\u0131&#8217;na kadar, &#8220;\u015eehitler \u00f6lmez vatan b\u00f6l\u00fcnmez&#8221;, &#8220;Hepimiz Mehmet\u00e7i\u011fiz&#8221;, &#8220;T\u00fcrk K\u00fcrt karde\u015ftir bunu bozan kalle\u015ftir&#8221;, &#8220;\u015eehidim hakk\u0131n\u0131 helal et bize&#8221; \u015feklinde sloganlar atarak y\u00fcr\u00fcd\u00fc.<\/p>\n<p style=\"text-align: justify;\"><strong>K\u0131r\u0131kkale T\u00fcrk bayraklar\u0131yla donat\u0131ld\u0131<\/strong><\/p>\n<p style=\"text-align: justify;\">K\u0131r\u0131kkale&#8217;de de Vatan \u0130\u00e7in Can Verenler Derne\u011fi taraf\u0131ndan organize edilen y\u00fcr\u00fcy\u00fc\u015f i\u00e7in vatanda\u015flar, Cumhuriyet Meydan\u0131&#8217;nda ellerinde T\u00fcrk bayraklar\u0131yla topland\u0131.<\/p>\n<p style=\"text-align: justify;\">Sivil toplum kurulu\u015flar\u0131n\u0131n da destek verdi\u011fi y\u00fcr\u00fcy\u00fc\u015f \u00f6ncesinde grup ad\u0131na a\u00e7\u0131klama yapan Vatan \u0130\u00e7in Can Verenler Derne\u011fi Ba\u015fkan\u0131 M\u00fcmtaz Torunlu, Silvan&#8217;da \u015fehit olan askerlerin vatan\u0131n b\u00f6l\u00fcnmez b\u00fct\u00fcnl\u00fc\u011f\u00fc i\u00e7in canlar\u0131n\u0131 seve seve feda ettiklerini s\u00f6yledi. \u015eimdi s\u0131ran\u0131n geride kalan T\u00fcrk gen\u00e7li\u011finde oldu\u011funu bildiren Torunlu, &#8220;\u015eimdi bizler T\u00fcrk gen\u00e7li\u011fi olarak bu \u015fehitlerin bize b\u0131rakt\u0131\u011f\u0131 vatan n\u00f6betini devralmak i\u00e7in can\u0131m\u0131z\u0131 ortaya koymaya haz\u0131r\u0131z&#8221; dedi.<\/p>\n<p style=\"text-align: justify;\"><strong>\u00c7anakkale&#8217;de \u015fehitlere sayg\u0131<\/strong><\/p>\n<p style=\"text-align: justify;\">\u00c7anakkale&#8217;de Cumhuriyet Meydan\u0131&#8217;ndaki Atat\u00fcrk An\u0131t\u0131 \u00f6n\u00fcnde toplanan grup, \u015fehitler i\u00e7in sayg\u0131 duru\u015funda bulundu ve \u0130stiklal Mar\u015f\u0131&#8217;n\u0131 okudu. Daha sonra Demircio\u011flu Caddesi&#8217;nden y\u00fcr\u00fcyerek \u0130skele Meydan\u0131&#8217;na gelen kalabal\u0131k &#8220;\u015eehitler \u00d6lmez Vatan B\u00f6l\u00fcnmez&#8221;, &#8220;T\u00fcrkiye Tek Y\u00fcrek&#8221; \u015feklinde slogan atarak kordon boyuna ula\u015ft\u0131. Bu s\u0131rada baz\u0131 vatanda\u015flar ve ara\u00e7 s\u00fcr\u00fcc\u00fcleri y\u00fcr\u00fcy\u00fc\u015f yapan kalabal\u0131\u011fa destek verdi.<\/p>\n<p style=\"text-align: justify;\">Kordon boyunda 10. Y\u0131l Mar\u015f\u0131&#8217;n\u0131 okuyan vatanda\u015flar, g\u00fczergahlar\u0131nda bulunan Aynal\u0131 \u00c7ar\u015f\u0131 \u00f6n\u00fcnde &#8220;\u00c7anakkale \u0130\u00e7inde Aynal\u0131 \u00c7ar\u015f\u0131&#8221; t\u00fcrk\u00fcs\u00fcn\u00fc s\u00f6yledi.<\/p>\n<p style=\"text-align: justify;\"><strong>Trabzon ter\u00f6r\u00fc lanetledi<\/strong><\/p>\n<p style=\"text-align: justify;\">Trabzon&#8217;da Kent merkezindeki Atapark semtinde, saat 14.00&#8217;da toplanarak T\u00fcrk bayraklar\u0131 a\u00e7an ve aralar\u0131nda \u00e7ocuklar ile ya\u015fl\u0131 ki\u015filerin de oldu\u011fu bir grup vatanda\u015f, Diyarbak\u0131r&#8217;\u0131n Silvan il\u00e7esinde 13 askerin ve Siirt&#8217;te bir komiserin \u015fehit edilmesi ba\u015fta olmak \u00fczere son d\u00f6nemlerde ya\u015fanan ter\u00f6r olaylar\u0131na tepki g\u00f6stermek amac\u0131yla &#8220;Ter\u00f6re Lanet Y\u00fcr\u00fcy\u00fc\u015f\u00fc&#8221; ba\u015flatt\u0131.<\/p>\n<p style=\"text-align: justify;\">Ellerindeki T\u00fcrk bayraklar\u0131 ve s\u0131rtlar\u0131na ast\u0131klar\u0131 Atat\u00fcrk resmi e\u015fli\u011finde y\u00fcr\u00fcyen ve aralar\u0131nda komando mar\u015f\u0131n\u0131n da oldu\u011fu \u00e7e\u015fitli mar\u015flar okuyan vatanda\u015flar, &#8220;Her T\u00fcrk asker do\u011far&#8221;, &#8220;Vatan sana can\u0131m feda&#8221;, &#8220;Trabzon haz\u0131r emir bekliyor&#8221;, &#8220;Mecliste PKK istemiyoruz&#8221;, &#8220;Mustafa Kemal&#8217;in askerleriyiz&#8221;, &#8220;\u015eehitler \u00f6lmez vatan b\u00f6l\u00fcnmez&#8221;, &#8220;T\u00fcrkiye T\u00fcrkt\u00fcr, T\u00fcrk kalacak&#8221; \u015feklinde sloganlar att\u0131lar.<\/p>\n<p style=\"text-align: justify;\"><strong>Batman Memur-Sen&#8217;den ter\u00f6re k\u0131nama<\/strong><\/p>\n<p style=\"text-align: justify;\">Memur-Sen Batman \u0130l Temsilcili\u011fi ile AK Parti Siirt \u0130l Ba\u015fkanl\u0131\u011f\u0131 taraf\u0131ndan yap\u0131lan a\u00e7\u0131klamalarda, Diyarbak\u0131r&#8217;\u0131n Silvan il\u00e7esinde 13 askerin \u015fehit edilmesi k\u0131nand\u0131.<\/p>\n<p style=\"text-align: justify;\"><strong>Giresunlu gen\u00e7lerin y\u00fcr\u00fcy\u00fc\u015f\u00fc<\/strong><\/p>\n<p style=\"text-align: justify;\">Giresun&#8217;da da bir grup gen\u00e7 taraf\u0131ndan &#8220;\u015eehitlere Sayg\u0131 Ter\u00f6re Lanet Y\u00fcr\u00fcy\u00fc\u015f\u00fc&#8221; d\u00fczenlendi.<\/p>\n<p style=\"text-align: justify;\">Bir sosyal payla\u015f\u0131m sitesindeki \u00e7a\u011fr\u0131ya kat\u0131lan bir grup gen\u00e7, Diyarbak\u0131r&#8217;\u0131n Silvan il\u00e7esi k\u0131rsal kesiminde arazi arama tarama faaliyetini s\u00fcrd\u00fcren g\u00fcvenlik g\u00fc\u00e7leriyle bir grup ter\u00f6rist aras\u0131ndaki s\u0131cak temas sonucu 13 askerin \u015fehit olmas\u0131, 7 askerin de yaralanmas\u0131 olay\u0131n\u0131 protesto etmek istedi.<\/p>\n<p style=\"text-align: justify;\">Ellerinde T\u00fcrk bayraklar\u0131yla Atapark&#8217;ta toplanarak Gazi Caddesi y\u00f6n\u00fcne y\u00fcr\u00fcy\u00fc\u015fe ge\u00e7en grup, Debboy mevkisinde y\u00fcr\u00fcy\u00fc\u015f\u00fcn\u00fc sona erdirdi.<\/p>\n<p style=\"text-align: justify;\">Grup, y\u00fcr\u00fcy\u00fc\u015f s\u0131ras\u0131nda &#8220;\u015eehitler \u00f6lmez vatan b\u00f6l\u00fcnmez&#8221; ve &#8220;Kahrolsun PKK&#8221; sloganlar\u0131yla hain sald\u0131r\u0131 k\u0131nad\u0131.<\/p>\n<p style=\"text-align: justify;\"><strong>Eski\u015fehir&#8217;de protesto y\u00fcr\u00fcy\u00fc\u015f\u00fc<\/strong><\/p>\n<p style=\"text-align: justify;\">Eski\u015fehir \u00dclk\u00fc Ocaklar\u0131, Silvan&#8217;da 13 askerin ve Siirt&#8217;te 1 komiserin \u015fehit edilmesini protesto amac\u0131yla y\u00fcr\u00fcy\u00fc\u015f d\u00fczenledi. Deliklita\u015f Mahallesi Yediler Park\u0131&#8217;ndan Ho\u015fnudiye Mahallesi Porsuk Bulvar\u0131&#8217;na kadar ellerinden d\u00f6viz ve pankartlarla y\u00fcr\u00fcyen grup, ad\u0131na a\u00e7\u0131klama yapan Eski\u015fehir \u00dclk\u00fc Ocaklar\u0131 Ba\u015fkan\u0131 Kadir B\u0131y\u0131k, T\u00fcrk milletinin birlik ve beraberli\u011fini bozmaya kimsenin g\u00fcc\u00fcn\u00fcn yetemeyece\u011fini kaydetti.<\/p>\n<p style=\"text-align: justify;\"><strong>\u00c7ank\u0131r\u0131&#8217;da \u0130stiklal mar\u015f\u0131yla protesto<\/strong><\/p>\n<p style=\"text-align: justify;\">\u00c7ank\u0131r\u0131&#8217;da, An\u0131t Alan\u0131&#8217;nda toplanan bir grup, ter\u00f6r \u00f6rg\u00fct\u00fc PKK aleyhine sloganlar atarak \u0130stiklal Mar\u015f\u0131 okudu.<\/p>\n<p style=\"text-align: justify;\">Daha sonra yine sloganlar e\u015fli\u011finde ilerleyen grup, \u00f6nce \u0130stasyon K\u00f6pr\u00fcs\u00fc&#8217;ne ard\u0131ndan Park Sokak&#8217;a kadar y\u00fcr\u00fcd\u00fc.<\/p>\n<p style=\"text-align: justify;\">Polisin, y\u00fcr\u00fcy\u00fc\u015f izni olmad\u0131\u011f\u0131n\u0131 belirterek da\u011f\u0131lmalar\u0131 y\u00f6n\u00fcnde uyard\u0131\u011f\u0131 gruptan baz\u0131 vatanda\u015flar, polise tepki g\u00f6sterdi. Grup, daha sonra olays\u0131z da\u011f\u0131ld\u0131.<\/p>\n<p style=\"text-align: justify;\"><strong>Gaziantep, Me\u00e7hul Asker An\u0131t\u0131&#8217;na y\u00fcr\u00fcd\u00fc<\/strong><\/p>\n<p style=\"text-align: justify;\">Gaziantep&#8217;te &#8220;\u015eehitlere Sayg\u0131 ve Ba\u011f\u0131ms\u0131zl\u0131k y\u00fcr\u00fcy\u00fc\u015f\u00fc&#8221; d\u00fczenlendi. Demokrasi Meydan\u0131&#8217;ndaki Atat\u00fcrk An\u0131t\u0131 \u00f6n\u00fcnden ba\u015flayan y\u00fcr\u00fcy\u00fc\u015f, \u0130l Jandarma Komutanl\u0131\u011f\u0131 \u00f6n\u00fcndeki Me\u00e7hul Asker An\u0131t\u0131&#8217;nda sona erdi.<\/p>\n<p style=\"text-align: justify;\"><strong>Bilecik<\/strong><\/p>\n<p style=\"text-align: justify;\">Bilecik&#8217;te bir grup, ter\u00f6r\u00fc telin y\u00fcr\u00fcy\u00fc\u015f\u00fc d\u00fczenledi.<\/p>\n<p style=\"text-align: justify;\">Cumhuriyet Meydan\u0131&#8217;nda toplanan grup, ellerinde T\u00fcrk bayraklar\u0131yla &#8220;Ne mutlu T\u00fcrk\u00fcm diyene&#8221;, &#8220;\u015eehitler \u00f6lmez vatan b\u00f6l\u00fcnmez&#8221;, &#8220;Buras\u0131 T\u00fcrkiye ya sev ya terk et&#8221;, &#8220;Her \u015fey vatan i\u00e7in&#8221;, &#8220;PKK \u015fa\u015f\u0131rma, sabr\u0131m\u0131z\u0131 ta\u015f\u0131rma&#8221;, &#8220;&#8216;\u0130mral\u0131 Apo&#8217;ya mezar olacak&#8221;, &#8220;Ezan dinmez, bayrak inmez&#8221;, &#8220;Mehmet\u00e7i\u011fe uzanan eller k\u0131r\u0131ls\u0131n&#8221; sloganlar\u0131 att\u0131.<\/p>\n<p style=\"text-align: justify;\"><strong>K\u0131rklareli&#8217;nda k\u0131nama<\/strong><\/p>\n<p style=\"text-align: justify;\">\u0130\u015f\u00e7i Partisi, Cumhuriyet Halk Partisi ve Atat\u00fcrk\u00e7\u00fc D\u00fc\u015f\u00fcnce Derne\u011fi \u00fcyesi bir grup, Diyarbak\u0131r&#8217;\u0131n Silvan il\u00e7esinde 13 askerin \u015fehit edilmesine tepki g\u00f6stermek amac\u0131yla Dingilo\u011flu Park\u0131&#8217;nda topland\u0131.<\/p>\n<p style=\"text-align: justify;\">\u0130\u015f\u00e7i Partisi K\u0131rklareli \u0130l Ba\u015fkan\u0131 Halil G\u00f6\u00e7en, burada yapt\u0131\u011f\u0131 a\u00e7\u0131klamada, sald\u0131r\u0131y\u0131 \u015fiddetle k\u0131nad\u0131klar\u0131n\u0131 s\u00f6yledi.<\/p>\n<p style=\"text-align: justify;\">&#8220;Amerika ile birlikte olanlar, onunla b\u00fcy\u00fck bir yenilgiyi payla\u015facakt\u0131r&#8221; diyen G\u00f6\u00e7en, sald\u0131r\u0131n\u0131n 4 y\u0131ld\u0131r T\u00fcrk Ordusuna kar\u015f\u0131 s\u00fcrd\u00fcr\u00fclen Ergenekon tertibinin ger\u00e7ek amac\u0131n\u0131 da bir kez daha orta koydu\u011funu ileri s\u00fcrd\u00fc.<\/p>\n<p style=\"text-align: justify;\"><strong>Konya&#8217;da sloganlar konu\u015ftu<\/strong><\/p>\n<p style=\"text-align: justify;\">Konya&#8217;da sosyal payla\u015f\u0131m sitesi \u00fczerinden \u00f6rg\u00fctlenen bir grup, ter\u00f6r sald\u0131r\u0131s\u0131n\u0131 protesto amac\u0131yla y\u00fcr\u00fcy\u00fc\u015f d\u00fczenledi.<\/p>\n<p style=\"text-align: justify;\">K\u00fclt\u00fcr Park Alan\u0131&#8217;nda toplanan grup, ellerinde T\u00fcrk bayraklar\u0131yla &#8220;Ne mutlu T\u00fcrk\u00fcm diyene&#8221;, &#8220;\u015eehitler \u00f6lmez vatan b\u00f6l\u00fcnmez&#8221;, &#8220;Konya uyuma \u015fehidine sahip \u00e7\u0131k&#8221; \u015feklinde sloganlar atarak An\u0131t Alan\u0131&#8217;na kadar y\u00fcr\u00fcd\u00fc.<\/p>\n<p style=\"text-align: justify;\">Burada \u0130stiklal Mar\u015f\u0131 okuyan grup, daha sonra Konya \u015eehitli\u011fi&#8217;ne ge\u00e7erek dua etti. Grup, olays\u0131z da\u011f\u0131ld\u0131.<\/p>\n<p style=\"text-align: justify;\"><strong>Karab\u00fck, Atat\u00fcrk An\u0131t\u0131&#8217;n\u0131n \u00f6n\u00fcne ko\u015ftu<\/strong><\/p>\n<p style=\"text-align: justify;\">Karab\u00fck&#8217;te baz\u0131 siyasi parti temsilcileri, sivil toplum kurulu\u015flar\u0131 ve vatanda\u015flardan olu\u015fan grup, Yeni\u015fehir Atat\u00fcrk An\u0131t\u0131&#8217;nda topland\u0131.<\/p>\n<p style=\"text-align: justify;\">Ter\u00f6r \u00f6rg\u00fct\u00fcn\u00fc lanetleyen sloganlar atan grup ad\u0131na bas\u0131n a\u00e7\u0131klamas\u0131 yapan Fatma Co\u015fkun, 13 askeri \u015fehit eden ter\u00f6r\u00fcn, oturularak \u00e7\u00f6z\u00fclmeyece\u011fini bildikleri i\u00e7in burada topland\u0131klar\u0131n\u0131 s\u00f6yledi.<\/p>\n<p style=\"text-align: justify;\"><strong>Bursa&#8217;da intikam sloganlar\u0131 at\u0131ld\u0131<\/strong><\/p>\n<p style=\"text-align: justify;\">Bursa&#8217;daki protesto y\u00fcr\u00fcy\u00fc\u015f\u00fc i\u00e7in Kent Meydan\u0131&#8217;nda toplanan grup, &#8220;Kahrolsun PKK&#8221;, &#8220;Mecliste PKK istemiyoruz&#8221;, &#8220;\u015eehitler \u00f6lmez, vatan b\u00f6l\u00fcnmez&#8221;, &#8220;Di\u015fe di\u015f kana kan intikam&#8221;, &#8220;Ne mutlu T\u00fcrk\u00fcm diyene&#8221;, sloganlar\u0131 atarak \u015eetba\u015f\u0131 Caddesi&#8217;ne kadar y\u00fcr\u00fcd\u00fc.<\/p>\n<p style=\"text-align: justify;\">Heykel Caddesi&#8217;nde bulunan Atat\u00fcrk An\u0131t\u0131 \u00f6n\u00fcnde \u015fehitler i\u00e7in sayg\u0131 duru\u015funda bulunarak \u0130stiklal Mar\u015f\u0131 okuyan grup, burada da ter\u00f6r \u00f6rg\u00fct\u00fcn\u00fc lanetleyen sloganlar att\u0131.<\/p>\n<p style=\"text-align: justify;\"><strong>Adana&#8217;da protesto<\/strong><\/p>\n<p style=\"text-align: justify;\">Adana&#8217;da, sosyal payla\u015f\u0131m sitesi \u00fczerinden \u00f6rg\u00fctlenen bir grup U\u011fur Mumcu Meydan\u0131&#8217;nda toplanarak ter\u00f6r \u00f6rg\u00fct\u00fc aleyhine sloganlar att\u0131ktan sonra \u0130n\u00f6n\u00fc Caddesi&#8217;ndeki BDP il binas\u0131na y\u00fcr\u00fcmek istedi. Polisin engeline ra\u011fmen Atat\u00fcrk Caddesi&#8217;ni takip ederek, BDP il binas\u0131n\u0131n yak\u0131n\u0131ndaki \u0130n\u00f6n\u00fc Park\u0131&#8217;na gelen grup burada sloganlar atarak protesto g\u00f6sterisinde bulundu.<\/p>\n<p style=\"text-align: justify;\"><strong>Hatay&#8217;da protesto<\/strong><\/p>\n<p style=\"text-align: justify;\">Hatay&#8217;da ellerinde T\u00fcrk bayraklar\u0131 ile Atat\u00fcrk Caddesi \u00fczerinde toplanan grup, ter\u00f6r \u00f6rg\u00fct\u00fc aleyhine sloganlar atarak Antakya Belediye binas\u0131 \u00f6n\u00fcne kadar y\u00fcr\u00fcd\u00fc.<\/p>\n<p style=\"text-align: justify;\">Tunceli&#8217;nin P\u00fcl\u00fcm\u00fcr il\u00e7esinde, ter\u00f6r \u00f6rg\u00fct\u00fc PKK \u00fcyeleriyle g\u00fcvenlik g\u00fc\u00e7leri aras\u0131nda \u00e7\u0131kan \u00e7at\u0131\u015fmada \u015fehit olan Piyade Uzman Onba\u015f\u0131 H\u00fcseyin G\u00f6z\u00fcb\u00fcy\u00fck&#8217;\u00fcn karde\u015fi Emine G\u00f6z\u00fcb\u00fcy\u00fck, burada grup ad\u0131na yapt\u0131\u011f\u0131 bas\u0131n a\u00e7\u0131klamas\u0131nda, &#8220;\u015eehit kanlar\u0131yla sulanm\u0131\u015f aziz vatan\u0131m\u0131zda, ekmek yedi\u011fi ele ihanet eden b\u00f6l\u00fcc\u00fc mihraklar\u0131n \u015ferefsizlikleri her ge\u00e7en g\u00fcn daha da artmaktad\u0131r&#8221; dedi.<\/p>\n<p style=\"text-align: justify;\"><strong>Karaman&#8217;da tepki y\u00fcr\u00fcy\u00fc\u015f\u00fc<\/strong><\/p>\n<p style=\"text-align: justify;\">Karaman&#8217;da sosyal payla\u015f\u0131m sitesi \u00fczerinden \u00f6rg\u00fctlenen bir grup, Diyarbak\u0131r&#8217;\u0131n Silvan il\u00e7esindeki ter\u00f6r sald\u0131r\u0131s\u0131n\u0131 protesto etti.<\/p>\n<p style=\"text-align: justify;\">Aktekke Meydan\u0131&#8217;nda toplanan grup, &#8220;\u015eehitler \u00f6lmez, vatan b\u00f6l\u00fcnmez&#8221;, &#8220;Karaman uyuma, \u015fehidine sahip \u00e7\u0131k&#8221;, &#8220;Kahrolsun PKK&#8221;, \u015feklinde sloganlar atarak An\u0131t Park&#8217;a kadar y\u00fcr\u00fcd\u00fc. Burada \u0130stiklal Mar\u015f\u0131 okuyan grup, olays\u0131z da\u011f\u0131ld\u0131.<\/p>\n<p style=\"text-align: justify;\"><strong>Bolu&#8217;da y\u00fcr\u00fcy\u00fc\u015f<\/strong><\/p>\n<p style=\"text-align: justify;\">Diyarbak\u0131r&#8217;\u0131n Silvan il\u00e7esindeki sald\u0131r\u0131, Bolu&#8217;da d\u00fczenlenen y\u00fcr\u00fcy\u00fc\u015fle protesto edildi.<\/p>\n<p style=\"text-align: justify;\">Bolu&#8217;da bir grup, H\u00fck\u00fcmet Meydan\u0131&#8217;nda toplanarak ter\u00f6r \u00f6rg\u00fct\u00fcn\u00fc lanetleyen sloganlar att\u0131. Grup, ellerindeki T\u00fcrk bayraklar\u0131yla \u0130zzet Baysal Caddesi&#8217;nden Belediye Meydan\u0131&#8217;na kadar y\u00fcr\u00fcd\u00fc.<\/p>\n<p style=\"text-align: justify;\"><strong>Kayserili annenin isyan\u0131<\/strong><\/p>\n<p style=\"text-align: justify;\">Kayseri&#8217;de, sosyal payla\u015f\u0131m sitesi facebook&#8217;ta \u00f6rg\u00fctlenenler, sald\u0131r\u0131y\u0131 k\u0131namak i\u00e7in organize olan vatanda\u015flar ile Kayserispor Taraftarlar Derne\u011fi \u00fcyesi bir grup, Cumhuriyet Meydan\u0131&#8217;nda toplanarak ellerinde bayraklarla Garnizon \u015eehitli\u011fine do\u011fru y\u00fcr\u00fcy\u00fc\u015fe ge\u00e7ti.<\/p>\n<p style=\"text-align: justify;\">&#8220;\u015eehitler \u00f6lmez, vatan b\u00f6l\u00fcnmez&#8221;, &#8220;Kahrolsun PKK&#8221;, &#8220;Hepimiz askeriz, PKK&#8217;ya yeteriz&#8221;, &#8220;Meclis&#8217;te PKK istemiyoruz&#8221;, &#8220;Mustafa Kemal&#8217;in askerleriyiz&#8221; \u015feklinde slogan atanlar, \u015fehitlik \u00f6n\u00fcnde sayg\u0131 duru\u015funda bulunarak, \u0130stiklal Mar\u015f\u0131&#8217;n\u0131 okudu ve dua etti. Gazi k\u0131z\u0131 oldu\u011funu ve o\u011flunun askerlik yapt\u0131\u011f\u0131n\u0131 s\u00f6yleyen bir anne, burada &#8220;T\u00fcrk\u00fcn anas\u0131 daha \u00f6lmedi. Kahpe kur\u015funlar bizi y\u0131ld\u0131ramaz&#8221; dedi.<\/p>\n<p style=\"text-align: justify;\"><strong>Sakaryal\u0131lar\u0131n sabr\u0131 ta\u015ft\u0131<\/strong><\/p>\n<p style=\"text-align: justify;\">Sakarya&#8217;n\u0131n Adapazar\u0131 il\u00e7esinde, Sosyal payla\u015f\u0131m sitesi Facebook&#8217;ta, &#8220;\u015eehitlerimizi Hat\u0131rlataca\u011f\u0131z! Unutturmayaca\u011f\u0131z! Geliyor musunuz?&#8221; slogan\u0131yla a\u00e7\u0131lan sayfadaki \u00e7a\u011fr\u0131 \u00fczerine Kent Meydan\u0131&#8217;ndaki Atat\u00fcrk an\u0131t\u0131 \u00f6n\u00fcnde toplanan grup, T\u00fcrk bayraklar\u0131 ve &#8220;Sabr\u0131n da bir sonu var&#8221; yaz\u0131l\u0131 d\u00f6vizlerle ter\u00f6r \u00f6rg\u00fct\u00fc PKK aleyhine sloganlar att\u0131.<\/p>\n<p style=\"text-align: justify;\"><strong>Sivasl\u0131 k\u0131zg\u0131n<\/strong><\/p>\n<p style=\"text-align: justify;\">Sivas&#8217;ta, Cumhuriyet Meydan\u0131&#8217;nda toplanan \u00e7e\u015fitli sivil toplum \u00f6rg\u00fctlerinin \u00fcyesi grup ad\u0131na konu\u015fan T\u00fcrkiye Kamu-Sen Sivas \u0130l Temsilcisi Muzaffer Karada\u011f, &#8220;Yeter art\u0131k, y\u00fcre\u011fimiz yan\u0131yor. Ya bu ter\u00f6r\u00fc durdurun, yada millet durduracak&#8221; dedi.<\/p>\n<p style=\"text-align: justify;\">\u00dclk\u00fc Ocaklar\u0131 \u00fcyesi bir grup da dev bir T\u00fcrk Bayra\u011f\u0131 a\u00e7arak tekbirler e\u015fli\u011finde alana geldi. Grup, sloganlarla ter\u00f6re lanet ya\u011fd\u0131rd\u0131. \u0130stiklal Mar\u015f\u0131&#8217;n\u0131n okunmas\u0131n\u0131n ard\u0131ndan grup da\u011f\u0131t\u0131ld\u0131.<\/p>\n<p style=\"text-align: justify;\"><strong>\u0130zmitliler askerler i\u00e7in y\u00fcr\u00fcd\u00fc<\/strong><\/p>\n<p style=\"text-align: justify;\">\u0130zmit&#8217;te, Veliahmet Mahallesi&#8217;ndeki Cumhuriyet Park\u0131nda toplanan grup, burada dev T\u00fcrk bayra\u011f\u0131 ile &#8220;\u015eehidim Hakk\u0131n\u0131 Helal&#8221; yaz\u0131l\u0131 pankart a\u00e7\u0131p, &#8220;\u015eehitler \u00f6lmez vatan b\u00f6l\u00fcnmez&#8221; ve &#8220;Askere uzanan eller k\u0131r\u0131ls\u0131n&#8221; diye slogan atarak Cedit Mahallesi&#8217;ndeki An\u0131tpark&#8217;a geldi. Grup buradan d\u00f6nerek Y\u00fcr\u00fcy\u00fc\u015f Yolu \u00fczerinden Sabri Yal\u0131m Park\u0131na y\u00fcr\u00fcd\u00fc. Y\u00fcr\u00fcy\u00fc\u015f s\u0131ras\u0131nda baz\u0131 vatanda\u015flar gruba \u0131sl\u0131k \u00e7al\u0131p alk\u0131\u015flayarak destek verdi.<\/p>\n<p style=\"text-align: justify;\"><strong>Antalya&#8217;da tepki<\/strong><\/p>\n<p style=\"text-align: justify;\">Antalya Cumhuriyet Meydan\u0131&#8217;nda toplanan grup, dev bayraklar a\u00e7arak ter\u00f6rist sald\u0131r\u0131y\u0131 protesto etti. Ellerinde pankartlar bulunan grup, &#8220;\u015eehitler \u00f6lmez, vatan b\u00f6l\u00fcnmez&#8221;, &#8220;Ne mutlu T\u00fcrk\u00fcm diyene&#8221;, &#8220;Hepimiz askeriz PKK&#8217;ya yeteriz&#8221;, &#8220;Mustafa Kemal&#8217;in askerleriyiz&#8221; sloganlar\u0131 atarak Atat\u00fcrk Park\u0131&#8217;ndaki \u015eehitler An\u0131t\u0131&#8217;na kadar y\u00fcr\u00fcd\u00fc.<\/p>\n<p style=\"text-align: justify;\"><strong>Burdur h\u00fcz\u00fcnl\u00fc<\/strong><\/p>\n<p style=\"text-align: justify;\">Burdur&#8217;da, ter\u00f6r sald\u0131r\u0131s\u0131n\u0131 protesto eden yakla\u015f\u0131k 500 ki\u015filik grup, K\u00f6pr\u00fcba\u015f\u0131&#8217;nda toplanarak Cumhuriyet Meydan\u0131&#8217;na y\u00fcr\u00fcd\u00fc. Gruba, \u00e7ar\u015f\u0131 iznine \u00e7\u0131kan bir grup asker de alk\u0131\u015flarla destek verdi. Grup ad\u0131na bas\u0131n a\u00e7\u0131klamas\u0131 yapan Emekli Astsubaylar Derne\u011fi Ba\u015fkan\u0131 H\u00fcseyin Felek, T\u00fcrkiye Cumhuriyeti&#8217;nin huzurunu bozmaya kimsenin g\u00fcc\u00fcn\u00fcn yetmeyece\u011fini s\u00f6yledi.<\/p>\n<p style=\"text-align: justify;\"><strong>Isparta&#8217;da g\u00f6steri<\/strong><\/p>\n<p style=\"text-align: justify;\">Diyarbak\u0131r&#8217;da ya\u015fanan sald\u0131r\u0131n\u0131n ard\u0131ndan bir sosyal payla\u015f\u0131m sitesinde, &#8220;\u015eehitlerimizi hat\u0131rlayaca\u011f\u0131z! Unutturmayaca\u011f\u0131z! Geliyor musunuz?&#8221; ba\u015fl\u0131\u011f\u0131 alt\u0131nda bir araya gelen \u00e7ok say\u0131da Ispartal\u0131, Belediye \u0130\u015fhan\u0131 \u00f6n\u00fcnde protesto g\u00f6sterisinde bulundu.<\/p>\n<p style=\"text-align: justify;\">6 Mart ve Mimar Sinan Caddesi g\u00fczergah\u0131nda y\u00fcr\u00fcyen grup, &#8220;Isparta uyuma \u015fehidine sahip \u00e7\u0131k&#8221;, &#8220;\u015eehitler \u00f6lmez vatan b\u00f6l\u00fcnmez&#8221; \u015feklinde sloganlar att\u0131.<\/p>\n<p style=\"text-align: justify;\"><strong>Tokat&#8217;tan \u015fehitlere sayg\u0131<\/strong><\/p>\n<p style=\"text-align: justify;\">Tokat&#8217;ta Cumhuriyet Meydan\u0131&#8217;nda toplanan grup, ellerinde T\u00fcrk bayraklar\u0131yla, Gaziosmanpa\u015fa Bulvar\u0131&#8217;ndan Niksaryolu kav\u015fa\u011f\u0131na kadar y\u00fcr\u00fcd\u00fc.<\/p>\n<p style=\"text-align: justify;\">Ta\u015f-Han yak\u0131nlar\u0131nda toplanan grup, sald\u0131r\u0131da \u015fehit olan askerlerin ismini tek tek okuyarak &#8220;burada&#8221; diye ba\u011f\u0131rd\u0131.<\/p>\n<p style=\"text-align: justify;\">\u00c7e\u015fitli sloganlar atan grubun tekrar Cumhuriyet Meydan\u0131&#8217;na y\u00fcr\u00fcmek istemesi \u00fczerine ya\u015fanan k\u0131sa s\u00fcreli tart\u0131\u015fman\u0131n ard\u0131ndan polis ekipleri gruba y\u00fcr\u00fcy\u00fc\u015f i\u00e7in izin verdi. Gruptakiler, yoldan ge\u00e7en askeri inzibat arac\u0131ndaki askerlere de sevgi g\u00f6sterisinde bulundu.<\/p>\n<p style=\"text-align: justify;\"><strong>Erzurum \u0130stiklal Mar\u015f\u0131&#8217;yla inledi<\/strong><\/p>\n<p style=\"text-align: justify;\">Erzurum&#8217;da \u0130stasyon Meydan\u0131nda toplanan bir grup, Silvan&#8217;da 13 askerin ve Siirt&#8217;te komiserin, ter\u00f6r \u00f6rg\u00fct\u00fc PKK taraf\u0131ndan \u015fehit edilmesini protesto etmek i\u00e7in Gez Mahallesi, Hastaneler Caddesi \u00fczerinden y\u00fcr\u00fcyerek, Havuzba\u015f\u0131&#8217;na geldi. Burada, \u015fehitler i\u00e7in sayg\u0131 duru\u015funda bulunarak \u0130stiklal Mar\u015f\u0131 okuyan grup, daha sonra Cumhuriyet Caddesi \u00fczerinden Yakutiye Medresesi \u00f6n\u00fcne gelerek yine \u0130stiklal Mar\u015f\u0131 okudu.<\/p>\n<p style=\"text-align: justify;\"><strong>Mersin&#8217;de gergin protesto<\/strong><\/p>\n<p style=\"text-align: justify;\">Mersin&#8217;de, ter\u00f6r sald\u0131r\u0131s\u0131n\u0131 protesto y\u00fcr\u00fcy\u00fc\u015f\u00fc d\u00fczenleyen grup, Gen\u00e7lik K\u00fclt\u00fcr Merkezi&#8217;ni ta\u015flad\u0131.<\/p>\n<p style=\"text-align: justify;\">Silvan&#8217;da 13 askerin \u015fehit oldu\u011fu, 7 askerin yaraland\u0131\u011f\u0131 sald\u0131r\u0131y\u0131 protesto etmek isteyenler, k\u00fc\u00e7\u00fck gruplar halinde gelerek Cumhuriyet Meydan\u0131&#8217;nda topland\u0131. Burada sayg\u0131 duru\u015funda bulunarak, \u0130stiklal Mar\u015f\u0131&#8217;n\u0131 okuyan gruptakiler, \u015fehit askerlerin isimlerini okuyarak temsili yoklama ald\u0131.<\/p>\n<p style=\"text-align: justify;\">Daha sonra Hastane Caddesi&#8217;ne g\u00fczergah\u0131n\u0131 takiben y\u00fcr\u00fcy\u00fc\u015f\u00fcne devam eden grup, BDP&#8217;ye yak\u0131nl\u0131\u011f\u0131 ile bilinen Gen\u00e7lik K\u00fclt\u00fcr Merkezi&#8217;nin \u00f6n\u00fcnden ge\u00e7erken, binay\u0131 ta\u015flad\u0131. Bu s\u0131rada at\u0131lan ta\u015flardan birinin ba\u015f\u0131na isabet etti\u011fi polis memuru hafif \u015fekilde yaraland\u0131.<\/p>\n<p style=\"text-align: justify;\">Olay yerine \u00c7evik Kuvvet \u015eube M\u00fcd\u00fcrl\u00fc\u011f\u00fc ekiplerinin sevk edilmesinin ard\u0131ndan kontrol alt\u0131na al\u0131nan grup, &#8220;\u015eehitler \u00f6lmez vatan b\u00f6l\u00fcnmez&#8221;, &#8220;Kahrolsun PKK&#8221;, &#8220;Mehmet\u00e7ik burada PKK nerede?&#8221;, &#8220;Hepimiz Mehmet\u00e7i\u011fiz&#8221; sloganlar\u0131 att\u0131.<\/p>\n<p style=\"text-align: justify;\">Da\u011f\u0131l\u0131m s\u0131ras\u0131nda geni\u015f g\u00fcvenlik \u00f6nlemi alan polis, BDP \u0130l binas\u0131 \u00f6n\u00fcndeki tedbirlerini de art\u0131rd\u0131.<\/p>\n<p style=\"text-align: justify;\"><strong>I\u011fd\u0131r<\/strong><\/p>\n<p style=\"text-align: justify;\">E\u011fitim Bir-Sen I\u011fd\u0131r \u015eube Ba\u015fkan\u0131 Levent G\u00fcrel, sendika binas\u0131nda d\u00fczenledi\u011fi bas\u0131n toplant\u0131s\u0131nda, ter\u00f6r \u00f6rg\u00fct\u00fc PKK taraf\u0131ndan \u015fehit edilen 13 Mehmet\u00e7ik i\u00e7in \u00fcz\u00fcnt\u00fcl\u00fc olduklar\u0131n\u0131 belirterek, ter\u00f6r \u00f6rg\u00fct\u00fcn\u00fc k\u0131nad\u0131klar\u0131n\u0131 ifade etti.<\/p>\n<p style=\"text-align: justify;\"><strong>Denizli<\/strong><\/p>\n<p style=\"text-align: justify;\">Denizli&#8217;de bir grup, Diyarbak\u0131r&#8217;\u0131n Silvan il\u00e7esindeki ter\u00f6r sald\u0131r\u0131s\u0131n\u0131 motosikletlerine takt\u0131klar\u0131 T\u00fcrk bayraklar\u0131yla protesto etti.<\/p>\n<p style=\"text-align: justify;\">Motosikletleriyle Delikli\u00e7\u0131nar Meydan\u0131&#8217;na gelen grup, meydanda bir s\u00fcre korna \u00e7alarak ve motosikletlerine gaz vererek ter\u00f6r sald\u0131r\u0131s\u0131na tepki g\u00f6sterdi.<\/p>\n<p style=\"text-align: justify;\"><strong>Samsun<\/strong><\/p>\n<p style=\"text-align: justify;\">Diyarbak\u0131r&#8217;\u0131n Silvan il\u00e7esinde \u015fehit olan 13 askeri anmak ve ter\u00f6r \u00f6rg\u00fct\u00fcn\u00fc lanetlemek amac\u0131yla Samsun&#8217;da y\u00fcr\u00fcy\u00fc\u015f d\u00fczenlendi.<\/p>\n<p style=\"text-align: justify;\">Cumhuriyet Meydan\u0131&#8217;nda ellerinde T\u00fcrk bayraklar\u0131yla toplanan kalabal\u0131k bir grup, burada \u0130stiklal Mar\u015f\u0131 okudu. Ard\u0131ndan tek tek 13 \u015fehidin isimlerini okuyan grup, hep birlikte &#8216;burada&#8217; diye ba\u011f\u0131rd\u0131.<\/p>\n<p style=\"text-align: justify;\"><strong>Rize<\/strong><\/p>\n<p style=\"text-align: justify;\">\u00c7aykur Rizespor Taraftar Dernekleri \u00f6nc\u00fcl\u00fc\u011f\u00fcnde Cumhuriyet Meydan\u0131&#8217;nda toplanan vatanda\u015flar, ter\u00f6r\u00fc telin y\u00fcr\u00fcy\u00fc\u015f\u00fc d\u00fczenledi.<\/p>\n<p style=\"text-align: justify;\">Y\u00fcr\u00fcy\u00fc\u015f \u00f6ncesi grup ad\u0131na a\u00e7\u0131klama yapan \u015euayip Bozkurt, T\u00fcrkiye&#8217;ye kar\u015f\u0131 d\u0131\u015f g\u00fc\u00e7lerin ve piyonlar\u0131n\u0131n oynad\u0131\u011f\u0131 bu oyunlar\u0131n bozulmas\u0131 i\u00e7in devletin bu konuda birtak\u0131m \u00f6nlemler alaca\u011f\u0131na inand\u0131klar\u0131n\u0131 s\u00f6yledi.<\/p>\n<p style=\"text-align: justify;\"><strong>\u00c7orum<\/strong><\/p>\n<p style=\"text-align: justify;\">Diyarbak\u0131r&#8217;\u0131n Silvan il\u00e7esindeki sald\u0131r\u0131, \u00c7orum&#8217;da sosyal payla\u015f\u0131m sitesi \u00fczerinden bir araya gelen 200 ki\u015finin kat\u0131l\u0131m\u0131yla d\u00fczenlenen y\u00fcr\u00fcy\u00fc\u015fle protesto edildi.<\/p>\n<p style=\"text-align: justify;\">Sosyal payla\u015f\u0131m sitesi \u00fczerinde kurulan &#8220;\u015eehitler \u0130\u00e7in Var m\u0131s\u0131n \u00c7orum?&#8221; adl\u0131 grup arac\u0131l\u0131\u011f\u0131yla bir araya gelen yakla\u015f\u0131k 200 ki\u015fi, H\u00fcrriyet Meydan\u0131&#8217;ndaki PTT binas\u0131 \u00f6n\u00fcnde topland\u0131.<\/p>\n<p style=\"text-align: justify;\"><strong>D\u00fczce<\/strong><\/p>\n<p style=\"text-align: justify;\">D\u00fczce&#8217;de bir grup vatanda\u015f, Silvan&#8217;daki hain sald\u0131r\u0131y\u0131 protesto etti. D\u00fczce An\u0131tpark Alan\u0131&#8217;nda toplanan grup, \u015fehitler i\u00e7in sayg\u0131 duru\u015funda bulundu ve \u0130stiklal Mar\u015f\u0131&#8217;n\u0131 okudu. Daha sonra Spor Sokak ve Gaziantep Caddesi&#8217;ni ge\u00e7erek \u0130stanbul Caddesi&#8217;ne gelen grup, ter\u00f6r \u00f6rg\u00fct\u00fc aleyhine slogan atarak tekrar An\u0131tpark Alan\u0131&#8217;na ula\u015ft\u0131. Burada 10. Y\u0131l Mar\u015f\u0131 okuyan grup, olays\u0131z bir \u015fekilde da\u011f\u0131ld\u0131. Baz\u0131 vatanda\u015flar ve ara\u00e7 s\u00fcr\u00fcc\u00fcleri, y\u00fcr\u00fcy\u00fc\u015f yapan kalabal\u0131\u011fa destek verdi.<\/p>\n<p style=\"text-align: justify;\"><strong>Zonguldak<\/strong><\/p>\n<p style=\"text-align: justify;\">Zonguldak&#8217;ta kent merkezindeki Madenci An\u0131t\u0131 \u00f6n\u00fcnde toplanan grup, \u00e7e\u015fitli sloganlara atarak ter\u00f6r \u00f6rg\u00fct\u00fcn\u00fc lanetledi.<\/p>\n<p style=\"text-align: justify;\">Bu arada, gruptakiler, yol kenar\u0131nda kendilerini izleyen vatanda\u015flara tepki g\u00f6stererek, &#8220;Zonguldak uyuma, \u015fehidine sahip \u00e7\u0131k&#8221; \u015feklinde slogan att\u0131.<\/p>\n<p style=\"text-align: justify;\"><strong>Edirne<\/strong><\/p>\n<p style=\"text-align: justify;\">Edirne&#8217;de, sosyal payla\u015f\u0131m sitesi \u00fczerinden organize olan vatanda\u015flar, Sara\u00e7lar Caddesi&#8217;ndeki PTT Ba\u015fm\u00fcd\u00fcrl\u00fc\u011f\u00fc \u00f6n\u00fcnde topland\u0131. Ellerinde bayraklarla, &#8220;\u015eehitler \u00f6lmez, vatan b\u00f6l\u00fcnmez&#8221;, &#8220;Kahrolsun PKK&#8221; sloganlar\u0131 atan grup, \u015fehitlik \u00f6n\u00fcnde sayg\u0131 duru\u015funda bulunarak, \u0130stiklal Mar\u015f\u0131&#8217;n\u0131 okudu.<\/p>\n<p style=\"text-align: justify;\"><strong>K\u00fctahya<\/strong><\/p>\n<p style=\"text-align: justify;\">\u0130nternetteki sosyal payla\u015f\u0131m sitesi arac\u0131l\u0131\u011f\u0131yla planlanan etkinlik kapsam\u0131nda \u00e7e\u015fitli siyasi partiler, sivil toplum \u00f6rg\u00fctleri, \u00f6\u011frenci gruplar\u0131 ve vatanda\u015flardan olu\u015fan grup, Zafer Meydan\u0131&#8217;nda topland\u0131.<\/p>\n<p style=\"text-align: justify;\"><a href=\"http:\/\/www.cnnturk.com\/2011\/turkiye\/07\/17\/turkiye.sehitleri.icin.yurudu\/623185.0\/index.html\" target=\"_blank\">Kaynak : CNN T\u00dcRK<\/a><\/p>\n","protected":false},"excerpt":{"rendered":"<p style=\"text-align: justify;\">\n<p style=\"text-align: justify;\">Diyarbak\u0131r&#8217;\u0131n Silvan il\u00e7esinde u\u011frad\u0131klar\u0131 sald\u0131r\u0131 nedeniyle \u015fehit olan 13 askerin ard\u0131ndan bir araya gelen vatanda\u015flar ve sivil toplum \u00f6rg\u00fctleri, T\u00fcrkiye&#8217;nin d\u00f6rt bir yan\u0131nda protesto g\u00f6sterileri d\u00fczenledi.<\/p>\n","protected":false},"author":1,"featured_media":0,"comment_status":"open","ping_status":"open","sticky":false,"template":"","format":"standard","meta":{"footnotes":""},"categories":[105],"tags":[],"class_list":["post-36963","post","type-post","status-publish","format-standard","hentry","category-gundem","odd"],"_links":{"self":[{"href":"http:\/\/www.korhanyilmaz.com\/index.php?rest_route=\/wp\/v2\/posts\/36963","targetHints":{"allow":["GET"]}}],"collection":[{"href":"http:\/\/www.korhanyilmaz.com\/index.php?rest_route=\/wp\/v2\/posts"}],"about":[{"href":"http:\/\/www.korhanyilmaz.com\/index.php?rest_route=\/wp\/v2\/types\/post"}],"author":[{"embeddable":true,"href":"http:\/\/www.korhanyilmaz.com\/index.php?rest_route=\/wp\/v2\/users\/1"}],"replies":[{"embeddable":true,"href":"http:\/\/www.korhanyilmaz.com\/index.php?rest_route=%2Fwp%2Fv2%2Fcomments&post=36963"}],"version-history":[{"count":0,"href":"http:\/\/www.korhanyilmaz.com\/index.php?rest_route=\/wp\/v2\/posts\/36963\/revisions"}],"wp:attachment":[{"href":"http:\/\/www.korhanyilmaz.com\/index.php?rest_route=%2Fwp%2Fv2%2Fmedia&parent=36963"}],"wp:term":[{"taxonomy":"category","embeddable":true,"href":"http:\/\/www.korhanyilmaz.com\/index.php?rest_route=%2Fwp%2Fv2%2Fcategories&post=36963"},{"taxonomy":"post_tag","embeddable":true,"href":"http:\/\/www.korhanyilmaz.com\/index.php?rest_route=%2Fwp%2Fv2%2Ftags&post=36963"}],"curies":[{"name":"wp","href":"https:\/\/api.w.org\/{rel}","templated":true}]}}