{"id":36958,"date":"2011-07-17T16:31:19","date_gmt":"2011-07-17T13:31:19","guid":{"rendered":"http:\/\/www.korhanyilmaz.com\/?p=36958"},"modified":"2011-07-17T21:15:45","modified_gmt":"2011-07-17T18:15:45","slug":"gul-ve-erdogan-tabuta-birlikte-omuz-verdi","status":"publish","type":"post","link":"http:\/\/www.korhanyilmaz.com\/?p=36958","title":{"rendered":"G\u00fcl ve Erdo\u011fan tabuta birlikte omuz verdi"},"content":{"rendered":"<p style=\"text-align: justify;\"><a href=\"http:\/\/www.korhanyilmaz.com\/wp-content\/uploads\/2011\/07\/1651.jpg\"  class=\"lightview\"><img loading=\"lazy\" decoding=\"async\" class=\"aligncenter size-full wp-image-36959\" title=\"\" src=\"http:\/\/www.korhanyilmaz.com\/wp-content\/uploads\/2011\/07\/1651.jpg\" alt=\"\" width=\"298\" height=\"203\" \/><\/a><\/p>\n<p style=\"text-align: justify;\">ENSAR Vakf\u0131 eski Ba\u015fkan\u0131 Ahmet \u015ei\u015fman, Cumhurba\u015fkan\u0131 G\u00fcl ve Ba\u015fbakan Erdo\u011fan&#8217;\u0131n da kat\u0131ld\u0131\u011f\u0131 cenaze t\u00f6reniyle topra\u011fa verildi. G\u00fcl ve Erdo\u011fan, tabuta birlikte omuz verdi.<\/p>\n<p style=\"text-align: justify;\">\u0130STANBUL &#8211; Kalp krizi sonucu hayat\u0131n\u0131 kaybeden ENSAR Vakf\u0131 eski Ba\u015fkan\u0131 Ahmet \u015ei\u015fman i\u00e7in Fatih Camisi&#8217;nde d\u00fczenlenen cenaze t\u00f6renine gelen Cumhurba\u015fkan\u0131 Abdullah G\u00fcl ve Ba\u015fbakan Recep Tayyip Erdo\u011fan, \u015ei\u015fman&#8217;\u0131n ailesine ba\u015f sa\u011fl\u0131\u011f\u0131 diledi. G\u00fcl ve Erdo\u011fan, daha sonra \u00f6\u011fle namaz\u0131 i\u00e7in camiye girdi. <!--more--><\/p>\n<p style=\"text-align: justify;\">Cumhurba\u015fkan\u0131 G\u00fcl ve Ba\u015fbakan Erdo\u011fan, Ahmet \u015ei\u015fman i\u00e7in k\u0131l\u0131nan cenaze namaz\u0131nda da saf tuttu.<\/p>\n<p style=\"text-align: justify;\">Cenaze namaz\u0131n\u0131n ard\u0131ndan Cumhurba\u015fkan\u0131 G\u00fcl ile Ba\u015fbakan Erdo\u011fan, \u015ei\u015fman&#8217;\u0131n tabutuna ayn\u0131 anda omuz atarak, cenaze arabas\u0131na konulmas\u0131na refakat etti.<\/p>\n<p style=\"text-align: justify;\">Camideki t\u00f6rene, G\u00fcmr\u00fck ve Ticaret Bakan\u0131 Hayati Yaz\u0131c\u0131, Milli E\u011fitim Bakan\u0131 \u00d6mer Din\u00e7er, D\u0131\u015fi\u015fleri Bakan\u0131 Ahmet Davuto\u011flu, \u0130stanbul Valisi H\u00fcseyin Avni Mutlu, \u0130stanbul B\u00fcy\u00fck\u015fehir Belediye Ba\u015fkan\u0131 Kadir Topba\u015f ve \u0130stanbul Emniyet M\u00fcd\u00fcr\u00fc H\u00fcseyin \u00c7apk\u0131n ile \u015ei\u015fman&#8217;\u0131n ailesi ve yak\u0131nlar\u0131 da kat\u0131ld\u0131.<\/p>\n<p style=\"text-align: justify;\">\u015ei\u015fman&#8217;\u0131n cenazesi daha sonra g\u00f6t\u00fcr\u00fcld\u00fc\u011f\u00fc Edirnekap\u0131 Mezarl\u0131\u011f\u0131&#8217;nda defnedildi.<\/p>\n<p style=\"text-align: justify;\">Camideki t\u00f6renin ard\u0131ndan, Cumhurba\u015fkan\u0131 G\u00fcl ile Ba\u015fbakan Erdo\u011fan buradan ayr\u0131ld\u0131.<\/p>\n<p style=\"text-align: justify;\">D\u0131\u015fi\u015fleri Bakan\u0131 Davuto\u011flu da Cumhurba\u015fkan\u0131 G\u00fcl&#8217;\u00fcn arac\u0131yla camiden ayr\u0131ld\u0131.<\/p>\n<p style=\"text-align: justify;\"><a href=\"http:\/\/www.ntvmsnbc.com\/id\/25232979\/\" target=\"_blank\">Kaynak : NTVMSNBC<\/a><\/p>\n","protected":false},"excerpt":{"rendered":"<p style=\"text-align: justify;\">\n<p style=\"text-align: justify;\">ENSAR Vakf\u0131 eski Ba\u015fkan\u0131 Ahmet \u015ei\u015fman, Cumhurba\u015fkan\u0131 G\u00fcl ve Ba\u015fbakan Erdo\u011fan&#8217;\u0131n da kat\u0131ld\u0131\u011f\u0131 cenaze t\u00f6reniyle topra\u011fa verildi. G\u00fcl ve Erdo\u011fan, tabuta birlikte omuz verdi.<\/p>\n<p style=\"text-align: justify;\">\u0130STANBUL &#8211; Kalp krizi sonucu hayat\u0131n\u0131 kaybeden ENSAR Vakf\u0131 eski Ba\u015fkan\u0131 Ahmet \u015ei\u015fman i\u00e7in Fatih Camisi&#8217;nde d\u00fczenlenen cenaze t\u00f6renine gelen Cumhurba\u015fkan\u0131 Abdullah G\u00fcl ve <\/p>\n","protected":false},"author":1,"featured_media":0,"comment_status":"open","ping_status":"open","sticky":false,"template":"","format":"standard","meta":{"footnotes":""},"categories":[105],"tags":[],"class_list":["post-36958","post","type-post","status-publish","format-standard","hentry","category-gundem","odd"],"_links":{"self":[{"href":"http:\/\/www.korhanyilmaz.com\/index.php?rest_route=\/wp\/v2\/posts\/36958","targetHints":{"allow":["GET"]}}],"collection":[{"href":"http:\/\/www.korhanyilmaz.com\/index.php?rest_route=\/wp\/v2\/posts"}],"about":[{"href":"http:\/\/www.korhanyilmaz.com\/index.php?rest_route=\/wp\/v2\/types\/post"}],"author":[{"embeddable":true,"href":"http:\/\/www.korhanyilmaz.com\/index.php?rest_route=\/wp\/v2\/users\/1"}],"replies":[{"embeddable":true,"href":"http:\/\/www.korhanyilmaz.com\/index.php?rest_route=%2Fwp%2Fv2%2Fcomments&post=36958"}],"version-history":[{"count":0,"href":"http:\/\/www.korhanyilmaz.com\/index.php?rest_route=\/wp\/v2\/posts\/36958\/revisions"}],"wp:attachment":[{"href":"http:\/\/www.korhanyilmaz.com\/index.php?rest_route=%2Fwp%2Fv2%2Fmedia&parent=36958"}],"wp:term":[{"taxonomy":"category","embeddable":true,"href":"http:\/\/www.korhanyilmaz.com\/index.php?rest_route=%2Fwp%2Fv2%2Fcategories&post=36958"},{"taxonomy":"post_tag","embeddable":true,"href":"http:\/\/www.korhanyilmaz.com\/index.php?rest_route=%2Fwp%2Fv2%2Ftags&post=36958"}],"curies":[{"name":"wp","href":"https:\/\/api.w.org\/{rel}","templated":true}]}}