{"id":36951,"date":"2011-07-16T19:16:38","date_gmt":"2011-07-16T16:16:38","guid":{"rendered":"http:\/\/www.korhanyilmaz.com\/?p=36951"},"modified":"2011-07-16T20:13:08","modified_gmt":"2011-07-16T17:13:08","slug":"sehide-kelle-mi-demeye-geldin","status":"publish","type":"post","link":"http:\/\/www.korhanyilmaz.com\/?p=36951","title":{"rendered":"\u015eehide kelle mi demeye geldin?"},"content":{"rendered":"<p style=\"text-align: justify;\"><a href=\"http:\/\/www.korhanyilmaz.com\/wp-content\/uploads\/2011\/07\/1650.jpg\"  class=\"lightview\"><img loading=\"lazy\" decoding=\"async\" class=\"aligncenter size-full wp-image-36952\" title=\"\" src=\"http:\/\/www.korhanyilmaz.com\/wp-content\/uploads\/2011\/07\/1650.jpg\" alt=\"\" width=\"292\" height=\"201\" \/><\/a><\/p>\n<p style=\"text-align: justify;\">PKK&#8217;l\u0131lar\u0131n Diyarbak\u0131r&#8217;daki sald\u0131r\u0131s\u0131nda \u015fehit d\u00fc\u015fen Jandarma Uzman \u00c7avu\u015f G\u00f6khan Y\u0131ld\u0131r\u0131m ile Jandarma Uzman \u00c7avu\u015f Mustafa G\u00fcney&#8217;in cenazesi, memleketleri Adana&#8217;da son yolculuklar\u0131na u\u011furland\u0131. Cenaze t\u00f6renine kat\u0131lan AK Parti Genel Ba\u015fkan Yard\u0131mc\u0131s\u0131 ve Adana Milletvekili \u00d6mer \u00c7elik yuhaland\u0131, a\u015f\u0131r\u0131 s\u0131caktan bay\u0131lanlar oldu, \u015fehit G\u00fcney&#8217;in annesi fenala\u015f\u0131nca t\u00f6rene sedye ile getirildi. <!--more--><\/p>\n<p style=\"text-align: justify;\">Sabanc\u0131 Camii&#8217;ndeki t\u00f6rene Vali \u0130lhan At\u0131\u015f, AK Parti Genel Ba\u015fkan Yard\u0131mc\u0131s\u0131 ve Adana Milletvekili \u00d6mer \u00c7elik, AK Parti Adana milletvekilleri Necdet \u00dcn\u00fcvar, Mehmet \u015e\u00fckr\u00fc Erdin\u00e7, CHP Adana milletvekilleri Turgay Develi, \u00dcmit \u00d6zg\u00fcm\u00fc\u015f, MHP Adana Milletvekili Seyfettin Y\u0131lmaz, 6&#8217;nc\u0131 Kolordu Komutan\u0131 Korgeneral Mehmet Er\u00f6z, Jandarma B\u00f6lge Komutan\u0131 Tu\u011fgeneral Ali Lapanda, B\u00fcy\u00fck\u015fehir Belediye Ba\u015fkan Vekili Zihni Ald\u0131rmaz, \u015fehit yak\u0131nlar\u0131 ile yakla\u015f\u0131k 5 bin ki\u015fi kat\u0131ld\u0131. Cami bah\u00e7esindeki t\u00f6rene iki \u015fehit i\u00e7in g\u00f6nderilen ayr\u0131 ayr\u0131 \u00e7elenklerin biri, &#8216;birer tane yeter&#8217; gerek\u00e7esiyle d\u0131\u015far\u0131 \u00e7\u0131kart\u0131ld\u0131. A\u015f\u0131r\u0131 s\u0131caktan bay\u0131lanlar olunca sa\u011fl\u0131k ekipleri m\u00fcdahale etti, askerler de t\u00f6rene kat\u0131lanlara so\u011fuk su da\u011f\u0131tt\u0131.<\/p>\n<p style=\"text-align: justify;\"><strong>\u00d6mer \u00c7elik&#8217;e tepki<\/strong><\/p>\n<p style=\"text-align: justify;\">T\u00f6ren alan\u0131na Vali \u0130lhan At\u0131\u015f ile birlikte gelen \u00d6mer \u00c7elik&#8217;i g\u00f6ren kalabal\u0131ktan bir grup &#8216;<strong>yuh<\/strong>&#8216; \u00e7ekmeye ba\u015flad\u0131. &#8216;<strong>Kahrolsun PKK<\/strong>&#8216; sloganlar\u0131 atan grup, &#8216;<strong>\u015eehide kelle mi demeye geldin?<\/strong>&#8216; diyerek \u00d6mer \u00c7elik&#8217;e tepki g\u00f6sterdi. Cami bah\u00e7esinden cenazenin \u00e7\u0131k\u0131\u015f\u0131 s\u0131ras\u0131nda da \u00d6mer \u00c7elik&#8217;e y\u00f6nelik tepkinin dozu artarak s\u00f6zl\u00fc sata\u015fmaya d\u00f6n\u00fc\u015ft\u00fc. Baz\u0131 ki\u015filer, \u00c7elik&#8217;e ula\u015fabilmek i\u00e7in 3 s\u0131ra halinde barikat olu\u015fturan polisi a\u015fmaya \u00e7al\u0131\u015ft\u0131. Bu ki\u015filer g\u00fc\u00e7l\u00fckle engellendi.<\/p>\n<p style=\"text-align: justify;\">\u00d6mer \u00c7elik&#8217;in protestolara sessiz kalmas\u0131 \u00fczerine tepkinin dozunu art\u0131ranlar, &#8220;Anam\u0131z a\u011flad\u0131, ne y\u00fczle geliyorsunuz?&#8221; diye ba\u011f\u0131rd\u0131. Tepkilere kar\u015f\u0131l\u0131k vermeyen \u00c7elik, cenazeleri son yolculuklar\u0131na u\u011furlayan protokol\u00fcn aras\u0131nda asker selam\u0131 verdi, ard\u0131ndan da Vali At\u0131\u015f&#8217;\u0131n makam otomobiliyle ayr\u0131ld\u0131.<\/p>\n<p style=\"text-align: justify;\">T\u00f6ren ard\u0131ndan cenaze namaz\u0131 k\u0131l\u0131n\u0131rken bir ki\u015fi, &#8220;Askerlerimizi i\u00e7eri ald\u0131n\u0131z, hep tutuklad\u0131n\u0131z, o askerler Apo&#8217;yu yakalay\u0131p getirdiler, d\u0131\u015far\u0131da kalanlar da \u015fehit oluyorlar&#8221; diye ba\u011f\u0131rd\u0131. Sivil polisler ise protokole olas\u0131 sald\u0131r\u0131ya kar\u015f\u0131 ellerinde \u015femsiyelerle bekledi.<\/p>\n<p style=\"text-align: justify;\"><strong>Anne sedyede<\/strong><\/p>\n<p style=\"text-align: justify;\">\u015eehit Mustafa G\u00fcney&#8217;in annesi Dudu G\u00fcney ise, fenala\u015f\u0131nca t\u00f6ren alan\u0131na sedye ile getirildi. \u015eehit Y\u0131ld\u0131r\u0131m&#8217;\u0131n karde\u015fi G\u00fcney Y\u0131ld\u0131r\u0131m, a\u011fabeyinin \u015fapkas\u0131n\u0131 tak\u0131p, foto\u011fraf\u0131n\u0131 ta\u015f\u0131d\u0131. K\u0131z karde\u015fi Bedriye ise fenal\u0131k ge\u00e7irdi.<\/p>\n<p style=\"text-align: justify;\">\u015eehit annesi Y\u0131ld\u0131z Y\u0131ld\u0131r\u0131m, &#8220;H\u00fck\u00fcmet bunu duysun, bu son olsun. Ac\u0131m\u0131z son bulsun&#8221; dedi. Baba Ya\u015far Y\u0131ld\u0131r\u0131m ise, &#8220;PKK kahrolsun, ac\u0131m\u0131z \u00e7ok b\u00fcy\u00fck. Bu olaylar\u0131n son bulmas\u0131n\u0131 istiyoruz. Vatan sa\u011folsun&#8221; diyerek konu\u015ftu.<\/p>\n<p style=\"text-align: justify;\"><strong>Hamile e\u015fi yak\u0131nlar\u0131n\u0131n kollar\u0131nda geldi<\/strong><\/p>\n<p style=\"text-align: justify;\">Di\u011fer \u015fehit Uzman \u00c7avu\u015f Mustafa G\u00fcney&#8217;in e\u015fi 8 ayl\u0131k hamile Merve G\u00fcney ise t\u00f6rene yak\u0131nlar\u0131n\u0131n kollar\u0131nda geldi. Gen\u00e7 kad\u0131n, t\u00f6ren ba\u015flayana kadar bah\u00e7edeki bir a\u011fac\u0131n g\u00f6lgesinde bekletildi.<\/p>\n<p style=\"text-align: justify;\">Polisin yo\u011fun g\u00fcvenlik \u00f6nlemi ald\u0131\u011f\u0131 alanda toplanan T\u00fcrkiye Harp Malul\u00fc Gaziler Derne\u011fi \u00fcyeleri ile vatanda\u015flar da &#8216;Meclis&#8217;te PKK istemiyoruz&#8217;, &#8216;Askere uzanan eller k\u0131r\u0131ls\u0131n&#8217;, &#8216;\u0130mral\u0131y\u0131 basal\u0131m, Apo&#8217;yu asal\u0131m&#8217;, &#8216;\u015eehide kelle mi demeye geldin?&#8217; sloganlar\u0131 att\u0131.<\/p>\n<p style=\"text-align: justify;\">\u015eehit Mustafa G\u00fcney&#8217;in cenazesi Adana&#8217;n\u0131n Y\u00fcre\u011fir \u0130l\u00e7esi&#8217;ne ba\u011fl\u0131 \u00c7elemli Beldesi&#8217;ne, G\u00f6khan Y\u0131ld\u0131r\u0131m&#8217;\u0131n cenazesi Ceyhan \u0130l\u00e7esi&#8217;nin Doruk Beldesi&#8217;ne g\u00f6nderildi.<\/p>\n<p style=\"text-align: justify;\"><a href=\"http:\/\/www.cnnturk.com\/2011\/turkiye\/07\/16\/sehit.cenazesinde.akpli.celike.tepki\/623143.0\/index.html\" target=\"_blank\">Kaynak : CNN T\u00dcRK<\/a><\/p>\n<p style=\"text-align: justify;\">\n","protected":false},"excerpt":{"rendered":"<p style=\"text-align: justify;\">\n<p style=\"text-align: justify;\">PKK&#8217;l\u0131lar\u0131n Diyarbak\u0131r&#8217;daki sald\u0131r\u0131s\u0131nda \u015fehit d\u00fc\u015fen Jandarma Uzman \u00c7avu\u015f G\u00f6khan Y\u0131ld\u0131r\u0131m ile Jandarma Uzman \u00c7avu\u015f Mustafa G\u00fcney&#8217;in cenazesi, memleketleri Adana&#8217;da son yolculuklar\u0131na u\u011furland\u0131. Cenaze t\u00f6renine kat\u0131lan AK Parti Genel Ba\u015fkan Yard\u0131mc\u0131s\u0131 ve Adana Milletvekili \u00d6mer \u00c7elik yuhaland\u0131, a\u015f\u0131r\u0131 s\u0131caktan bay\u0131lanlar oldu, \u015fehit G\u00fcney&#8217;in annesi fenala\u015f\u0131nca t\u00f6rene sedye ile getirildi. <\/p>\n","protected":false},"author":1,"featured_media":0,"comment_status":"open","ping_status":"open","sticky":false,"template":"","format":"standard","meta":{"footnotes":""},"categories":[105],"tags":[],"class_list":["post-36951","post","type-post","status-publish","format-standard","hentry","category-gundem","odd"],"_links":{"self":[{"href":"http:\/\/www.korhanyilmaz.com\/index.php?rest_route=\/wp\/v2\/posts\/36951","targetHints":{"allow":["GET"]}}],"collection":[{"href":"http:\/\/www.korhanyilmaz.com\/index.php?rest_route=\/wp\/v2\/posts"}],"about":[{"href":"http:\/\/www.korhanyilmaz.com\/index.php?rest_route=\/wp\/v2\/types\/post"}],"author":[{"embeddable":true,"href":"http:\/\/www.korhanyilmaz.com\/index.php?rest_route=\/wp\/v2\/users\/1"}],"replies":[{"embeddable":true,"href":"http:\/\/www.korhanyilmaz.com\/index.php?rest_route=%2Fwp%2Fv2%2Fcomments&post=36951"}],"version-history":[{"count":0,"href":"http:\/\/www.korhanyilmaz.com\/index.php?rest_route=\/wp\/v2\/posts\/36951\/revisions"}],"wp:attachment":[{"href":"http:\/\/www.korhanyilmaz.com\/index.php?rest_route=%2Fwp%2Fv2%2Fmedia&parent=36951"}],"wp:term":[{"taxonomy":"category","embeddable":true,"href":"http:\/\/www.korhanyilmaz.com\/index.php?rest_route=%2Fwp%2Fv2%2Fcategories&post=36951"},{"taxonomy":"post_tag","embeddable":true,"href":"http:\/\/www.korhanyilmaz.com\/index.php?rest_route=%2Fwp%2Fv2%2Ftags&post=36951"}],"curies":[{"name":"wp","href":"https:\/\/api.w.org\/{rel}","templated":true}]}}