{"id":3695,"date":"2009-02-26T15:48:54","date_gmt":"2009-02-26T13:48:54","guid":{"rendered":"http:\/\/www.korhanyilmaz.com\/?p=3695"},"modified":"2009-02-26T15:48:54","modified_gmt":"2009-02-26T13:48:54","slug":"rtukten-erdogana-inceleme","status":"publish","type":"post","link":"http:\/\/www.korhanyilmaz.com\/?p=3695","title":{"rendered":"RT\u00dcK&#039;ten Erdo\u011fan&#039;a inceleme"},"content":{"rendered":"<p style=\"text-align: center;\"><img loading=\"lazy\" decoding=\"async\" class=\"aligncenter size-full wp-image-3696\" title=\"RT\u00dcK'ten Erdo\u011fan'a inceleme \" src=\"http:\/\/www.korhanyilmaz.com\/wp-content\/uploads\/2009\/02\/260220091548586138704.jpg\" alt=\"RT\u00dcK'ten Erdo\u011fan'a inceleme \" width=\"376\" height=\"240\" \/><\/p>\n<p style=\"text-align: justify;\"><strong>SHP, Erdo\u011fan&#8217;\u0131 &#8220;al\u00e7ak, namert, \u00e7irkeflik, maskaral\u0131k&#8221; s\u00f6zleri nedeniyle \u015fikayet etti<\/strong>.<\/p>\n<p style=\"text-align: justify;\">SHP, Ba\u015fbakan Recep Tayyip Erdo\u011fan&#8217;\u0131, sarf etti\u011fi &#8216;al\u00e7ak, namert, \u00e7irkeflik, maskaral\u0131k&#8217; \u015feklindeki s\u00f6zlerinden \u00f6t\u00fcr\u00fc; e\u011fitimin genel ama\u00e7lar\u0131, temel ilkeleri, milli k\u00fclt\u00fcr\u00fcn geli\u015ftirilmesi ile gen\u00e7lerin ve \u00e7ocuklar\u0131n geli\u015fimini olumsuz etkiledi\u011fi gerek\u00e7esiyle RT\u00dcK&#8217;e \u015fikayet etti.<\/p>\n<p style=\"text-align: justify;\">SHP&#8217;den yap\u0131lan a\u00e7\u0131klamada; parti olarak 18 \u015eubat&#8217;ta RT\u00dcK&#8217;e ba\u015fvuru yapt\u0131klar\u0131, ba\u015fvurular\u0131nda ise Ba\u015fbakan\u0131 Recep Tayyip Erdo\u011fan&#8217;\u0131n, radyo ve televizyon yay\u0131nlar\u0131ndan kamuoyuna yans\u0131yan kimi konu\u015fmalar\u0131nda yurtta\u015flara hakaret etti\u011fi, &#8220;\u015fehitlere kelle; \u00e7ift\u00e7iye anan\u0131 da al git dedi\u011fi; memuru, i\u015f\u00e7iyi ve b\u00fcy\u00fckel\u00e7iyi azarlad\u0131\u011f\u0131n\u0131n bilindi\u011fi ifade edildi. Ba\u015fbakan Erdo\u011fan&#8217;\u0131n se\u00e7im meydanlar\u0131ndaki konu\u015fmalar\u0131n\u0131n da \u015fikayet konusu edildi\u011fi SHP&#8217;nin RT\u00dcK&#8217;e ba\u015fvuru dilek\u00e7esinde \u015fu ifadelere yer verildi:<!--more--><br \/>\n&#8220;Ba\u015fbakan Yunanl\u0131 Parlamentere &#8216;ne kadar sallarsan salla&#8217;; 16 \u015eubat&#8217;ta Nev\u015fehir&#8217;de yapt\u0131\u011f\u0131 miting konu\u015fmas\u0131nda se\u00e7im yard\u0131mlar\u0131n\u0131 yasaklayan YSK karar\u0131na kar\u015f\u0131 &#8220;bizi \u0131rgalamaz, yolumuza devam edece\u011fiz&#8221; demi\u015ftir. Yine Sinop-Boyabat T\u00fcnelli ge\u00e7it yolunun hizmete a\u00e7\u0131lmas\u0131 t\u00f6reninde mikrofondan, &#8220;\u015fimdi beni k\u00fcfrettireceksiniz&#8221; ifadesini kullanm\u0131\u015ft\u0131r. 17 \u015eubat&#8217;ta K\u0131r\u0131kkale&#8217;de d\u00fczenlenen miting de ise, &#8220;al\u00e7ak, namert, \u00e7irkeflik, maskaral\u0131k&#8221; kelimelerini kullanm\u0131\u015ft\u0131r. Bu durum, 3984 say\u0131l\u0131 Radyo ve Televizyonlar\u0131n Kurulu\u015f ve Yay\u0131nlar\u0131 Hakk\u0131nda Kanunun 4. maddesinde yer alan; &#8220;e\u011fitimin genel ama\u00e7lar\u0131n\u0131, temel ilkelerini, milli k\u00fclt\u00fcr\u00fcn geli\u015ftirilmesini ve gen\u00e7lerin ve \u00e7ocuklar\u0131n geli\u015fimini&#8221; olumsuz etkilemektedir. \u0130nsanlar\u0131m\u0131z\u0131n ki\u015filik haklar\u0131n\u0131n ve onurunun korunmas\u0131, \u00e7ocuklar\u0131m\u0131z\u0131n ve gen\u00e7lerimizin e\u011fitim ve k\u00fclt\u00fcrel geli\u015fiminin sa\u011flanmas\u0131 konusundaki olumsuz etkilerin ortadan kald\u0131r\u0131lmas\u0131 i\u00e7in Say\u0131n Ba\u015fbakan\u0131n yay\u0131n ilkelerine ayk\u0131r\u0131 konu\u015fmalar\u0131na engel olunmas\u0131 gerekmektedir. E\u011fer yasaklanmas\u0131 m\u00fcmk\u00fcn de\u011filse, \u00e7ocuklar\u0131n ekran ba\u015f\u0131ndan \u00e7ekilecekleri Saat: 24.00&#8217;ten sonra verilmesine veya haberin yay\u0131nlanmas\u0131ndan \u00f6nce 13+ denilerek \u00e7ocuklar\u0131m\u0131z bu konu\u015fmalar\u0131n terbiyelerini bozucu etkisinden korunmal\u0131d\u0131r.&#8221;\n<\/p>\n<p style=\"text-align: justify;\"><strong>-RT\u00dcK KONU\u015eMALARI \u0130NCELEMEYE ALDI-<\/strong><\/p>\n<p style=\"text-align: justify;\">RT\u00dcK&#8217;\u00fcn ba\u015fvuruya verdi\u011fi cevab\u0131n\u0131n da yer ald\u0131\u011f\u0131 a\u00e7\u0131klamada, &#8220;RT\u00dcK, Ba\u015fbakan&#8217;\u0131n konu\u015fmalar\u0131n\u0131 incelemeye alm\u0131\u015ft\u0131r. SHP bu karar\u0131 olumlu kar\u015f\u0131lam\u0131\u015ft\u0131r ve geli\u015fmeleri izleyecektir&#8221; denildi. A\u00e7\u0131klamada \u015funlar s\u00f6ylendi:<br \/>\n&#8220;Radyo ve Televizyon \u00dcst Kurulu&#8217;ndan 24 \u015eubat&#8217;ta al\u0131nan cevabi yaz\u0131da &#8220;\u00dcst Kurulun programlara yay\u0131ndan \u00f6nce m\u00fcdahale etme veya programlar\u0131 yay\u0131ndan kald\u0131rma yetkisinin bulunmad\u0131\u011f\u0131; bu yay\u0131nlar\u0131n \u00fcst kurulca de\u011ferlendirilerek, gerekti\u011finde kurulu\u015flara s\u0131ras\u0131yla uyar\u0131-\u00f6z\u00fcr dileme, program durdurma, para cezas\u0131 ve ge\u00e7ici yay\u0131n durdurma cezas\u0131 \u015feklinde m\u00fceyyideler uyguland\u0131\u011f\u0131; ayr\u0131ca d\u00fczenlenen e\u011fitim seminerlerinde &#8216;medya ve sorumluluk&#8217; konular\u0131nda kapsaml\u0131 bilgiler verildi\u011fi; ba\u015fvurumuza konu olan haberlerin de yukar\u0131da a\u00e7\u0131klanan prosed\u00fcr \u00e7er\u00e7evesinde uzmanlar taraf\u0131ndan incelendi\u011fi&#8221; belirtilmektedir.&#8221;\n<\/p>\n<p style=\"text-align: justify;\"><span style=\"color: #888888;\">ANKA<\/span><\/p>\n","protected":false},"excerpt":{"rendered":"<p style=\"text-align: center;\">\n<p style=\"text-align: justify;\">SHP, Erdo\u011fan&#8217;\u0131 &#8220;al\u00e7ak, namert, \u00e7irkeflik, maskaral\u0131k&#8221; s\u00f6zleri nedeniyle \u015fikayet etti.<\/p>\n<p style=\"text-align: justify;\">SHP, Ba\u015fbakan Recep Tayyip Erdo\u011fan&#8217;\u0131, sarf etti\u011fi &#8216;al\u00e7ak, namert, \u00e7irkeflik, maskaral\u0131k&#8217; \u015feklindeki s\u00f6zlerinden \u00f6t\u00fcr\u00fc; e\u011fitimin genel ama\u00e7lar\u0131, temel ilkeleri, milli k\u00fclt\u00fcr\u00fcn geli\u015ftirilmesi ile gen\u00e7lerin ve \u00e7ocuklar\u0131n geli\u015fimini olumsuz etkiledi\u011fi gerek\u00e7esiyle RT\u00dcK&#8217;e \u015fikayet etti.<\/p>\n<p style=\"text-align: justify;\">SHP&#8217;den yap\u0131lan a\u00e7\u0131klamada; <\/p>\n","protected":false},"author":1,"featured_media":0,"comment_status":"open","ping_status":"closed","sticky":false,"template":"","format":"standard","meta":{"footnotes":""},"categories":[105],"tags":[],"class_list":["post-3695","post","type-post","status-publish","format-standard","hentry","category-gundem","odd"],"_links":{"self":[{"href":"http:\/\/www.korhanyilmaz.com\/index.php?rest_route=\/wp\/v2\/posts\/3695","targetHints":{"allow":["GET"]}}],"collection":[{"href":"http:\/\/www.korhanyilmaz.com\/index.php?rest_route=\/wp\/v2\/posts"}],"about":[{"href":"http:\/\/www.korhanyilmaz.com\/index.php?rest_route=\/wp\/v2\/types\/post"}],"author":[{"embeddable":true,"href":"http:\/\/www.korhanyilmaz.com\/index.php?rest_route=\/wp\/v2\/users\/1"}],"replies":[{"embeddable":true,"href":"http:\/\/www.korhanyilmaz.com\/index.php?rest_route=%2Fwp%2Fv2%2Fcomments&post=3695"}],"version-history":[{"count":0,"href":"http:\/\/www.korhanyilmaz.com\/index.php?rest_route=\/wp\/v2\/posts\/3695\/revisions"}],"wp:attachment":[{"href":"http:\/\/www.korhanyilmaz.com\/index.php?rest_route=%2Fwp%2Fv2%2Fmedia&parent=3695"}],"wp:term":[{"taxonomy":"category","embeddable":true,"href":"http:\/\/www.korhanyilmaz.com\/index.php?rest_route=%2Fwp%2Fv2%2Fcategories&post=3695"},{"taxonomy":"post_tag","embeddable":true,"href":"http:\/\/www.korhanyilmaz.com\/index.php?rest_route=%2Fwp%2Fv2%2Ftags&post=3695"}],"curies":[{"name":"wp","href":"https:\/\/api.w.org\/{rel}","templated":true}]}}