{"id":36947,"date":"2011-07-16T12:16:24","date_gmt":"2011-07-16T09:16:24","guid":{"rendered":"http:\/\/www.korhanyilmaz.com\/?p=36947"},"modified":"2011-07-16T17:00:09","modified_gmt":"2011-07-16T14:00:09","slug":"polis-kolejinden-2-farkli-sonuc","status":"publish","type":"post","link":"http:\/\/www.korhanyilmaz.com\/?p=36947","title":{"rendered":"Polis Koleji&#8217;nden 2 farkl\u0131 sonu\u00e7!"},"content":{"rendered":"<p style=\"text-align: center;\"><a href=\"http:\/\/www.korhanyilmaz.com\/wp-content\/uploads\/2011\/07\/1596.jpg\"  class=\"lightview\"><img loading=\"lazy\" decoding=\"async\" class=\"aligncenter size-full wp-image-36948\" src=\"http:\/\/www.korhanyilmaz.com\/wp-content\/uploads\/2011\/07\/1596.jpg\" alt=\"\" width=\"420\" height=\"210\" \/><\/a><\/p>\n<p style=\"text-align: justify;\">Y\u00dcKSEK\u00d6\u011eRET\u0130ME Ge\u00e7i\u015f S\u0131nav\u0131\u2019ndaki (YGS) \u015fifre iddialar\u0131yla \u00e7alkalanan T\u00fcrkiye\u2019de, Seviye Belirleme S\u0131nav\u0131 (SBS) puan\u0131na g\u00f6re \u00f6\u011frenci kabul eden Polis Koleji\u2019nin, internet \u00fczerinden 8 saat arayla a\u00e7\u0131klad\u0131\u011f\u0131 giri\u015f sonu\u00e7lar\u0131, kafalar\u0131 kar\u0131\u015ft\u0131rd\u0131. Siteye sabah bakt\u0131\u011f\u0131nda o\u011flu Serkan Ko\u00e7\u2019un ba\u015far\u0131l\u0131 bulunup giri\u015f s\u0131nav\u0131na davet edildi\u011fini, \u00f6\u011fleden sonra ise ba\u015far\u0131s\u0131z ilan edildi\u011fini s\u00f6yleyen Erg\u00fcl Ko\u00e7, &#8220;Bu ne bi\u00e7im i\u015f. K\u00fc\u00e7\u00fcc\u00fck \u00e7ocuklarla dalga m\u0131 ge\u00e7iyorlar. Psikolojileri bozuldu&#8221; diyerek tepkisini dile getirdi. <!--more--><\/p>\n<p style=\"text-align: justify;\">\u0130zmir\u2019in Buca \u0130l\u00e7esi\u2019nde esnaf Erg\u00fcl Ko\u00e7\u2019un, 14 ya\u015f\u0131ndaki o\u011flu Serkan Ko\u00e7, SBS\u2019de ald\u0131\u011f\u0131 446.045 orta\u00f6\u011fretim yerle\u015ftirme puan\u0131yla Polis Koleji\u2019ne girmek i\u00e7in ba\u015fvuruda bulundu. Sonu\u00e7lar, 8 Temmuz Cuma g\u00fcn\u00fc, Polis Koleji\u2019nin internet sitesinden duyuruldu. Sabah saatlerinde heyecanla bilgisayar ba\u015f\u0131na annesi Erg\u00fcl Ko\u00e7 ile birlikte oturan Serkan Ko\u00e7, ba\u015far\u0131l\u0131 bulunup giri\u015f s\u0131nav\u0131 i\u00e7in \u00e7a\u011f\u0131r\u0131ld\u0131\u011f\u0131n\u0131 g\u00f6rd\u00fc. Haz\u0131rl\u0131klara ba\u015flayan anne-o\u011ful, \u00f6\u011fleden sonra tekrar ayn\u0131 siteye girince bu kez ba\u015far\u0131s\u0131z sonucunu g\u00f6r\u00fcnce \u015foke oldu.<\/p>\n<p style=\"text-align: justify;\">Sitedeki a\u00e7\u0131klamaya g\u00f6re, &#8220;Milli E\u011fitim Bakanl\u0131\u011f\u0131\u2019nca, 2011 Polis Koleji Aday Tespit S\u0131nav\u0131 sonu\u00e7 bilgileri, 08.07.2011 g\u00fcn\u00fc saat 08.30\u2019da ilan edilmi\u015ftir. Ancak, s\u00f6z konusu s\u0131nava \u00f6zel okullardan ba\u015fvuran \u00f6\u011frenci bilgilerinin sonu\u00e7 tablosuna aktar\u0131m\u0131n\u0131n Milli E\u011fitim Bakanl\u0131\u011f\u0131\u2019nca sehven yap\u0131lmad\u0131\u011f\u0131 tespit edilmi\u015f olup bu \u00f6\u011frencilerin de eklenmesiyle olu\u015fan s\u0131nav sonu\u00e7 listesi g\u00fcncellenerek ayn\u0131 g\u00fcn saat 16.30\u2019da ilan edilmi\u015ftir&#8221; denildi. Aradan ge\u00e7en 8 saat i\u00e7erisinde iki ayr\u0131 sonu\u00e7la \u015fa\u015f\u0131r\u0131p kalan Erg\u00fcl Ko\u00e7, ya\u015fad\u0131klar\u0131na isyan edip o\u011flunun umutlar\u0131yla oynand\u0131\u011f\u0131n\u0131 dile getirdi.<\/p>\n<p style=\"text-align: justify;\"><strong>HAYALLER\u0130M\u0130Z\u0130 YIKTILAR<\/strong><\/p>\n<p style=\"text-align: justify;\">Elindeki iki farkl\u0131 sonu\u00e7 ka\u011f\u0131d\u0131yla gitti\u011fi o\u011flunun okulundan da bir cevap alamayan Erg\u00fcl Ko\u00e7, &#8220;Heyecanla bilgisayar ba\u015f\u0131na oturup sonu\u00e7lara bakt\u0131k. Sabah ba\u015far\u0131l\u0131 oldu\u011fu yaz\u0131l\u0131nca d\u00fcnyalar bizim oldu. O\u011flum \u00e7ok istiyordu polis olmay\u0131. Onun i\u00e7in de haz\u0131rl\u0131klara ba\u015flad\u0131k. \u00d6\u011fleden sonra tekrar bakal\u0131m dedik. Bu kez ba\u015far\u0131s\u0131z yaz\u0131yordu. Bu sefer d\u00fcnyam\u0131z ba\u015f\u0131m\u0131za y\u0131k\u0131ld\u0131&#8221; dedi. B\u00f6yle bir hatan\u0131n yap\u0131lmas\u0131n\u0131 anlayamad\u0131\u011f\u0131n\u0131 belirten Erg\u00fcl Ko\u00e7, \u015funlar\u0131 s\u00f6yledi:<\/p>\n<p style=\"text-align: justify;\">&#8220;K\u00fc\u00e7\u00fc\u00e7\u00fck \u00e7ocuklar\u0131n hayalleriyle b\u00f6yle \u00f6nemli bir konuda oynan\u0131r m\u0131? Bu ne bi\u00e7im i\u015f. K\u00fc\u00e7\u00fcc\u00fck \u00e7ocuklarla dalga m\u0131 ge\u00e7iyorlar? Psikolojileri bozuldu. Bu hatay\u0131 yapanlara yaz\u0131klar olsun. Bizim gibi onlarca \u00e7ocuk ve aile vard\u0131r. Bu kadar ucuz mu. Bu hatay\u0131 yapanlar\u0131n hesab\u0131n\u0131 da vermesi gerekir.&#8221;<\/p>\n<p style=\"text-align: justify;\">Hayalleri y\u0131k\u0131lan Serkan Ko\u00e7 ise, &#8220;Ne yapaca\u011f\u0131m ben \u015fimdi. Ba\u015far\u0131l\u0131 m\u0131y\u0131m, ba\u015far\u0131s\u0131z m\u0131y\u0131m bilemedim. Kendimden \u015f\u00fcpheleniyorum. \u00c7ok inanm\u0131\u015ft\u0131m polis olmaya. Hayallerimi y\u0131kt\u0131lar. Kimsenin beni bu \u015fekilde \u00fczmeye hakk\u0131 yok&#8221; diyerek tepkisini dile getirdi.<\/p>\n<p style=\"text-align: justify;\"><a href=\"http:\/\/haber.gazetevatan.com\/polis-kolejinden-2-farkli-sonuc\/388887\/1\/Gundem\" target=\"_blank\">Kaynak : VATAN Gazetesi<\/a><\/p>\n","protected":false},"excerpt":{"rendered":"<p style=\"text-align: center;\">\n<p style=\"text-align: justify;\">Y\u00dcKSEK\u00d6\u011eRET\u0130ME Ge\u00e7i\u015f S\u0131nav\u0131\u2019ndaki (YGS) \u015fifre iddialar\u0131yla \u00e7alkalanan T\u00fcrkiye\u2019de, Seviye Belirleme S\u0131nav\u0131 (SBS) puan\u0131na g\u00f6re \u00f6\u011frenci kabul eden Polis Koleji\u2019nin, internet \u00fczerinden 8 saat arayla a\u00e7\u0131klad\u0131\u011f\u0131 giri\u015f sonu\u00e7lar\u0131, kafalar\u0131 kar\u0131\u015ft\u0131rd\u0131. Siteye sabah bakt\u0131\u011f\u0131nda o\u011flu Serkan Ko\u00e7\u2019un ba\u015far\u0131l\u0131 bulunup giri\u015f s\u0131nav\u0131na davet edildi\u011fini, \u00f6\u011fleden sonra ise ba\u015far\u0131s\u0131z ilan edildi\u011fini s\u00f6yleyen Erg\u00fcl Ko\u00e7, <\/p>\n","protected":false},"author":1,"featured_media":0,"comment_status":"open","ping_status":"open","sticky":false,"template":"","format":"standard","meta":{"footnotes":""},"categories":[105],"tags":[],"class_list":["post-36947","post","type-post","status-publish","format-standard","hentry","category-gundem","odd"],"_links":{"self":[{"href":"http:\/\/www.korhanyilmaz.com\/index.php?rest_route=\/wp\/v2\/posts\/36947","targetHints":{"allow":["GET"]}}],"collection":[{"href":"http:\/\/www.korhanyilmaz.com\/index.php?rest_route=\/wp\/v2\/posts"}],"about":[{"href":"http:\/\/www.korhanyilmaz.com\/index.php?rest_route=\/wp\/v2\/types\/post"}],"author":[{"embeddable":true,"href":"http:\/\/www.korhanyilmaz.com\/index.php?rest_route=\/wp\/v2\/users\/1"}],"replies":[{"embeddable":true,"href":"http:\/\/www.korhanyilmaz.com\/index.php?rest_route=%2Fwp%2Fv2%2Fcomments&post=36947"}],"version-history":[{"count":0,"href":"http:\/\/www.korhanyilmaz.com\/index.php?rest_route=\/wp\/v2\/posts\/36947\/revisions"}],"wp:attachment":[{"href":"http:\/\/www.korhanyilmaz.com\/index.php?rest_route=%2Fwp%2Fv2%2Fmedia&parent=36947"}],"wp:term":[{"taxonomy":"category","embeddable":true,"href":"http:\/\/www.korhanyilmaz.com\/index.php?rest_route=%2Fwp%2Fv2%2Fcategories&post=36947"},{"taxonomy":"post_tag","embeddable":true,"href":"http:\/\/www.korhanyilmaz.com\/index.php?rest_route=%2Fwp%2Fv2%2Ftags&post=36947"}],"curies":[{"name":"wp","href":"https:\/\/api.w.org\/{rel}","templated":true}]}}