{"id":36926,"date":"2011-07-16T09:35:27","date_gmt":"2011-07-16T06:35:27","guid":{"rendered":"http:\/\/www.korhanyilmaz.com\/?p=36926"},"modified":"2011-07-16T10:11:09","modified_gmt":"2011-07-16T07:11:09","slug":"taht-da-gitti-koltuk-da","status":"publish","type":"post","link":"http:\/\/www.korhanyilmaz.com\/?p=36926","title":{"rendered":"Taht da gitti koltuk da!"},"content":{"rendered":"<div id=\"attachment_36927\" style=\"width: 330px\" class=\"wp-caption aligncenter\"><a href=\"http:\/\/www.korhanyilmaz.com\/wp-content\/uploads\/2011\/07\/1591.jpeg\"  class=\"lightview\"><img loading=\"lazy\" decoding=\"async\" aria-describedby=\"caption-attachment-36927\" class=\"size-full wp-image-36927 \" src=\"http:\/\/www.korhanyilmaz.com\/wp-content\/uploads\/2011\/07\/1591.jpeg\" alt=\"\" width=\"320\" height=\"214\" \/><\/a><p id=\"caption-attachment-36927\" class=\"wp-caption-text\">Yusuf Benli Konya Mevlana M\u00fczesi M\u00fcd\u00fcrl\u00fc\u011f\u00fc g\u00f6revine geri d\u00f6nd\u00fc.<\/p><\/div>\n<p style=\"text-align: justify;\">3. Selim&#8217;e ait taht\u0131 lojman\u0131na ta\u015f\u0131tmak isteyen Topkap\u0131 Saray\u0131 M\u00fczesi M\u00fcd\u00fcr\u00fc g\u00f6revden al\u0131nd\u0131. Sarayda yeni bir y\u00f6netim bi\u00e7imi olu\u015fturulacak.<\/p>\n<p style=\"text-align: justify;\">\u0130STANBUL &#8211; Radikal\u2019in ortaya \u00e7\u0131kard\u0131\u011f\u0131 taht skandal\u0131, Topkap\u0131 Saray\u0131 y\u00f6netimini sarst\u0131. 3. Selim taht\u0131n\u0131n, kald\u0131\u011f\u0131 lojmana ta\u015f\u0131nmas\u0131 emrini veren Topkap\u0131 Saray\u0131 M\u00fcze M\u00fcd\u00fcr\u00fc Yusuf Benli g\u00f6revinden al\u0131narak eski Konya Mevlana M\u00fczesi M\u00fcd\u00fcrl\u00fc\u011f\u00fc g\u00f6revine g\u00f6nderildi.<!--more--><\/p>\n<p style=\"text-align: justify;\"><strong>Radikal duyurmu\u015ftu<\/strong><\/p>\n<p style=\"text-align: justify;\">3. Selim\u2019e ait taht\u0131 Benli\u2019nin lojman\u0131na geli\u015fig\u00fczel ta\u015f\u0131n\u0131rken g\u00f6steren foto\u011fraflar\u0131 Radikal ortaya \u00e7\u0131kard\u0131. Benli, \u201cB\u00f6yle bir olay olmad\u0131\u201d diyerek kendisini savundu. Benli\u2019nin ayr\u0131ca Mecidiye K\u00f6\u015fk\u00fc\u2019nde i\u00e7 odada yer alan 14. Louis masas\u0131nda kahvalt\u0131 etti\u011fi de \u00f6ne s\u00fcr\u00fcld\u00fc. K\u00fclt\u00fcr ve Turizm Bakanl\u0131\u011f\u0131 Radikal\u2019in 3 Haziran\u2019da duyurdu\u011fu ve b\u00fcy\u00fck yank\u0131 uyand\u0131ran haberi \u00fczerine m\u00fczeye m\u00fcfetti\u015f g\u00f6revlendirerek soru\u015fturma ba\u015flatt\u0131. Ancak soru\u015fturma tamamlanmadan m\u00fczede yeni bir skandal patlad\u0131. Taht\u0131 ta\u015f\u0131ma emrini yerine getiren Dr. Canan Cimilli ile Mecidiye K\u00f6\u015fk\u00fc sorumlusu Ay\u015fe \u00dcnal\u2019\u0131n tayinleri \u00e7\u0131kar\u0131ld\u0131. Bakanl\u0131k m\u00fcfetti\u015fi ise soru\u015fturmaya devam ediyordu. K\u00fclt\u00fcr ve Turizm Bakan\u0131 Ertu\u011frul G\u00fcnay\u2019dan habersiz ger\u00e7ekle\u015ftirilen tayinler barda\u011f\u0131 ta\u015f\u0131rd\u0131. Bakan G\u00fcnay Topkap\u0131 Saray\u0131 M\u00fcze M\u00fcd\u00fcr\u00fc Yusuf Benli\u2019yi g\u00f6revden ald\u0131.<\/p>\n<p style=\"text-align: justify;\">Bakan G\u00fcnay g\u00f6revden alma sebebi olarak M\u00fcze Ba\u015fkan\u0131 \u0130lber Ortayl\u0131 ile M\u00fcze M\u00fcd\u00fcr\u00fc Yusuf Benli aras\u0131ndaki s\u00fcrt\u00fc\u015fmeyi g\u00f6sterek \u015funlar\u0131 s\u00f6yledi: \u201cBuradaki y\u00f6netim uyu\u015fmazl\u0131\u011f\u0131 bizim yapt\u0131\u011f\u0131m\u0131z as\u0131l i\u015fleri, Topkap\u0131\u2019yla ilgili g\u00f6sterdi\u011fimiz gayreti, titizli\u011fi g\u00f6lgeleyecek boyuta vard\u0131. O y\u00fczden arkada\u015f\u0131m\u0131z\u0131 eski g\u00f6revine iade etme ve orada yeni bir y\u00f6netim bi\u00e7imi olu\u015fturma ihtiyac\u0131 hissettik.\u201d<\/p>\n<p style=\"text-align: justify;\"><strong>FAZ, Radikal\u2019in haberini Alman okurlar\u0131na aktard\u0131<\/strong><\/p>\n<p style=\"text-align: justify;\">Almanya\u2019n\u0131n prestijli gazetesi Frankfurter Allgemeine Zeitung (FAZ) Radikal\u2019in ortaya \u00e7\u0131kard\u0131\u011f\u0131 taht skandal\u0131n\u0131 \u2018Bir kereli\u011fine sultan olmak\u2019 ba\u015fl\u0131\u011f\u0131yla duyurdu.<\/p>\n<p style=\"text-align: justify;\">Gazete Radikal\u2019in haberini kaynak g\u00f6sterip, yine Radikal\u2019de yay\u0131mlanan foto\u011fraf\u0131 kulland\u0131. Haberde Topkap\u0131 Saray\u0131 M\u00fcze M\u00fcd\u00fcr\u00fc Yusuf Benli\u2019nin talimat\u0131 \u00fczerine 3. Selim\u2019e ait taht\u0131n m\u00fczeden Benli\u2019nin lojman\u0131na ta\u015f\u0131nmak istedi\u011fi s\u0131rada objektiflere yakaland\u0131\u011f\u0131, ancak taht\u0131n dar kap\u0131dan i\u00e7eriye sokulamad\u0131\u011f\u0131 belirtildi. Taht\u0131n ya\u011fmurda ta\u015f\u0131n\u0131rken \u0131slanarak zarar g\u00f6rd\u00fc\u011f\u00fc vurguland\u0131. Haberde taht\u0131n ta\u015f\u0131nd\u0131\u011f\u0131 s\u0131rada foto\u011fraflarla belgelenmemesi durumunda muhtemelen bu ya\u015fanandan kimsenin haberinin olmayaca\u011f\u0131 yorumuna da yer verildi.<\/p>\n<p style=\"text-align: justify;\">K\u00fclt\u00fcr Bakan\u0131 Ertu\u011frul G\u00fcnay\u2019\u0131n \u201cMeslekta\u015f\u0131m herhalde evini Harem\u2019le kar\u0131\u015ft\u0131rd\u0131\u201d s\u00f6zleri aktar\u0131lan haberde, 3. Selim\u2019in Bat\u0131\u2019yla ili\u015fkileri geli\u015ftiren reformcu, \u015fair ve m\u00fczisyen kimli\u011fine de de\u011finildi.<\/p>\n<p style=\"text-align: justify;\"><a href=\"http:\/\/www.radikal.com.tr\/Radikal.aspx?aType=RadikalDetayV3&amp;ArticleID=1056515&amp;Date=16.07.2011&amp;CategoryID=82\" target=\"_blank\">Kaynak : Radikal.com.tr<\/a><\/p>\n","protected":false},"excerpt":{"rendered":"<p id=\"caption-attachment-36927\" class=\"wp-caption-text\">Yusuf Benli Konya Mevlana M\u00fczesi M\u00fcd\u00fcrl\u00fc\u011f\u00fc g\u00f6revine geri d\u00f6nd\u00fc.<\/p>\n<p style=\"text-align: justify;\">3. Selim&#8217;e ait taht\u0131 lojman\u0131na ta\u015f\u0131tmak isteyen Topkap\u0131 Saray\u0131 M\u00fczesi M\u00fcd\u00fcr\u00fc g\u00f6revden al\u0131nd\u0131. Sarayda yeni bir y\u00f6netim bi\u00e7imi olu\u015fturulacak.<\/p>\n<p style=\"text-align: justify;\">\u0130STANBUL &#8211; Radikal\u2019in ortaya \u00e7\u0131kard\u0131\u011f\u0131 taht skandal\u0131, Topkap\u0131 Saray\u0131 y\u00f6netimini sarst\u0131. 3. Selim taht\u0131n\u0131n, kald\u0131\u011f\u0131 lojmana ta\u015f\u0131nmas\u0131 emrini veren Topkap\u0131 Saray\u0131 <\/p>\n","protected":false},"author":1,"featured_media":0,"comment_status":"open","ping_status":"open","sticky":false,"template":"","format":"standard","meta":{"footnotes":""},"categories":[105],"tags":[],"class_list":["post-36926","post","type-post","status-publish","format-standard","hentry","category-gundem","odd"],"_links":{"self":[{"href":"http:\/\/www.korhanyilmaz.com\/index.php?rest_route=\/wp\/v2\/posts\/36926","targetHints":{"allow":["GET"]}}],"collection":[{"href":"http:\/\/www.korhanyilmaz.com\/index.php?rest_route=\/wp\/v2\/posts"}],"about":[{"href":"http:\/\/www.korhanyilmaz.com\/index.php?rest_route=\/wp\/v2\/types\/post"}],"author":[{"embeddable":true,"href":"http:\/\/www.korhanyilmaz.com\/index.php?rest_route=\/wp\/v2\/users\/1"}],"replies":[{"embeddable":true,"href":"http:\/\/www.korhanyilmaz.com\/index.php?rest_route=%2Fwp%2Fv2%2Fcomments&post=36926"}],"version-history":[{"count":0,"href":"http:\/\/www.korhanyilmaz.com\/index.php?rest_route=\/wp\/v2\/posts\/36926\/revisions"}],"wp:attachment":[{"href":"http:\/\/www.korhanyilmaz.com\/index.php?rest_route=%2Fwp%2Fv2%2Fmedia&parent=36926"}],"wp:term":[{"taxonomy":"category","embeddable":true,"href":"http:\/\/www.korhanyilmaz.com\/index.php?rest_route=%2Fwp%2Fv2%2Fcategories&post=36926"},{"taxonomy":"post_tag","embeddable":true,"href":"http:\/\/www.korhanyilmaz.com\/index.php?rest_route=%2Fwp%2Fv2%2Ftags&post=36926"}],"curies":[{"name":"wp","href":"https:\/\/api.w.org\/{rel}","templated":true}]}}