{"id":36920,"date":"2011-07-15T21:15:01","date_gmt":"2011-07-15T18:15:01","guid":{"rendered":"http:\/\/www.korhanyilmaz.com\/?p=36920"},"modified":"2011-07-16T02:07:02","modified_gmt":"2011-07-15T23:07:02","slug":"hsykdan-uc-mahkemeye-yeni-atama","status":"publish","type":"post","link":"http:\/\/www.korhanyilmaz.com\/?p=36920","title":{"rendered":"HSYK&#8217;dan \u00fc\u00e7 mahkemeye yeni atama"},"content":{"rendered":"<p style=\"text-align: justify;\"><a href=\"http:\/\/www.korhanyilmaz.com\/wp-content\/uploads\/2011\/07\/1590.jpg\"  class=\"lightview\"><img loading=\"lazy\" decoding=\"async\" class=\"aligncenter size-full wp-image-36921\" title=\"\" src=\"http:\/\/www.korhanyilmaz.com\/wp-content\/uploads\/2011\/07\/1590.jpg\" alt=\"\" width=\"300\" height=\"235\" \/><\/a><\/p>\n<p style=\"text-align: justify;\">Hakimler ve Savc\u0131lar Y\u00fcksek Kurulu (HSYK), \u0130stanbul 15. A\u011f\u0131r Ceza Mahkemesi Ba\u015fkanl\u0131\u011f\u0131&#8217;na Ali Al\u00e7\u0131k&#8217;\u0131, \u0130stanbul 16. A\u011f\u0131r Ceza Mahkemesi Ba\u015fkanl\u0131\u011f\u0131&#8217;na Resul \u00c7ak\u0131r&#8217;\u0131 ve \u0130stanbul 17. A\u011f\u0131r Ceza Mahkemesi Ba\u015fkanl\u0131\u011f\u0131&#8217;na G\u00f6kmen Demircan&#8217;\u0131 yetkilendirdi.<\/p>\n<p style=\"text-align: justify;\">HSYK, \u0130stanbul Adliyesi&#8217;nde g\u00f6revli 227 hakime ili\u015fkin m\u00fcstemir yetki kararnamesini yay\u0131mlad\u0131. <!--more--><\/p>\n<p style=\"text-align: justify;\">Kararnameyle \u0130stanbul A\u011f\u0131r Ceza Merkezine ba\u011fl\u0131 olarak faaliyet g\u00f6steren Fatih ve \u015ei\u015fli Adliyeleri, Beyo\u011flu A\u011f\u0131r Ceza Merkezi ve bu yere ba\u011fl\u0131 olarak faaliyet g\u00f6steren Sar\u0131yer Adliyesi ile birlikte Bak\u0131rk\u00f6y A\u011f\u0131r Ceza Merkezine ba\u011fl\u0131 olarak faaliyet g\u00f6steren Ey\u00fcp Adliyesi \u0130stanbul Adliyesi ile birle\u015ftirildi.<\/p>\n<p style=\"text-align: justify;\">\u015ei\u015fli, Fatih, Ey\u00fcp, Sar\u0131yer ve Beyo\u011flu Adliyelerinin \u0130stanbul Adliyesi ile birle\u015ftirme i\u015flemleri tamamland\u0131ktan sonra kapat\u0131lmas\u0131na, bu adliyelerin yarg\u0131 \u00e7evrelerinin \u0130stanbul A\u011f\u0131r Ceza yarg\u0131 \u00e7evresine al\u0131nmas\u0131na karar verilen kararnamede, adliyelerin birle\u015ftirme i\u015flemlerinin \u0130stanbul Cumhuriyet Ba\u015fsavc\u0131l\u0131\u011f\u0131n\u0131n belirleyece\u011fi takvim kapsam\u0131nda en ge\u00e7 06 Eyl\u00fcl 2011 tarihine kadar yap\u0131lmas\u0131na h\u00fckmedildi.<\/p>\n<p style=\"text-align: justify;\">\u015ei\u015fli, Fatih, Ey\u00fcp, Sar\u0131yer ve Beyo\u011flu Cumhuriyet savc\u0131l\u0131klar\u0131nda ve mahkemelerinde bulunan dosyalar herhangi bir karara gerek kalmaks\u0131z\u0131n bulundu\u011fu safhadan devam edilmek \u00fczere \u0130stanbul Cumhuriyet Ba\u015fsavc\u0131l\u0131\u011f\u0131na ve HSYK Birinci Dairesince yetkilendirilecek \u0130stanbul mahkemelerine g\u00f6nderilecek.<\/p>\n<p style=\"text-align: justify;\">M\u00fcstemir yetki kararnamesiyle \u0130stanbul 15. A\u011f\u0131r Ceza Mahkemesi Ba\u015fkanl\u0131\u011f\u0131na \u0130stanbul 10. A\u011f\u0131r Ceza Mahkemesi \u00dcyesi Ali Al\u00e7\u0131k&#8217;\u0131, \u0130stanbul 16. A\u011f\u0131r Ceza Mahkemesi Ba\u015fkanl\u0131\u011f\u0131na \u0130stanbul 14. A\u011f\u0131r Ceza Mahkemesi \u00dcyesi Resul \u00c7ak\u0131r&#8217;\u0131 ve \u0130stanbul 17. A\u011f\u0131r Ceza Mahkemesi Ba\u015fkanl\u0131\u011f\u0131na \u0130stanbul 13. A\u011f\u0131r Ceza Mahkemesi \u00dcyesi G\u00f6kmen Demircan&#8217;\u0131 yetkilendirdi.<\/p>\n<p style=\"text-align: justify;\"><a href=\"http:\/\/www.cnnturk.com\/2011\/turkiye\/07\/15\/hsykdan.uc.mahkemeye.yeni.atama\/623083.0\/index.html\" target=\"_blank\">Kaynak : CNN T\u00dcRK<\/a><\/p>\n","protected":false},"excerpt":{"rendered":"<p style=\"text-align: justify;\">\n<p style=\"text-align: justify;\">Hakimler ve Savc\u0131lar Y\u00fcksek Kurulu (HSYK), \u0130stanbul 15. A\u011f\u0131r Ceza Mahkemesi Ba\u015fkanl\u0131\u011f\u0131&#8217;na Ali Al\u00e7\u0131k&#8217;\u0131, \u0130stanbul 16. A\u011f\u0131r Ceza Mahkemesi Ba\u015fkanl\u0131\u011f\u0131&#8217;na Resul \u00c7ak\u0131r&#8217;\u0131 ve \u0130stanbul 17. A\u011f\u0131r Ceza Mahkemesi Ba\u015fkanl\u0131\u011f\u0131&#8217;na G\u00f6kmen Demircan&#8217;\u0131 yetkilendirdi.<\/p>\n<p style=\"text-align: justify;\">HSYK, \u0130stanbul Adliyesi&#8217;nde g\u00f6revli 227 hakime ili\u015fkin m\u00fcstemir yetki kararnamesini yay\u0131mlad\u0131. <\/p>\n","protected":false},"author":1,"featured_media":0,"comment_status":"open","ping_status":"open","sticky":false,"template":"","format":"standard","meta":{"footnotes":""},"categories":[105],"tags":[],"class_list":["post-36920","post","type-post","status-publish","format-standard","hentry","category-gundem","odd"],"_links":{"self":[{"href":"http:\/\/www.korhanyilmaz.com\/index.php?rest_route=\/wp\/v2\/posts\/36920","targetHints":{"allow":["GET"]}}],"collection":[{"href":"http:\/\/www.korhanyilmaz.com\/index.php?rest_route=\/wp\/v2\/posts"}],"about":[{"href":"http:\/\/www.korhanyilmaz.com\/index.php?rest_route=\/wp\/v2\/types\/post"}],"author":[{"embeddable":true,"href":"http:\/\/www.korhanyilmaz.com\/index.php?rest_route=\/wp\/v2\/users\/1"}],"replies":[{"embeddable":true,"href":"http:\/\/www.korhanyilmaz.com\/index.php?rest_route=%2Fwp%2Fv2%2Fcomments&post=36920"}],"version-history":[{"count":0,"href":"http:\/\/www.korhanyilmaz.com\/index.php?rest_route=\/wp\/v2\/posts\/36920\/revisions"}],"wp:attachment":[{"href":"http:\/\/www.korhanyilmaz.com\/index.php?rest_route=%2Fwp%2Fv2%2Fmedia&parent=36920"}],"wp:term":[{"taxonomy":"category","embeddable":true,"href":"http:\/\/www.korhanyilmaz.com\/index.php?rest_route=%2Fwp%2Fv2%2Fcategories&post=36920"},{"taxonomy":"post_tag","embeddable":true,"href":"http:\/\/www.korhanyilmaz.com\/index.php?rest_route=%2Fwp%2Fv2%2Ftags&post=36920"}],"curies":[{"name":"wp","href":"https:\/\/api.w.org\/{rel}","templated":true}]}}