{"id":36916,"date":"2011-07-15T22:16:55","date_gmt":"2011-07-15T19:16:55","guid":{"rendered":"http:\/\/www.korhanyilmaz.com\/?p=36916"},"modified":"2011-07-16T00:19:28","modified_gmt":"2011-07-15T21:19:28","slug":"caz-festivalinde-kurtce-sarki-soyleyen-aynur-yuhalandi","status":"publish","type":"post","link":"http:\/\/www.korhanyilmaz.com\/?p=36916","title":{"rendered":"Caz festivalinde K\u00fcrt\u00e7e \u015fark\u0131 s\u00f6yleyen Aynur yuhaland\u0131"},"content":{"rendered":"<p style=\"text-align: justify;\"><a href=\"http:\/\/www.korhanyilmaz.com\/wp-content\/uploads\/2011\/07\/1589.jpeg\"  class=\"lightview\"><img loading=\"lazy\" decoding=\"async\" class=\"aligncenter size-full wp-image-36917\" src=\"http:\/\/www.korhanyilmaz.com\/wp-content\/uploads\/2011\/07\/1589.jpeg\" alt=\"\" width=\"360\" height=\"240\" \/><\/a><\/p>\n<p style=\"text-align: justify;\">18. \u0130stanbul Caz Festivali kapsam\u0131nda Harbiye Cemil Topuzlu A\u00e7\u0131k Hava Tiyatrosu&#8217;nda sahne alan Aynur Do\u011fan, K\u00fcrt\u00e7e \u015fark\u0131lar\u0131n\u0131 seslendirdi\u011fi s\u0131rada bir grubun protestosuyla kar\u015f\u0131la\u015ft\u0131. Grubun kendisini yuhalamas\u0131 ve sahneye yabanc\u0131 cisimler atmas\u0131 \u00fczerine Do\u011fan, konserini yar\u0131da kesti.<!--more--><\/p>\n<p style=\"text-align: justify;\">\u0130stanbul Caz Festivali kapsam\u0131nda d\u00fczenlenen ve Buika, Aynur Do\u011fan, La Shica ve Sandra Carrasco&#8217;nun yer ald\u0131\u011f\u0131 &#8220;Suyun Kad\u0131nlar\u0131-Mujeres de Agua&#8221; adl\u0131 konserde, K\u00fcrt sanat\u00e7\u0131 Aynur Do\u011fan, K\u00fcrt\u00e7e \u015fark\u0131lar\u0131n\u0131 s\u00f6yledi\u011fi s\u0131rada dinleyiciler aras\u0131ndaki bir grup, slogan atarak olay \u00e7\u0131kard\u0131.<\/p>\n<p style=\"text-align: justify;\">Grubun Diyarbak\u0131r&#8217;da \u015fehit olan askerleri gerek\u00e7e g\u00f6stererek protestonun dozunu art\u0131rmas\u0131 ve sahneye pet \u015fi\u015fe at\u0131lmas\u0131 \u00fczerine ikinci \u015fark\u0131s\u0131n\u0131n ard\u0131ndan sahneden inmek zorunda kalan Aynur Do\u011fan&#8217;a konseri dinleyen di\u011fer m\u00fczikseverler sloganlarla destek verince, Harbiye Cemil Topuzlu&#8217;da ortam bir anda gerildi. Baz\u0131 gruplar \u0130stiklal Mar\u015f\u0131 okumaya ba\u015flarken a\u00e7\u0131k hava tiyatrosunda yer yer kavgalar\u0131n ya\u015fand\u0131\u011f\u0131 belirtildi.<\/p>\n<p style=\"text-align: justify;\">Olay\u0131n duyulmas\u0131n\u0131n ard\u0131ndan konu bir anda sosyal medyan\u0131n g\u00fcndemine d\u00fc\u015ferken \u00f6zellikle Twitter&#8217;da yer alan yorumlarda Aynur Do\u011fan&#8217;a y\u00f6nelik sald\u0131r\u0131n\u0131n, 12 \u015eubat 1999&#8217;da Magazin Gazetecileri Derne\u011fi&#8217;nin \u00f6d\u00fcl t\u00f6reninde K\u00fcrt\u00e7e klip \u00e7ekmek istedi\u011fini s\u00f6yledi\u011fi i\u00e7in sald\u0131r\u0131ya u\u011frayan Ahmet Kaya&#8217;n\u0131n durumu ile benzerli\u011fine dikkat \u00e7ekildi.<\/p>\n<p style=\"text-align: justify;\"><a href=\"http:\/\/www.radikal.com.tr\/Radikal.aspx?aType=RadikalDetayV3&amp;ArticleID=1056494&amp;Date=16.07.2011&amp;CategoryID=77\" target=\"_blank\">Kaynak : Radikal.com.tr<\/a><\/p>\n","protected":false},"excerpt":{"rendered":"<p style=\"text-align: justify;\">\n<p style=\"text-align: justify;\">18. \u0130stanbul Caz Festivali kapsam\u0131nda Harbiye Cemil Topuzlu A\u00e7\u0131k Hava Tiyatrosu&#8217;nda sahne alan Aynur Do\u011fan, K\u00fcrt\u00e7e \u015fark\u0131lar\u0131n\u0131 seslendirdi\u011fi s\u0131rada bir grubun protestosuyla kar\u015f\u0131la\u015ft\u0131. Grubun kendisini yuhalamas\u0131 ve sahneye yabanc\u0131 cisimler atmas\u0131 \u00fczerine Do\u011fan, konserini yar\u0131da kesti.<\/p>\n","protected":false},"author":1,"featured_media":0,"comment_status":"open","ping_status":"open","sticky":false,"template":"","format":"standard","meta":{"footnotes":""},"categories":[105],"tags":[],"class_list":["post-36916","post","type-post","status-publish","format-standard","hentry","category-gundem","odd"],"_links":{"self":[{"href":"http:\/\/www.korhanyilmaz.com\/index.php?rest_route=\/wp\/v2\/posts\/36916","targetHints":{"allow":["GET"]}}],"collection":[{"href":"http:\/\/www.korhanyilmaz.com\/index.php?rest_route=\/wp\/v2\/posts"}],"about":[{"href":"http:\/\/www.korhanyilmaz.com\/index.php?rest_route=\/wp\/v2\/types\/post"}],"author":[{"embeddable":true,"href":"http:\/\/www.korhanyilmaz.com\/index.php?rest_route=\/wp\/v2\/users\/1"}],"replies":[{"embeddable":true,"href":"http:\/\/www.korhanyilmaz.com\/index.php?rest_route=%2Fwp%2Fv2%2Fcomments&post=36916"}],"version-history":[{"count":0,"href":"http:\/\/www.korhanyilmaz.com\/index.php?rest_route=\/wp\/v2\/posts\/36916\/revisions"}],"wp:attachment":[{"href":"http:\/\/www.korhanyilmaz.com\/index.php?rest_route=%2Fwp%2Fv2%2Fmedia&parent=36916"}],"wp:term":[{"taxonomy":"category","embeddable":true,"href":"http:\/\/www.korhanyilmaz.com\/index.php?rest_route=%2Fwp%2Fv2%2Fcategories&post=36916"},{"taxonomy":"post_tag","embeddable":true,"href":"http:\/\/www.korhanyilmaz.com\/index.php?rest_route=%2Fwp%2Fv2%2Ftags&post=36916"}],"curies":[{"name":"wp","href":"https:\/\/api.w.org\/{rel}","templated":true}]}}