{"id":36912,"date":"2011-07-15T10:06:25","date_gmt":"2011-07-15T07:06:25","guid":{"rendered":"http:\/\/www.korhanyilmaz.com\/?p=36912"},"modified":"2011-07-15T23:58:26","modified_gmt":"2011-07-15T20:58:26","slug":"icisleri-bakani-sahin-herkes-aklini-basina-alsin","status":"publish","type":"post","link":"http:\/\/www.korhanyilmaz.com\/?p=36912","title":{"rendered":"\u0130\u00e7i\u015fleri Bakan\u0131 \u015eahin: Herkes akl\u0131n\u0131 ba\u015f\u0131na als\u0131n"},"content":{"rendered":"<p style=\"text-align: center;\"><a href=\"http:\/\/www.korhanyilmaz.com\/wp-content\/uploads\/2011\/07\/1588.jpg\"  class=\"lightview\"><img loading=\"lazy\" decoding=\"async\" class=\"aligncenter size-full wp-image-36913\" src=\"http:\/\/www.korhanyilmaz.com\/wp-content\/uploads\/2011\/07\/1588.jpg\" alt=\"\" width=\"307\" height=\"221\" \/><\/a><\/p>\n<p style=\"text-align: justify;\">\u0130\u00e7i\u015fleri Bakan\u0131 \u0130dris Naim \u015eahin&#8217;e \u00f6rg\u00fcte yak\u0131nl\u0131\u011f\u0131 ile bilien F\u0131rat Haber Ajans\u0131n\u0131n &#8216;TSK&#8217;n\u0131n kendi askerlerini bombalad\u0131&#8217; iddias\u0131 soruldu&#8230;<\/p>\n<p style=\"text-align: justify;\">\u015eahin: &#8220;Yang\u0131n \u00e7\u0131km\u0131\u015ft\u0131r, yang\u0131n\u0131n sebepleri \u015fu anda \u00e7\u0131km\u0131\u015f olan yang\u0131n\u0131 geri getirecek de\u011fildir. Yanan a\u011fa\u00e7lar orada kaybolan canlar\u0131 geri getirecek de\u011fil&#8221; dedi.<\/p>\n<p style=\"text-align: justify;\">13 askerin \u015fehit oldu\u011fu Diyarbak\u0131r\u2019\u0131n Silvan ter\u00f6r sald\u0131r\u0131s\u0131n\u0131n ard\u0131ndan b\u00f6lgeye giden \u015eahin havaliman\u0131nda yapt\u0131\u011f\u0131 a\u00e7\u0131klamada operasyonlar\u0131n devam etti\u011fini ifade ederken, T\u00fcrkiye\u2019nin \u00f6zg\u00fcrl\u00fcklerin alabildi\u011fince ya\u015fand\u0131\u011f\u0131 bir \u00fclke oldu\u011funu belirterek, &#8220;Herkesin akl\u0131n\u0131 ba\u015f\u0131na almas\u0131 gerekiyor. Bu \u00fclke \u00f6zg\u00fcrl\u00fcklerin alabildi\u011fince var oldu\u011fu ve doya doya ya\u015fand\u0131\u011f\u0131 bir \u00fclke. Var olan \u00f6zg\u00fcrl\u00fcklerin varl\u0131\u011f\u0131n\u0131 itiraf edecek kadar beyni akl\u0131 \u00f6zg\u00fcrl\u00fckten yoksun olan bir tak\u0131m insanlar var. Bu ger\u00e7ekle kar\u015f\u0131 kar\u015f\u0131yay\u0131z&#8221; dedi. <!--more--><\/p>\n<p style=\"text-align: justify;\">\u015eahin Diyarbak\u0131r\u2019a hareketi \u00f6ncesinde Esenbo\u011fa Havaliman\u0131\u2019nda bas\u0131n mensuplar\u0131n\u0131n sorular\u0131n\u0131 yan\u0131tlad\u0131. B\u00f6lgedeki son duruma ili\u015fkin \u015fehit say\u0131s\u0131nda bir art\u0131\u015f olmad\u0131\u011f\u0131n\u0131 ve operasyonlar\u0131n devam etti\u011fini s\u00f6yleyen \u015eahin &#8220;T\u00fcrkiye\u2019de \u015fehitlerimizin varl\u0131\u011f\u0131 ayr\u0131 bir konu. \u015eehitlerimizin cenazesinin kald\u0131r\u0131lmas\u0131 ayr\u0131 bir konu. Hayat durmuyor m\u00fccadele de bitmiyor. Maalesef ba\u011f\u0131rlar\u0131na ta\u015f basarak ac\u0131lar\u0131n\u0131 \u00fcz\u00fcnt\u00fclerini y\u00fcreklerine ak\u0131tarak g\u00fcvenlik g\u00fc\u00e7lerimizin askerimizin n\u00f6bet ba\u015f\u0131nda olanlar\u0131 g\u00f6rev ba\u015f\u0131nda olanlar\u0131 \u00e7al\u0131\u015fmalar\u0131n\u0131 devam ettiriyor, ettirecekler. Yani bunun aksini d\u00fc\u015f\u00fcnmek m\u00fcmk\u00fcn de\u011fil&#8221; dedi. \u015eahin \u015f\u00f6yle devam etti:<\/p>\n<p style=\"text-align: justify;\">&#8220;Buras\u0131 T\u00fcrkiye buras\u0131 s\u0131radan bir \u00fclke de\u011fil. Bu millet de s\u0131radan bir millet de\u011fil. \u0130\u00e7inden veya d\u0131\u015f\u0131ndan kim olursa olsun yani bu gemiyi bu yery\u00fcz\u00fcnde y\u00fcr\u00fcmekten al\u0131koyacak bir g\u00fc\u00e7 yok olamaz. Tabi ki bir taraftan \u015fehitlerimizin cenazesini inan\u00e7lar\u0131m\u0131za t\u00f6relerimize uygun bir \u015fekilde ac\u0131m\u0131zla ama onurumuzla onlara sayg\u0131yla rahmet dileklerimizle ve niyaz\u0131m\u0131zla kald\u0131raca\u011f\u0131z. Ama di\u011fer taraftan da ayn\u0131 anda \u00e7al\u0131\u015fmalar her t\u00fcrl\u00fc devam edecek. Bir tarafta bu \u00fclkenin \u015fantiyeleri \u00e7al\u0131\u015facak, bir tarafta bu \u00fclkenin g\u00fcvenlik y\u00f6n\u00fcnden bu s\u0131k\u0131nt\u0131l\u0131 hale getirilmeye \u00e7al\u0131\u015f\u0131lan noktalar\u0131nda da m\u00fccadele devam edecek ve etmektedir \u015fu anda aral\u0131ks\u0131z devam etmektedir.&#8221;<\/p>\n<p style=\"text-align: justify;\"><strong>-YANGININ SEBEB\u0130 CANLARI GER\u0130 GET\u0130RMEYECEK-<\/strong><\/p>\n<p style=\"text-align: justify;\">\u015eahin askerlerin yanarak can vermesine sebep olan yang\u0131n\u0131n \u00e7\u0131k\u0131\u015f nedenine ili\u015fkin baz\u0131 iddialar\u0131n ortaya at\u0131lmas\u0131n\u0131n hat\u0131rlat\u0131lmas\u0131 \u00fczerine ise yang\u0131n\u0131n sebebinin her \u015fey olmu\u015f olabilece\u011fini kaydetti. &#8220;Yang\u0131n \u00e7\u0131km\u0131\u015ft\u0131r, yang\u0131n\u0131n sebepleri \u015fu anda \u00e7\u0131km\u0131\u015f olan yang\u0131n\u0131 geri getirecek de\u011fildir. Yanan a\u011fa\u00e7lar orada kaybolan canlar\u0131 geri getirecek de\u011fil&#8221; diyen \u015eahin \u015funlar\u0131 s\u00f6yledi:<\/p>\n<p style=\"text-align: justify;\">&#8220;Sebebi bellidir. \u00dc\u00e7 be\u015f tane sebebi vard\u0131r. Yani yang\u0131n ya ate\u015fle \u00e7\u0131kar, ya bombayla \u00e7\u0131kar ya roketle \u00e7\u0131kar ya benzinle \u00e7\u0131kar. \u00c7\u0131kar yani netice itibariyle yanm\u0131\u015ft\u0131r, yak\u0131lm\u0131\u015ft\u0131r. Yani sebebini ara\u015ft\u0131rmak, sebebini s\u00f6ylemek bir \u015fey ifade etmiyor \u015fu anda.&#8221;<\/p>\n<p style=\"text-align: justify;\"><strong>O \u0130DD\u0130A NEYD\u0130?<\/strong><\/p>\n<p style=\"text-align: justify;\">Genelkurmay 13 askerin PKK&#8217;l\u0131lar\u0131n att\u0131\u011f\u0131 el bombalar\u0131n\u0131n \u00e7\u0131kard\u0131\u011f\u0131 yang\u0131nla \u015fehit oldu\u011funu a\u00e7\u0131klarken \u00f6rg\u00fcte yak\u0131nl\u0131\u011f\u0131 ile bilinen F\u0131rat Haber Ajans\u0131, T\u00fcrk Silahl\u0131 Kuvvetleri&#8217;ne kendi askerlerini bombalad\u0131\u011f\u0131 iddias\u0131n\u0131 ortaya atm\u0131\u015ft\u0131&#8230;<\/p>\n<p style=\"text-align: justify;\"><strong>-BEYN\u0130 \u00d6ZG\u00dcRL\u00dcKTEN YOKSUN OLANLAR VAR-<\/strong><\/p>\n<p style=\"text-align: justify;\">Bas\u0131n mensuplar\u0131n\u0131n &#8220;Bir mesaj\u0131n\u0131z var m\u0131?&#8221; y\u00f6n\u00fcndeki sorusuna da yan\u0131t veren \u015eahin \u00f6zg\u00fcrl\u00fcklere vurgu yaparak &#8220;Herkesin akl\u0131n\u0131 ba\u015f\u0131na almas\u0131 gerekiyor. Bu \u00fclke \u00f6zg\u00fcrl\u00fcklerin alabildi\u011fince var oldu\u011fu ve doya doya ya\u015fand\u0131\u011f\u0131 bir \u00fclke. O kadar ki \u00f6zg\u00fcrl\u00fckleri sonuna kadar ya\u015fay\u0131p bu \u00fclkede hala \u00f6zg\u00fcrl\u00fck yok diyecek kadar \u00f6zg\u00fcrl\u00fcklerin ya\u015fand\u0131\u011f\u0131 bir \u00fclke. Galiba bir eksiklik var. Var olan \u00f6zg\u00fcrl\u00fcklerin varl\u0131\u011f\u0131n\u0131 itiraf edecek kadar beyni akl\u0131 \u00f6zg\u00fcrl\u00fckten yoksun olan bir tak\u0131m insanlar var. Bu ger\u00e7ekle kar\u015f\u0131 kar\u015f\u0131yay\u0131z&#8221; diye konu\u015ftu. Sald\u0131r\u0131n\u0131n TBMM\u2019deki uzla\u015fma aray\u0131\u015flar\u0131n\u0131n sonu\u00e7suz kalmas\u0131n\u0131n hemen ard\u0131ndan ya\u015fanmas\u0131 konusunda ise \u015eahin\u2019in de\u011ferlendirmesi &#8220;Yani her olay\u0131n oldu\u011fu anda ba\u015fka geli\u015fmeler vard\u0131r. Dolay\u0131s\u0131yla hayatta bir tek olay olmuyor. Bir tek geli\u015fme olmuyor. Bir \u015feyi bir \u015feyle ba\u011flant\u0131l\u0131 hale getirmek \u00e7ok da onun izah\u0131 i\u00e7in yeterli de\u011fildir&#8221; \u015feklinde oldu.<\/p>\n<p style=\"text-align: justify;\"><a href=\"http:\/\/siyaset.milliyet.com.tr\/icisleri-bakani-sahin-herkes-aklini-basina-alsin\/siyaset\/siyasetdetay\/15.07.2011\/1414699\/default.htm\" target=\"_blank\">Kaynak : Milliyet.com.tr<\/a><\/p>\n","protected":false},"excerpt":{"rendered":"<p style=\"text-align: center;\">\n<p style=\"text-align: justify;\">\u0130\u00e7i\u015fleri Bakan\u0131 \u0130dris Naim \u015eahin&#8217;e \u00f6rg\u00fcte yak\u0131nl\u0131\u011f\u0131 ile bilien F\u0131rat Haber Ajans\u0131n\u0131n &#8216;TSK&#8217;n\u0131n kendi askerlerini bombalad\u0131&#8217; iddias\u0131 soruldu&#8230;<\/p>\n<p style=\"text-align: justify;\">\u015eahin: &#8220;Yang\u0131n \u00e7\u0131km\u0131\u015ft\u0131r, yang\u0131n\u0131n sebepleri \u015fu anda \u00e7\u0131km\u0131\u015f olan yang\u0131n\u0131 geri getirecek de\u011fildir. Yanan a\u011fa\u00e7lar orada kaybolan canlar\u0131 geri getirecek de\u011fil&#8221; dedi.<\/p>\n<p style=\"text-align: justify;\">13 askerin \u015fehit oldu\u011fu Diyarbak\u0131r\u2019\u0131n Silvan <\/p>\n","protected":false},"author":1,"featured_media":0,"comment_status":"open","ping_status":"open","sticky":false,"template":"","format":"standard","meta":{"footnotes":""},"categories":[105],"tags":[],"class_list":["post-36912","post","type-post","status-publish","format-standard","hentry","category-gundem","odd"],"_links":{"self":[{"href":"http:\/\/www.korhanyilmaz.com\/index.php?rest_route=\/wp\/v2\/posts\/36912","targetHints":{"allow":["GET"]}}],"collection":[{"href":"http:\/\/www.korhanyilmaz.com\/index.php?rest_route=\/wp\/v2\/posts"}],"about":[{"href":"http:\/\/www.korhanyilmaz.com\/index.php?rest_route=\/wp\/v2\/types\/post"}],"author":[{"embeddable":true,"href":"http:\/\/www.korhanyilmaz.com\/index.php?rest_route=\/wp\/v2\/users\/1"}],"replies":[{"embeddable":true,"href":"http:\/\/www.korhanyilmaz.com\/index.php?rest_route=%2Fwp%2Fv2%2Fcomments&post=36912"}],"version-history":[{"count":0,"href":"http:\/\/www.korhanyilmaz.com\/index.php?rest_route=\/wp\/v2\/posts\/36912\/revisions"}],"wp:attachment":[{"href":"http:\/\/www.korhanyilmaz.com\/index.php?rest_route=%2Fwp%2Fv2%2Fmedia&parent=36912"}],"wp:term":[{"taxonomy":"category","embeddable":true,"href":"http:\/\/www.korhanyilmaz.com\/index.php?rest_route=%2Fwp%2Fv2%2Fcategories&post=36912"},{"taxonomy":"post_tag","embeddable":true,"href":"http:\/\/www.korhanyilmaz.com\/index.php?rest_route=%2Fwp%2Fv2%2Ftags&post=36912"}],"curies":[{"name":"wp","href":"https:\/\/api.w.org\/{rel}","templated":true}]}}