{"id":3691,"date":"2009-02-26T16:15:10","date_gmt":"2009-02-26T14:15:10","guid":{"rendered":"http:\/\/www.korhanyilmaz.com\/?p=3691"},"modified":"2009-02-26T16:15:10","modified_gmt":"2009-02-26T14:15:10","slug":"menderesi-ingilizler-oldurttu","status":"publish","type":"post","link":"http:\/\/www.korhanyilmaz.com\/?p=3691","title":{"rendered":"Menderes&#039;i \u0130ngilizler \u00f6ld\u00fcrtt\u00fc!"},"content":{"rendered":"<p style=\"text-align: center;\"><img loading=\"lazy\" decoding=\"async\" class=\"aligncenter size-full wp-image-3692\" title=\"Menderes'i \u0130ngilizler \u00f6ld\u00fcrtt\u00fc! \" src=\"http:\/\/www.korhanyilmaz.com\/wp-content\/uploads\/2009\/02\/260220091622217254013.jpg\" alt=\"Menderes'i \u0130ngilizler \u00f6ld\u00fcrtt\u00fc! \" width=\"376\" height=\"240\" \/><\/p>\n<p style=\"text-align: justify;\">Ergenekon&#8217;un tutuklu san\u0131\u011f\u0131 emekli Kurmay Albay Mehmet Fikri Karada\u011f, iddianamede baz\u0131 gazetecileri takip ettirdi\u011fi iddialar\u0131n\u0131n da yer ald\u0131\u011f\u0131n\u0131 vurgulayarak, &#8216;Senin soyun kurusun in\u015fallah. Ben niye takip ettirece\u011fim? Akl\u0131na, hayaline gelen her \u015feyi iddianameye yaz\u0131yor&#8217; dedi.<\/p>\n<p style=\"text-align: justify;\">&#8216;Ergenekon&#8217; davas\u0131n\u0131n 56. duru\u015fmas\u0131 ba\u015flad\u0131. \u0130stanbul 13. A\u011f\u0131r Ceza Mahkemesince Silivri Ceza \u0130nfaz Kurumlar\u0131 Yerle\u015fkesi&#8217;ndeki salonda g\u00f6r\u00fclen davan\u0131n duru\u015fmas\u0131na, tutuklu san\u0131klardan 28&#8217;i kat\u0131ld\u0131.<\/p>\n<p style=\"text-align: justify;\">Tutuklu san\u0131klardan emekli Tu\u011feneral Veli K\u00fc\u00e7\u00fck, \u0130\u015f\u00e7i Partisi Genel Ba\u015fkan\u0131 Do\u011fu Perin\u00e7ek&#8217;in de aralar\u0131nda bulundu\u011fu 10&#8217;u ise duru\u015fmaya gelmedi. Duru\u015fmada, tutuksuz san\u0131klardan G\u00fcler K\u00f6m\u00fcrc\u00fc \u00d6zt\u00fcrk de haz\u0131r bulundu. \u00d6nceki g\u00fcn ba\u015flad\u0131\u011f\u0131 savunmas\u0131na devam eden Karada\u011f, \u0130stanbul 13. A\u011f\u0131r Ceza Mahkemesi&#8217;nde \u00f6nceki g\u00fcn ba\u015flad\u0131\u011f\u0131 savunmas\u0131na devam eden Karada\u011f, \u0131rk\u00e7\u0131l\u0131kla su\u00e7land\u0131\u011f\u0131n\u0131 belirterek, bunun tamamen as\u0131ls\u0131z oldu\u011funu s\u00f6yledi.<!--more--><br \/>\nKarada\u011f, T\u00fcrk kelimesinin k\u00f6kenine de\u011finerek, &#8216;T\u00fcrk, kesinlikle bir \u0131rk ad\u0131 de\u011fildir. &#8216;T\u00fcrk ki\u015fi&#8217;, tanr\u0131ya inanan \u00f6l\u00fcml\u00fc insan demektir. Gazi Pa\u015fa zaman\u0131nda zaten b\u00fct\u00fcn bunlar biliniyordu. Sonradan unutuldu&#8217; g\u00f6r\u00fc\u015f\u00fcn\u00fc dile getirdi. Da\u011fdaki ter\u00f6ristlere af \u00e7\u0131karma te\u015febb\u00fcs\u00fcnde bulunuldu\u011funu, &#8216;Gelin, bizimle siyaset yap\u0131n&#8217; denildi\u011fini savunan Karada\u011f, &#8216;Siz hangi \u015fehit anas\u0131n\u0131n, babas\u0131n\u0131n onay\u0131n\u0131 ald\u0131n\u0131z ki T\u00fcrk \u00e7ocuklar\u0131n\u0131n kanlar\u0131n\u0131 d\u00f6kenleri affediyorsunuz? Kim da\u011fa \u00e7\u0131ksa, televizyon a\u00e7\u0131n, ayr\u0131 b\u00f6lge kurun diyeceksin. Yok \u00f6yle bir \u015fey&#8217; diye konu\u015ftu.\n<\/p>\n<p style=\"text-align: justify;\">&#8216;D\u00fc\u015fman\u0131n&#8217; kendisine yap\u0131lanlar\u0131 unutmad\u0131\u011f\u0131n\u0131 ve vatan\u0131n &#8216;asil evlatlar\u0131n\u0131&#8217; infaz ettirdi\u011fini \u00f6ne s\u00fcren Karada\u011f, K\u0131br\u0131s T\u00fcrk Mukavemet Te\u015fkilat\u0131n\u0131 kuran Adnan Menderes&#8217;in idam edildi\u011fini, bunu yapanlar\u0131n da \u0130ngilizler oldu\u011funu, bug\u00fcn de milletine hizmet eden vatan evlatlar\u0131na &#8216;sen hainsin&#8217; denildi\u011fini iddia etti.<\/p>\n<p style=\"text-align: justify;\"><strong>&#8220;DARBEN\u0130N NE KADAR YIKICI OLDU\u011eUNU B\u0130L\u0130YORUM&#8221; <\/strong><\/p>\n<p style=\"text-align: justify;\">Karada\u011f, Kuvayi Milliye Derne\u011finden ayr\u0131ld\u0131ktan aylar sonras\u0131na denk gelen bir d\u00f6nemde, 38 ki\u015filik bir \u00f6rg\u00fct kurdu\u011funun ileri s\u00fcr\u00fcld\u00fc\u011f\u00fcn\u00fc anlatarak, daha \u00f6nce ba\u015fka bir savc\u0131n\u0131n, bu konuda dava a\u00e7\u0131lmas\u0131n\u0131 &#8216;bu kadar sa\u00e7ma delillerle dava olmaz&#8217; diye reddetti\u011fini savundu. Mehmet Fikri Karada\u011f, bir grup insan\u0131n fi\u015flenerek hedef haline getirildi\u011fini, ter\u00f6r b\u00f6lgelerinde g\u00f6rev yapt\u0131\u011f\u0131n\u0131, darbenin, bir neslin yok edilmesinin ne kadar y\u0131k\u0131c\u0131 bir \u015fey oldu\u011funu bildi\u011fini, bu nedenle askeri darbe yapman\u0131n &#8216;akl\u0131ndan bile ge\u00e7meyece\u011fini&#8217; \u00f6ne s\u00fcrd\u00fc.<\/p>\n<p style=\"text-align: justify;\"><strong>&#8220;POL\u0130SLER DE RE\u0130S D\u0130YOR&#8221; <\/strong><\/p>\n<p style=\"text-align: justify;\">\u0130ddianamede, bir telefon tapesinde Sedat Peker&#8217;den &#8216;Reis&#8217; diye bahsetti\u011finin belirtildi\u011fini ifade eden Karada\u011f, T\u00fcrkiye Futbol Federasyonu eski Ba\u015fkan\u0131 Hasan Do\u011fan&#8217;dan da &#8216;Koca Reis&#8217; diye bahsetti\u011fini kaydederek, &#8216;Say\u0131n Sedat Peker&#8217;le hi\u00e7bir alakam ve irtibat\u0131m yoktur. Karde\u015fi bana telefon etti\u011finde, &#8216;reis nas\u0131l?&#8217; demi\u015fim. Herkes reis diyor, polisler de reis diyor&#8217; iddias\u0131nda bulundu.<\/p>\n<p style=\"text-align: justify;\">Hasan Do\u011fan&#8217;la g\u00f6r\u00fc\u015fmelerinin, Do\u011fan&#8217;\u0131n kendisini Fehmi Koru&#8217;nun program\u0131na \u00e7\u0131karmak istemesiyle ilgili oldu\u011funu \u00f6ne s\u00fcren Karada\u011f, bu g\u00f6r\u00fc\u015fmeden kendisinin Fehmi Koru&#8217;ya suikast d\u00fczenledi\u011fi \u015feklinde bir iddian\u0131n ortaya at\u0131ld\u0131\u011f\u0131n\u0131 ileri s\u00fcrd\u00fc.<\/p>\n<p style=\"text-align: justify;\"><strong>BEDDUALI SAVUNMA<\/strong><\/p>\n<p style=\"text-align: justify;\">Karada\u011f, iddianamede baz\u0131 gazetecileri takip ettirdi\u011fi iddialar\u0131n\u0131n da yer ald\u0131\u011f\u0131n\u0131 vurgulayarak, &#8216;Senin soyun kurusun in\u015fallah. Ben niye takip ettirece\u011fim? Akl\u0131na, hayaline gelen her \u015feyi iddianameye yaz\u0131yor&#8217; dedi. Sami Ho\u015ftan&#8217;dan para ald\u0131\u011f\u0131 iddialar\u0131n\u0131n do\u011fru olmad\u0131\u011f\u0131n\u0131, Ho\u015ftan&#8217;\u0131 \u00f6mr\u00fcnde g\u00f6rmedi\u011fini iddia eden Karada\u011f, &#8216;\u00d6yle bir \u015fey olsa elektrik, telefon kira borcumuzu \u00f6derdik. Simit alacak param\u0131z yok. \u0130yiki de yok&#8217; diye konu\u015ftu.<\/p>\n<p style=\"text-align: justify;\">Karada\u011f, Hasan Do\u011fan&#8217;la olan telefon konu\u015fmas\u0131na de\u011finerek, &#8216;\u0130SK\u0130 beni ka\u00e7ak su kullan\u0131m\u0131ndan mahkemeye vermi\u015fti o d\u00f6nem. B\u00fct\u00fcn s\u0131k\u0131nt\u0131m buydu. Hasan Do\u011fan&#8217;dan yard\u0131m al\u0131p bunun paras\u0131n\u0131 yat\u0131rd\u0131m&#8217; dedi. Ordu kurdu\u011fu iddias\u0131na da de\u011finen ve &#8216;Ordu kurmak \u00f6yle kolay i\u015f mi say\u0131n Ba\u015fkan\u0131m?&#8217; \u015feklinde konu\u015fan Karada\u011f, iddianamenin yalanlardan ibaret oldu\u011funu ve bunu desteklemek i\u00e7in yalanc\u0131 gizli tan\u0131klar\u0131n \u00e7\u0131kar\u0131ld\u0131\u011f\u0131n\u0131 \u00f6ne s\u00fcrd\u00fc.<\/p>\n<p style=\"text-align: justify;\">\u0130ddianamede tetik\u00e7i tuttu\u011funun s\u00f6ylendi\u011fini, ancak as\u0131l cinayet planlayan\u0131n kendisi de\u011fil, iddianameyi haz\u0131rlayan savc\u0131 oldu\u011funu, \u00e7\u00fcnk\u00fc &#8216;hukuk cinayeti&#8217; ger\u00e7ekle\u015ftirdi\u011fini ileri s\u00fcren Karada\u011f, bir telefon tapesinde, &#8216;Onlar isteseydi bizimle temas kurard\u0131&#8217; ifadesinden yola \u00e7\u0131k\u0131larak askeri darbeye te\u015fvik etti\u011fi iddias\u0131nda bulunuldu\u011funu aktard\u0131. Karada\u011f, &#8216;Bu s\u00f6z\u00fc Genelkurmay i\u00e7in s\u00f6ylemi\u015fim. Hat\u0131rlam\u0131yorum konu\u015fmay\u0131. S\u00f6ylemi\u015fim i\u015fte. \u0130ddianamede ama\u00e7 \u00f6rt\u00fcl\u00fc olarak TSK&#8217;y\u0131 y\u0131pratmak. Yapmay\u0131n. Milletin g\u00fcvenece\u011fi ba\u015fka bir \u015fey yok&#8217; dedi.<\/p>\n<p style=\"text-align: justify;\">Karada\u011f, CHP Sar\u0131yer il\u00e7e ba\u015fkan\u0131n\u0131n Mercedes minib\u00fcs\u00fcyle 2 kez Ankara&#8217;ya gitti\u011fi iddias\u0131n\u0131n da sa\u00e7ma oldu\u011funu savundu. &#8216;Ergenekon&#8217; diye bir ter\u00f6r \u00f6rg\u00fct\u00fcnde g\u00f6rev almad\u0131\u011f\u0131n\u0131 savunan Karada\u011f, &#8216;Ergenekon ter\u00f6r \u00f6rg\u00fct diye bir \u00f6rg\u00fct hi\u00e7 duymad\u0131m ki ondan g\u00f6rev alay\u0131m. Hem madem \u00f6rg\u00fct\u00fcn kurucusuyum, g\u00f6rev almam, benim alt\u0131mda adamlar vard\u0131r, g\u00f6rev veririm&#8217; diye konu\u015ftu. Karada\u011f, Sevgi Erenerol, Kemal Kerin\u00e7siz gibi isimlerle irtibat halinde oldu\u011funun belirtildi\u011fini, ancak \u00f6rg\u00fct\u00fcn kurucular\u0131 oldu\u011fu iddia edilen \u0130lhan Sel\u00e7uk ve Kemal Alemdaro\u011flu&#8217;yla herhangi bir irtibat\u0131n\u0131n yer almad\u0131\u011f\u0131n\u0131, bunun bir \u00e7eli\u015fki oldu\u011funu ileri s\u00fcrd\u00fc.<\/p>\n<p style=\"text-align: justify;\"><strong>&#8216;VEL\u0130 K\u00dc\u00c7\u00dcK&#8217;LE BA\u011eIM YOK&#8217; <\/strong><\/p>\n<p style=\"text-align: justify;\">Tutukla san\u0131klardan emekli Tu\u011fgeneral Veli K\u00fc\u00e7\u00fck&#8217;le g\u00f6r\u00fc\u015fmeleri bulundu\u011funun do\u011fru olmad\u0131\u011f\u0131n\u0131 savunan Karada\u011f, &#8216;K\u00fc\u00e7\u00fck&#8217;le herhangi bir ba\u011f\u0131m yok ki \u00f6rg\u00fctsel ba\u011f\u0131m olsun&#8217; dedi.<\/p>\n<p style=\"text-align: justify;\">Do\u011fu Perin\u00e7ek, Kemal Kerin\u00e7siz ve Sami Ho\u015ftan&#8217;\u0131 tan\u0131mad\u0131\u011f\u0131n\u0131 belirten Karada\u011f, bu ki\u015filerle \u00f6rg\u00fctsel bir yap\u0131 i\u00e7erisinde bulunduklar\u0131 iddias\u0131n\u0131n do\u011fru olmad\u0131\u011f\u0131n\u0131 savundu. Mehmet Fikri Karada\u011f, &#8216;B\u00f6ylesine insafs\u0131z ve mesnetsiz iddialar\u0131n hukuk\u00e7ular\u0131n s\u00fczgecinden ge\u00e7medi\u011fi y\u00f6n\u00fcnde b\u00fcy\u00fck inanc\u0131m vard\u0131r&#8217; diye konu\u015ftu.<\/p>\n<p style=\"text-align: justify;\">Osman Y\u0131ld\u0131r\u0131m&#8217;\u0131 tan\u0131mad\u0131\u011f\u0131n\u0131 ve hakk\u0131ndaki beyanlar\u0131n\u0131 kabul etmedi\u011fini anlatan Karada\u011f, &#8216;Osman Y\u0131ld\u0131r\u0131m cehennemde \u015feytanla arkada\u015f olsun. Osman Y\u0131ld\u0131r\u0131m&#8217;a inanan insan yery\u00fcz\u00fcnde nas\u0131l dola\u015f\u0131r&#8217; dedi. Karada\u011f, askeri m\u00fcdahale i\u00e7in faaliyette bulunman\u0131n akl\u0131n\u0131n ucundan bile ge\u00e7meyece\u011fini belirterek, 12 Eyl\u00fcl d\u00f6neminde kendisinin de g\u00f6revde bulundu\u011funu, bu s\u0131rada askeriye ad\u0131na halka zulmedenlerle m\u00fccadele etti\u011fini anlatt\u0131.<\/p>\n<p style=\"text-align: justify;\">Tutuklu san\u0131k Karada\u011f, &#8216;Benim i\u00e7in h\u00fcrriyet her \u015feyden \u00f6nemlidir. H\u00fcrriyetim 13 ayd\u0131r k\u0131s\u0131tlan\u0131yor. Benim 13 saniyem bu iftirac\u0131lar\u0131n b\u00fct\u00fcn soylar\u0131n\u0131n k\u0131yamete kadar olan \u00f6m\u00fcrlerinden daha k\u0131ymetlidir. \u00c7\u00fcnk\u00fc ben yalan bilmem, dosdo\u011fru konu\u015furum. Hi\u00e7bir su\u00e7lamay\u0131 kabul etmiyorum. Tahliyemi ve berat\u0131m\u0131 talep ediyorum&#8217; diye konu\u015ftu.<\/p>\n<p style=\"text-align: justify;\"><span style=\"color: #888888;\">AA<\/span><\/p>\n","protected":false},"excerpt":{"rendered":"<p style=\"text-align: center;\">\n<p style=\"text-align: justify;\">Ergenekon&#8217;un tutuklu san\u0131\u011f\u0131 emekli Kurmay Albay Mehmet Fikri Karada\u011f, iddianamede baz\u0131 gazetecileri takip ettirdi\u011fi iddialar\u0131n\u0131n da yer ald\u0131\u011f\u0131n\u0131 vurgulayarak, &#8216;Senin soyun kurusun in\u015fallah. Ben niye takip ettirece\u011fim? Akl\u0131na, hayaline gelen her \u015feyi iddianameye yaz\u0131yor&#8217; dedi.<\/p>\n<p style=\"text-align: justify;\">&#8216;Ergenekon&#8217; davas\u0131n\u0131n 56. duru\u015fmas\u0131 ba\u015flad\u0131. \u0130stanbul 13. A\u011f\u0131r Ceza Mahkemesince Silivri Ceza \u0130nfaz <\/p>\n","protected":false},"author":1,"featured_media":0,"comment_status":"open","ping_status":"closed","sticky":false,"template":"","format":"standard","meta":{"footnotes":""},"categories":[105],"tags":[],"class_list":["post-3691","post","type-post","status-publish","format-standard","hentry","category-gundem","odd"],"_links":{"self":[{"href":"http:\/\/www.korhanyilmaz.com\/index.php?rest_route=\/wp\/v2\/posts\/3691","targetHints":{"allow":["GET"]}}],"collection":[{"href":"http:\/\/www.korhanyilmaz.com\/index.php?rest_route=\/wp\/v2\/posts"}],"about":[{"href":"http:\/\/www.korhanyilmaz.com\/index.php?rest_route=\/wp\/v2\/types\/post"}],"author":[{"embeddable":true,"href":"http:\/\/www.korhanyilmaz.com\/index.php?rest_route=\/wp\/v2\/users\/1"}],"replies":[{"embeddable":true,"href":"http:\/\/www.korhanyilmaz.com\/index.php?rest_route=%2Fwp%2Fv2%2Fcomments&post=3691"}],"version-history":[{"count":0,"href":"http:\/\/www.korhanyilmaz.com\/index.php?rest_route=\/wp\/v2\/posts\/3691\/revisions"}],"wp:attachment":[{"href":"http:\/\/www.korhanyilmaz.com\/index.php?rest_route=%2Fwp%2Fv2%2Fmedia&parent=3691"}],"wp:term":[{"taxonomy":"category","embeddable":true,"href":"http:\/\/www.korhanyilmaz.com\/index.php?rest_route=%2Fwp%2Fv2%2Fcategories&post=3691"},{"taxonomy":"post_tag","embeddable":true,"href":"http:\/\/www.korhanyilmaz.com\/index.php?rest_route=%2Fwp%2Fv2%2Ftags&post=3691"}],"curies":[{"name":"wp","href":"https:\/\/api.w.org\/{rel}","templated":true}]}}