{"id":36907,"date":"2011-07-15T15:18:20","date_gmt":"2011-07-15T12:18:20","guid":{"rendered":"http:\/\/www.korhanyilmaz.com\/?p=36907"},"modified":"2011-07-15T23:21:26","modified_gmt":"2011-07-15T20:21:26","slug":"kandili-kutladigimiz-su-gunde","status":"publish","type":"post","link":"http:\/\/www.korhanyilmaz.com\/?p=36907","title":{"rendered":"&#8216;Kandil&#8217;i kutlad\u0131\u011f\u0131m\u0131z \u015fu g\u00fcnde&#8217;"},"content":{"rendered":"<p style=\"text-align: center;\"><a href=\"http:\/\/www.korhanyilmaz.com\/wp-content\/uploads\/2011\/07\/1587.jpg\"  class=\"lightview\"><img loading=\"lazy\" decoding=\"async\" class=\"aligncenter size-full wp-image-36909\" src=\"http:\/\/www.korhanyilmaz.com\/wp-content\/uploads\/2011\/07\/1587.jpg\" alt=\"\" width=\"294\" height=\"196\" \/><\/a><\/p>\n<p style=\"text-align: justify;\">Diyanet \u0130\u015fleri Ba\u015fkan\u0131 Mehmet G\u00f6rmez, &#8221;Berat Kandili d\u00fcn Silvan&#8217;da \u015fehit d\u00fc\u015fen karde\u015flerimizin de ebediyen berat\u0131na vesile olsun&#8221; dedi.<\/p>\n<p style=\"text-align: justify;\">S\u00fcleymaniye Camisi&#8217;nde k\u0131l\u0131nan Cuma namaz\u0131 \u00f6ncesi Berat Kandili nedeniyle hutbe okuyan G\u00f6rmez, Kur&#8217;an-\u0131 Kerim&#8217;den ayetler okudu. <!--more--><\/p>\n<p style=\"text-align: justify;\">G\u00f6rmez, hutbesinde \u015funlar\u0131 s\u00f6yledi:<\/p>\n<p style=\"text-align: justify;\">&#8221;Kalbini imar edemeyenler, y\u00fcreklerini tatmin edemeyenler, ruhlar\u0131n\u0131 \u0131slah edemeyenler iman da edemezler. Hi\u00e7bir millet sadece siyasi kudretle, sadece maddi refahla, sadece teknolojik \u00fcst\u00fcnl\u00fckle abad olamam\u0131\u015ft\u0131r. Abad olmak i\u00e7in b\u00fct\u00fcn insanlar\u0131n iman etmeleri, sonra da yery\u00fcz\u00fcn\u00fc imar etmeleri gerekir.<\/p>\n<p style=\"text-align: justify;\">Bu gece Berat Kandili. Berat Kandili \u00fc\u00e7 aylar\u0131n tam ortas\u0131nda. Ramazan-\u0131 \u015eerif&#8217;e kavu\u015faca\u011f\u0131m\u0131z bu g\u00fcnlerde g\u00f6n\u00fcl d\u00fcnyam\u0131z\u0131 imar etmeye \u00e7al\u0131\u015fmam\u0131z gereken bir zamand\u0131r. Berat Kandili bize \u00fc\u00e7 \u015feyi \u00f6\u011fretmektedir. Haks\u0131zl\u0131ktan, adaletsizlikten uzak olmay\u0131, onlardan beri durmay\u0131 \u00f6\u011fretir. Berat Kandili bize sadece Yaradan&#8217;\u0131n aff\u0131na s\u0131\u011f\u0131nmay\u0131 \u00f6\u011fretmez, ayn\u0131 zamanda ailenize akrabalar\u0131n\u0131za yak\u0131nlar\u0131n\u0131za din karde\u015flerinize, t\u00fcm insanl\u0131\u011fa ve evrene kar\u015f\u0131 da affedici olmay\u0131 \u00f6\u011fretir. Berat Kandili&#8217;nin bize \u00f6\u011fretti\u011fi \u00fc\u00e7\u00fcnc\u00fc \u015fey \u00f6zg\u00fcrl\u00fckt\u00fcr. Her t\u00fcrl\u00fc arzudan, her t\u00fcrl\u00fc tutkudan ve isteklerimizin etkisinde kalmaktan ve k\u00f6lesi olmaktan kurtulmakt\u0131r. Bunun h\u00fcrriyetini tatmakt\u0131r. Y\u00fcce Rabb\u0131m Berat Kandilimizi berat\u0131m\u0131za vesile k\u0131ls\u0131n. Milletimize, \u0130slam alemine ve b\u00fct\u00fcn insanl\u0131\u011fa dostluk, bar\u0131\u015f ve karde\u015flik getirmesini y\u00fcce Allah&#8217;tan niyaz ediyorum.<\/p>\n<p style=\"text-align: justify;\">Berat Kandili d\u00fcn Silvan&#8217;da \u015fehit d\u00fc\u015fen karde\u015flerimizin de ebediyen berat\u0131na vesile olsun. &#8221;<\/p>\n<p style=\"text-align: justify;\"><a href=\"http:\/\/www.aksam.com.tr\/kandili-kutladigimiz-su-gunde--54922h.html\" target=\"_blank\">Kaynak : Ak\u015fam.com.tr<\/a><\/p>\n","protected":false},"excerpt":{"rendered":"<p style=\"text-align: center;\">\n<p style=\"text-align: justify;\">Diyanet \u0130\u015fleri Ba\u015fkan\u0131 Mehmet G\u00f6rmez, &#8221;Berat Kandili d\u00fcn Silvan&#8217;da \u015fehit d\u00fc\u015fen karde\u015flerimizin de ebediyen berat\u0131na vesile olsun&#8221; dedi.<\/p>\n<p style=\"text-align: justify;\">S\u00fcleymaniye Camisi&#8217;nde k\u0131l\u0131nan Cuma namaz\u0131 \u00f6ncesi Berat Kandili nedeniyle hutbe okuyan G\u00f6rmez, Kur&#8217;an-\u0131 Kerim&#8217;den ayetler okudu. <\/p>\n","protected":false},"author":1,"featured_media":0,"comment_status":"open","ping_status":"open","sticky":false,"template":"","format":"standard","meta":{"footnotes":""},"categories":[105],"tags":[],"class_list":["post-36907","post","type-post","status-publish","format-standard","hentry","category-gundem","odd"],"_links":{"self":[{"href":"http:\/\/www.korhanyilmaz.com\/index.php?rest_route=\/wp\/v2\/posts\/36907","targetHints":{"allow":["GET"]}}],"collection":[{"href":"http:\/\/www.korhanyilmaz.com\/index.php?rest_route=\/wp\/v2\/posts"}],"about":[{"href":"http:\/\/www.korhanyilmaz.com\/index.php?rest_route=\/wp\/v2\/types\/post"}],"author":[{"embeddable":true,"href":"http:\/\/www.korhanyilmaz.com\/index.php?rest_route=\/wp\/v2\/users\/1"}],"replies":[{"embeddable":true,"href":"http:\/\/www.korhanyilmaz.com\/index.php?rest_route=%2Fwp%2Fv2%2Fcomments&post=36907"}],"version-history":[{"count":0,"href":"http:\/\/www.korhanyilmaz.com\/index.php?rest_route=\/wp\/v2\/posts\/36907\/revisions"}],"wp:attachment":[{"href":"http:\/\/www.korhanyilmaz.com\/index.php?rest_route=%2Fwp%2Fv2%2Fmedia&parent=36907"}],"wp:term":[{"taxonomy":"category","embeddable":true,"href":"http:\/\/www.korhanyilmaz.com\/index.php?rest_route=%2Fwp%2Fv2%2Fcategories&post=36907"},{"taxonomy":"post_tag","embeddable":true,"href":"http:\/\/www.korhanyilmaz.com\/index.php?rest_route=%2Fwp%2Fv2%2Ftags&post=36907"}],"curies":[{"name":"wp","href":"https:\/\/api.w.org\/{rel}","templated":true}]}}