{"id":36904,"date":"2011-07-15T13:55:16","date_gmt":"2011-07-15T10:55:16","guid":{"rendered":"http:\/\/www.korhanyilmaz.com\/?p=36904"},"modified":"2011-07-15T23:19:28","modified_gmt":"2011-07-15T20:19:28","slug":"bir-o-kaldi","status":"publish","type":"post","link":"http:\/\/www.korhanyilmaz.com\/?p=36904","title":{"rendered":"Bir o kald\u0131!"},"content":{"rendered":"<p style=\"text-align: center;\"><a href=\"http:\/\/www.korhanyilmaz.com\/wp-content\/uploads\/2011\/07\/1586.jpg\"  class=\"lightview\"><img loading=\"lazy\" decoding=\"async\" class=\"aligncenter size-full wp-image-36905\" src=\"http:\/\/www.korhanyilmaz.com\/wp-content\/uploads\/2011\/07\/1586.jpg\" alt=\"\" width=\"420\" height=\"210\" \/><\/a><\/p>\n<p style=\"text-align: justify;\">Be\u015fikta\u015f Adliyesi\u2019nde sadece bir \u2018muhalif h\u00e2kim\u2019 kald\u0131: \u015eeref Ak\u00e7ay.<\/p>\n<p style=\"text-align: justify;\">T\u00fcrkiye&#8217;nin g\u00fcndemini belirleyen \u00e7ok \u00f6nemli soru\u015fturma ve davalar\u0131n g\u00f6r\u00fcld\u00fc\u011f\u00fc \u0130stanbul Adliyesi&#8217;nde 2009&#8217;dan beri bir gerilim var.<\/p>\n<p style=\"text-align: justify;\">Radikal&#8217;den \u0130smail Saymaz&#8217;\u0131n haberine g\u00f6re Birinci Ergenekon Davas\u0131\u2019na bakan 13. A\u011f\u0131r Ceza Mahkemesi Ba\u015fkan\u0131 K\u00f6ksal \u015eeng\u00fcn\u2019\u00fcn Bolu\u2019ya tayin edilmesiyle, Be\u015fikta\u015f Adliyesi\u2019ndeki \u2018cad\u0131 kazan\u0131\u2019 yeniden alevlendi. Daha \u00f6nce de Dursun \u00c7i\u00e7ek, Hur\u015fit Tolon ve Balyoz Davas\u0131 san\u0131klar\u0131n\u0131 tahliye eden be\u015f h\u00e2kimin \u00f6zel yetkileri kald\u0131r\u0131lm\u0131\u015f, \u2018Ergenekoncu\u2019 diye dinlenen Ba\u015fsavc\u0131 Aykut Cengiz Engin bu g\u00f6revden ayr\u0131l\u0131p istinaf mahkemesine ge\u00e7mi\u015f, \u2018bask\u0131 alt\u0131nday\u0131z\u2019 diyen iki mahkeme ba\u015fkan\u0131 takip edilmi\u015f, bir h\u00e2kimin \u2018yasad\u0131\u015f\u0131 \u00f6rg\u00fctle ba\u011f\u0131\u2019 oldu\u011fu \u00f6ne s\u00fcr\u00fclm\u00fc\u015f, bir di\u011feri i\u00e7in \u2018\u00e7etenin n\u00f6bet\u00e7i h\u00e2kimi\u2019 denilmi\u015fti. Bu isimlerin t\u00fcm\u00fc ayr\u0131ld\u0131 ve Be\u015fikta\u015f Adliyesi\u2019nde sadece bir \u2018muhalif h\u00e2kim\u2019 kald\u0131: \u015eeref Ak\u00e7ay. \u0130\u015fte, Be\u015fikta\u015f Adliyesi\u2019nde 2009\u2019dan bu yana s\u00fcren kavgan\u0131n k\u00f6\u015fe ta\u015flar\u0131&#8230; <!--more--><\/p>\n<p style=\"text-align: justify;\"><strong>EDE VE KUTLUATA<\/strong><\/p>\n<p style=\"text-align: justify;\">\u00a0Adliyedeki ilk \u00e7atlak, 12. A\u011f\u0131r Ceza Mahkemesi Hakimi Necdet Ede\u2019nin Hur\u015fit Tolon\u2019u \u2018kuvvetli su\u00e7 \u015f\u00fcphesinin ortadan kalkt\u0131\u011f\u0131\u2019 gerek\u00e7esiyle tahliye etmesi oldu. Mehmet Haberal\u2019\u0131 da b\u0131rakaca\u011f\u0131 yaz\u0131l\u0131nca Ede, davadan \u00e7ekildi ve Bak\u0131rk\u00f6y\u2019e atand\u0131. Tolon\u2019un yeniden tutuklanmas\u0131 y\u00f6n\u00fcndeki itiraz\u0131 reddeden \u00fcye h\u00e2kim Selda Kutluata da adliyeden ayr\u0131ld\u0131.<\/p>\n<p style=\"text-align: justify;\"><strong>DAVA AREFES\u0130NDE S\u00dcRG\u00dcN<\/strong><\/p>\n<p style=\"text-align: justify;\">\u00a0Zafer Ba\u015fkurt\u2019un ba\u015f\u0131nda oldu\u011fu 10. A\u011f\u0131r Ceza Mahkemesi, Balyoz Davas\u0131\u2019na bak\u0131yordu. Bu davan\u0131n ba\u015flamas\u0131na birka\u00e7 g\u00fcn kala, Aral\u0131k 2010\u2019da, yeni HSYK hem Ba\u015fkurt hem 14. A\u011f\u0131r Ceza Mahkemesi Ba\u015fkan\u0131 Erkan Canak\u2019\u0131n \u00f6zel yetkilerini kald\u0131rd\u0131. Ba\u015fkurt Gebze\u2019ye, Canak ise Sakarya\u2019ya \u2018tayin\u2019 edildi. \u0130ki h\u00e2kim emeklili\u011fe ayr\u0131ld\u0131. Canak\u2019\u0131n bir uyu\u015fturucu \u015febekesiyle ba\u011f\u0131 oldu\u011fu ileri s\u00fcr\u00fcld\u00fc.<\/p>\n<p style=\"text-align: justify;\"><strong>&#8220;TER\u00d6R\u0130ST H\u00c2K\u0130M&#8221;<\/strong><\/p>\n<p style=\"text-align: justify;\">9. A\u011f\u0131r Ceza\u2019da g\u00f6revli Y\u0131lmaz Alp ve Tuncay Aslan; Dursun \u00c7i\u00e7ek ve Balyoz san\u0131klar\u0131n\u0131n tahliyesine karar vermi\u015flerdi. Alp\u2019in, hen\u00fcz \u00f6\u011frenci oldu\u011fu 1991\u2019de, Devrimci Sol \u00f6rg\u00fct\u00fcne y\u00f6nelik bir soru\u015fturmada ad\u0131n\u0131n ge\u00e7ti\u011fine ili\u015fkin \u2018fi\u015fleme belgesi\u2019 bas\u0131na s\u0131zd\u0131r\u0131ld\u0131. \u0130ki h\u00e2kim de Bak\u0131rk\u00f6y Adliyesi\u2019ne g\u00f6nderildi.<\/p>\n<p style=\"text-align: justify;\"><strong>\u00c7OCUK MAHKEMES\u0130NE<\/strong><\/p>\n<p style=\"text-align: justify;\">Diyarbak\u0131r A\u011f\u0131r Ceza Mahkemesi h\u00e2kimlerinden Oktay Kuban, eski HSYK d\u00f6neminde Be\u015fikta\u015f Adliyesi\u2019ne atanm\u0131\u015ft\u0131. Kuban\u2019\u0131n n\u00f6bet s\u0131ras\u0131 gelmeden \u00f6nce Balyoz san\u0131klar\u0131n\u0131n b\u0131rak\u0131laca\u011f\u0131 haberleri yay\u0131ld\u0131. Kuban, san\u0131klar\u0131 tahliye etti ve karar nedeniyle heyetle tart\u0131\u015ft\u0131. S\u00fcre\u00e7 sonunda Kuban, \u00f6zel yetkisi kald\u0131r\u0131larak Eski\u015fehir \u00c7ocuk Mahkemesi\u2019ne atand\u0131.<\/p>\n<p style=\"text-align: justify;\"><strong>B\u0130R O KALDI<\/strong><\/p>\n<p style=\"text-align: justify;\">11. A\u011f\u0131r Ceza Mahkemesi Ba\u015fkan\u0131 \u015eeref Ak\u00e7ay, di\u011fer iki \u00fcyenin aksine Balyoz san\u0131klar\u0131 ve Hanefi Avc\u0131\u2019n\u0131n tahliyesini kabul etmi\u015fti. \u2018Yazd\u0131\u011f\u0131 muhalefet \u015ferhleri y\u00fcz\u00fcnden\u2019 adliyede meslekta\u015flar\u0131n\u0131n selam\u0131 dahi kesti\u011fini s\u00f6yledi. Mahkeme \u00fcyelerinin nezaket kurallar\u0131n\u0131 a\u015fan tutum ve davran\u0131\u015flar i\u00e7erisine girdiklerini s\u00f6ylemi\u015f ve izne ayr\u0131lm\u0131\u015ft\u0131. Ba\u015fkan \u015eeref Ak\u00e7ay halen g\u00f6revinde olan tek muhalif isim&#8230;<\/p>\n<p style=\"text-align: justify;\"><a href=\"http:\/\/haber.gazetevatan.com\/bir-o-kaldi\/388755\/1\/Gundem\" target=\"_blank\">Kaynak : VATAN Gazetesi<\/a><\/p>\n","protected":false},"excerpt":{"rendered":"<p style=\"text-align: center;\">\n<p style=\"text-align: justify;\">Be\u015fikta\u015f Adliyesi\u2019nde sadece bir \u2018muhalif h\u00e2kim\u2019 kald\u0131: \u015eeref Ak\u00e7ay.<\/p>\n<p style=\"text-align: justify;\">T\u00fcrkiye&#8217;nin g\u00fcndemini belirleyen \u00e7ok \u00f6nemli soru\u015fturma ve davalar\u0131n g\u00f6r\u00fcld\u00fc\u011f\u00fc \u0130stanbul Adliyesi&#8217;nde 2009&#8217;dan beri bir gerilim var.<\/p>\n<p style=\"text-align: justify;\">Radikal&#8217;den \u0130smail Saymaz&#8217;\u0131n haberine g\u00f6re Birinci Ergenekon Davas\u0131\u2019na bakan 13. A\u011f\u0131r Ceza Mahkemesi Ba\u015fkan\u0131 K\u00f6ksal \u015eeng\u00fcn\u2019\u00fcn Bolu\u2019ya tayin edilmesiyle, Be\u015fikta\u015f Adliyesi\u2019ndeki <\/p>\n","protected":false},"author":1,"featured_media":0,"comment_status":"open","ping_status":"open","sticky":false,"template":"","format":"standard","meta":{"footnotes":""},"categories":[105],"tags":[],"class_list":["post-36904","post","type-post","status-publish","format-standard","hentry","category-gundem","odd"],"_links":{"self":[{"href":"http:\/\/www.korhanyilmaz.com\/index.php?rest_route=\/wp\/v2\/posts\/36904","targetHints":{"allow":["GET"]}}],"collection":[{"href":"http:\/\/www.korhanyilmaz.com\/index.php?rest_route=\/wp\/v2\/posts"}],"about":[{"href":"http:\/\/www.korhanyilmaz.com\/index.php?rest_route=\/wp\/v2\/types\/post"}],"author":[{"embeddable":true,"href":"http:\/\/www.korhanyilmaz.com\/index.php?rest_route=\/wp\/v2\/users\/1"}],"replies":[{"embeddable":true,"href":"http:\/\/www.korhanyilmaz.com\/index.php?rest_route=%2Fwp%2Fv2%2Fcomments&post=36904"}],"version-history":[{"count":0,"href":"http:\/\/www.korhanyilmaz.com\/index.php?rest_route=\/wp\/v2\/posts\/36904\/revisions"}],"wp:attachment":[{"href":"http:\/\/www.korhanyilmaz.com\/index.php?rest_route=%2Fwp%2Fv2%2Fmedia&parent=36904"}],"wp:term":[{"taxonomy":"category","embeddable":true,"href":"http:\/\/www.korhanyilmaz.com\/index.php?rest_route=%2Fwp%2Fv2%2Fcategories&post=36904"},{"taxonomy":"post_tag","embeddable":true,"href":"http:\/\/www.korhanyilmaz.com\/index.php?rest_route=%2Fwp%2Fv2%2Ftags&post=36904"}],"curies":[{"name":"wp","href":"https:\/\/api.w.org\/{rel}","templated":true}]}}