{"id":36900,"date":"2011-07-15T15:59:12","date_gmt":"2011-07-15T12:59:12","guid":{"rendered":"http:\/\/www.korhanyilmaz.com\/?p=36900"},"modified":"2011-07-15T22:10:27","modified_gmt":"2011-07-15T19:10:27","slug":"bdp-13-sehit-icin-sorusturma-istedi","status":"publish","type":"post","link":"http:\/\/www.korhanyilmaz.com\/?p=36900","title":{"rendered":"BDP 13 \u015fehit i\u00e7in soru\u015fturma istedi"},"content":{"rendered":"<p style=\"text-align: justify;\"><a href=\"http:\/\/www.korhanyilmaz.com\/wp-content\/uploads\/2011\/07\/1585.jpg\"  class=\"lightview\"><img loading=\"lazy\" decoding=\"async\" class=\"aligncenter size-full wp-image-36901\" src=\"http:\/\/www.korhanyilmaz.com\/wp-content\/uploads\/2011\/07\/1585.jpg\" alt=\"\" width=\"307\" height=\"236\" \/><\/a><\/p>\n<p style=\"text-align: justify;\">Ba\u015fbakan Recep Tayyip Erdo\u011fan&#8217;a \u00e7a\u011fr\u0131da bulunan BDP Grup Ba\u015fkan\u0131 Demirta\u015f &#8220;Bu olay\u0131n ba\u015fka siyasi gerilimlere ve \u00e7at\u0131\u015fmalara yol a\u00e7mamas\u0131, b\u00fct\u00fcn boyutlar\u0131yla a\u00e7\u0131\u011fa \u00e7\u0131kar\u0131lmas\u0131 i\u00e7in soru\u015fturma ba\u015flat\u0131lmal\u0131d\u0131r&#8221; dedi. <!--more--><\/p>\n<p style=\"text-align: justify;\">BDP Grup Ba\u015fkan\u0131 Selahattin Demirta\u015f, Diyarbak\u0131r&#8217;\u0131n Silvan \u0130l\u00e7esi&#8217;nde 13 askerin \u015fehit edilmesi ve 7 askerin yaralanmas\u0131 ile sonu\u00e7lanan PKK&#8217;l\u0131 ter\u00f6ristlerin sald\u0131r\u0131yla ilgili Ba\u015fbakan Recep Tayyip Erdo\u011fan&#8217;a seslendi. Demirta\u015f, &#8220;Bu olay\u0131n ba\u015fka siyasi gerilimlere ve \u00e7at\u0131\u015fmalara yol a\u00e7mamas\u0131, b\u00fct\u00fcn boyutlar\u0131yla a\u00e7\u0131\u011fa \u00e7\u0131kar\u0131lmas\u0131 i\u00e7in soru\u015fturma ba\u015flat\u0131lmal\u0131d\u0131r. Otopsi raporlar\u0131, telsiz konu\u015fma kay\u0131tlar\u0131 kamuoyu ile payla\u015fmal\u0131d\u0131r, ger\u00e7ekler ortaya \u00e7\u0131kar\u0131lmal\u0131d\u0131r. E\u011fer iddialar do\u011fruysa, sorumlulu\u011fu, ya da ihmali olan varsa hesap sorulmas\u0131 sa\u011flanmal\u0131d\u0131r&#8221;dedi.<\/p>\n<p style=\"text-align: justify;\"><strong>&#8216;Ac\u0131lar\u0131m\u0131z\u0131 unutmayal\u0131m ama d\u00fc\u015fmanl\u0131k dili olarak kullanmayal\u0131m&#8217;<\/strong><\/p>\n<p style=\"text-align: justify;\">BDP Grup Ba\u015fkan\u0131 Selahattin Demirta\u015f, Silvan&#8217;da PKK&#8217;l\u0131 ter\u00f6ristlerin sald\u0131r\u0131s\u0131 sonucu 13 askerin \u015fehit olmas\u0131, 7 askerin de yaralanmas\u0131yla ilgili yaz\u0131l\u0131 a\u00e7\u0131klama yapt\u0131. Demirta\u015f, ac\u0131 olaydan derin \u00fcz\u00fcnt\u00fc duyduklar\u0131n\u0131 bir kez daha belirtiklerini ifade ederek, &#8220;Bu olayda ya\u015fam\u0131n\u0131 yitirenlere Allah&#8217;tan rahmet yak\u0131nlar\u0131na ba\u015fsa\u011fl\u0131\u011f\u0131, yaral\u0131lara acil \u015fifalar diliyoruz. Sava\u015f\u0131n, \u00e7at\u0131\u015fman\u0131n, \u00f6lmenin ve \u00f6ld\u00fcrmenin bir sorun \u00e7\u00f6zme y\u00f6ntemi olmaktan \u00e7\u0131kmam\u0131\u015f olmas\u0131, bizlere bu ac\u0131lar\u0131 ya\u015fatan en temel nedendir. \u00dclkenin en \u00f6nemli sorununun bu gen\u00e7lerin omuzlar\u0131na y\u00fcklenmesi haks\u0131zl\u0131\u011f\u0131 da, h\u00fck\u00fcmet ba\u015fta olmak \u00fczere siyasetin ve b\u00fct\u00fcn siyaset\u00e7ilerin sorumlulu\u011fundad\u0131r. Bu ac\u0131lar\u0131 unutmadan, ancak ac\u0131lar\u0131m\u0131z\u0131 &#8216;d\u00fc\u015fmanl\u0131k&#8217; dili olu\u015fturmak i\u00e7in de kullanmadan bar\u0131\u015f\u0131 sa\u011flamak her birimizin b\u00fct\u00fcn \u00fclkeye kar\u015f\u0131 boynunun borcudur&#8221; dedi.<\/p>\n<p style=\"text-align: justify;\"><strong>&#8216;\u00c7at\u0131\u015fmaya BDP girmi\u015f gibi bir hava estiriliyor&#8217;<\/strong><\/p>\n<p style=\"text-align: justify;\">Demirta\u015f, olay\u0131n duyulmas\u0131ndan bu yana yap\u0131lan a\u00e7\u0131klamalar ve g\u00f6sterilen tepkilerin partilerini do\u011frudan hedef ald\u0131\u011f\u0131n\u0131, ya\u015fanan olay\u0131n yaratt\u0131\u011f\u0131 ac\u0131 ve h\u00fcz\u00fcn ortam\u0131ndan yararlan\u0131larak as\u0131l sebeplerin \u00fcst\u00fcn\u00fcn \u00f6rt\u00fcld\u00fc\u011f\u00fcn\u00fc ve neredeyse \u00e7at\u0131\u015fmaya BDP girmi\u015f gibi bir hava estirildi\u011fini s\u00f6yledi. Demirta\u015f, \u015f\u00f6yle dedi:<\/p>\n<p style=\"text-align: justify;\">&#8220;Bu haks\u0131z hedef g\u00f6sterme furyas\u0131na TBMM Ba\u015fkan\u0131&#8217;ndan, h\u00fck\u00fcmet temsilcilerine kadar sorumluluk mevkiinde olup da hesap vermesi gereken herkes dahil olmu\u015ftur. Bu s\u00fcre i\u00e7erisinde Ankara, Mersin, Bursa ve Elaz\u0131\u011f il-il\u00e7e binalar\u0131m\u0131z\u0131n da aralar\u0131nda bulundu\u011fu baz\u0131 parti te\u015fkilatlar\u0131m\u0131z sald\u0131r\u0131ya u\u011fram\u0131\u015f, yak\u0131lm\u0131\u015ft\u0131r. Hi\u00e7 \u015f\u00fcphesiz ki bu olay\u0131n en b\u00fcy\u00fck ve onar\u0131lmaz kayb\u0131 ya\u015fam\u0131n\u0131 yitiren gen\u00e7lerimizdir. Siyasi polemikler, nutuklar ve kar\u015f\u0131l\u0131kl\u0131 su\u00e7lamalar ne olursa olsun, bu g\u00fcn y\u00fcre\u011fi yang\u0131n yerine d\u00f6nm\u00fc\u015f ana babalar\u0131n ac\u0131lar\u0131na derman olmayacakt\u0131r. Ancak, y\u00fcre\u011fi evlat ac\u0131s\u0131yla yanan analar\u0131n bile &#8216;akan kan dursun&#8217; \u015feklindeki kutsal s\u00f6zlerine kar\u015f\u0131l\u0131k ayn\u0131 sa\u011fduyunun binde birini siyaset\u00e7ilerde g\u00f6remiyoruz. Bu vesileyle \u00f6ncelikle herkesin ve herkesimin, bu s\u00fcre\u00e7te kulland\u0131\u011f\u0131, kullanaca\u011f\u0131 dilin \u00e7at\u0131\u015fmay\u0131, gerilimi t\u0131rmand\u0131rmaya de\u011fil, riske giren bar\u0131\u015f aray\u0131\u015flar\u0131na cesaret verici olmas\u0131n\u0131 diliyoruz. B\u00fct\u00fcn bar\u0131\u015f s\u00fcre\u00e7leri tehlike ve tehditlerle \u00f6r\u00fcl\u00fc olmu\u015ftur. Ancak bar\u0131\u015f, sadece ve sadece o\u2019na y\u00fcrekten inanan ve b\u00fct\u00fcn engellere ra\u011fmen o\u2019na do\u011fru y\u00fcr\u00fcmekte \u0131srar eden toplumlara daha erken gelmi\u015ftir. Biz de er veya ge\u00e7 kendi bar\u0131\u015f\u0131m\u0131z\u0131 in\u015fa edece\u011fiz, ama bunun ge\u00e7 olmamas\u0131 i\u00e7in biz dahil herkese sorumluluklar d\u00fc\u015fmektedir&#8221; dedi.<\/p>\n<p style=\"text-align: justify;\"><strong>&#8220;Ba\u015fbakan soru\u015fturma ba\u015flatmal\u0131d\u0131r&#8217;<\/strong><\/p>\n<p style=\"text-align: justify;\">Demirta\u015f, a\u00e7\u0131klamas\u0131nda ya\u015fanan olay\u0131n bir pusu olmad\u0131\u011f\u0131, operasyona \u00e7\u0131kan askeri birli\u011fin bir noktada PKK&#8217;l\u0131lar ile \u00e7at\u0131\u015f\u0131rken ba\u015fka bir noktada askerlerin bulundu\u011fu bir mevkiye sava\u015f u\u00e7aklar\u0131ndan veya helikopterlerden at\u0131lan bombalar\u0131n yaratt\u0131\u011f\u0131 b\u00fcy\u00fck yang\u0131nla askerlerin ya\u015fam\u0131n\u0131 yitirdi\u011fi y\u00f6n\u00fcnde iddialar\u0131n bulundu\u011fu ve bu iddialara y\u00f6nelik konu\u015fmalar\u0131n da askeri telsizlerde komutanlar aras\u0131nda ge\u00e7ti\u011fini ileri s\u00fcrd\u00fc. Demirta\u015f, Ba\u015fbakan Recep Tayyip Erdo\u011fan&#8217;a da \u00e7a\u011fr\u0131da bulunarak \u015f\u00f6yle dedi:<\/p>\n<p style=\"text-align: justify;\">&#8220;Bu olay\u0131n ba\u015fka siyasi gerilimlere ve \u00e7at\u0131\u015fmalara yol a\u00e7mamas\u0131, b\u00fct\u00fcn boyutlar\u0131yla a\u00e7\u0131\u011fa \u00e7\u0131kar\u0131lmas\u0131 i\u00e7in soru\u015fturma ba\u015flat\u0131lmal\u0131d\u0131r. Otopsi raporlar\u0131, telsiz konu\u015fma kay\u0131tlar\u0131 kamuoyu ile payla\u015fmal\u0131d\u0131r, ger\u00e7ekler ortaya \u00e7\u0131kar\u0131lmal\u0131d\u0131r. E\u011fer iddialar do\u011fruysa; sorumlulu\u011fu, ya da ihmali olan varsa hesap sorulmas\u0131 sa\u011flanmal\u0131d\u0131r. Adil bir soru\u015fturma neticesinde ortaya \u00e7\u0131kacak ger\u00e7ek her neyse, her birimiz bunun sonu\u00e7lar\u0131ndan dersler \u00e7\u0131kararak \u00f6n\u00fcm\u00fczdeki s\u00fcre\u00e7te daha etkili bir bar\u0131\u015f siyaseti \u00fcretebiliriz. Ancak, ger\u00e7eklerin \u00fcst\u00fc \u00f6rt\u00fcl\u00fcrse bu durum herkeste g\u00fcvensizli\u011fe ve karamsarl\u0131\u011fa yol a\u00e7acakt\u0131r. Kamuoyundaki bu kayg\u0131lar\u0131n giderilmesi i\u00e7in h\u00fck\u00fcmet \u00fczerine d\u00fc\u015fen sorumlulu\u011fun gere\u011fini yerine getirmelidir&#8221;<\/p>\n<p style=\"text-align: justify;\"><a href=\"http:\/\/www.cnnturk.com\/2011\/turkiye\/07\/15\/bdp.13.sehit.icin.sorusturma.istedi\/623048.0\/index.html\" target=\"_blank\">Kaynak : CNN T\u00dcRK<\/a><\/p>\n","protected":false},"excerpt":{"rendered":"<p style=\"text-align: justify;\">\n<p style=\"text-align: justify;\">Ba\u015fbakan Recep Tayyip Erdo\u011fan&#8217;a \u00e7a\u011fr\u0131da bulunan BDP Grup Ba\u015fkan\u0131 Demirta\u015f &#8220;Bu olay\u0131n ba\u015fka siyasi gerilimlere ve \u00e7at\u0131\u015fmalara yol a\u00e7mamas\u0131, b\u00fct\u00fcn boyutlar\u0131yla a\u00e7\u0131\u011fa \u00e7\u0131kar\u0131lmas\u0131 i\u00e7in soru\u015fturma ba\u015flat\u0131lmal\u0131d\u0131r&#8221; dedi. <\/p>\n","protected":false},"author":1,"featured_media":0,"comment_status":"open","ping_status":"open","sticky":false,"template":"","format":"standard","meta":{"footnotes":""},"categories":[105],"tags":[],"class_list":["post-36900","post","type-post","status-publish","format-standard","hentry","category-gundem","odd"],"_links":{"self":[{"href":"http:\/\/www.korhanyilmaz.com\/index.php?rest_route=\/wp\/v2\/posts\/36900","targetHints":{"allow":["GET"]}}],"collection":[{"href":"http:\/\/www.korhanyilmaz.com\/index.php?rest_route=\/wp\/v2\/posts"}],"about":[{"href":"http:\/\/www.korhanyilmaz.com\/index.php?rest_route=\/wp\/v2\/types\/post"}],"author":[{"embeddable":true,"href":"http:\/\/www.korhanyilmaz.com\/index.php?rest_route=\/wp\/v2\/users\/1"}],"replies":[{"embeddable":true,"href":"http:\/\/www.korhanyilmaz.com\/index.php?rest_route=%2Fwp%2Fv2%2Fcomments&post=36900"}],"version-history":[{"count":0,"href":"http:\/\/www.korhanyilmaz.com\/index.php?rest_route=\/wp\/v2\/posts\/36900\/revisions"}],"wp:attachment":[{"href":"http:\/\/www.korhanyilmaz.com\/index.php?rest_route=%2Fwp%2Fv2%2Fmedia&parent=36900"}],"wp:term":[{"taxonomy":"category","embeddable":true,"href":"http:\/\/www.korhanyilmaz.com\/index.php?rest_route=%2Fwp%2Fv2%2Fcategories&post=36900"},{"taxonomy":"post_tag","embeddable":true,"href":"http:\/\/www.korhanyilmaz.com\/index.php?rest_route=%2Fwp%2Fv2%2Ftags&post=36900"}],"curies":[{"name":"wp","href":"https:\/\/api.w.org\/{rel}","templated":true}]}}