{"id":36894,"date":"2011-07-15T18:11:50","date_gmt":"2011-07-15T15:11:50","guid":{"rendered":"http:\/\/www.korhanyilmaz.com\/?p=36894"},"modified":"2011-07-15T22:05:39","modified_gmt":"2011-07-15T19:05:39","slug":"pkk-ne-kadar-samimiyetsiz-oldugunu-gosterdi","status":"publish","type":"post","link":"http:\/\/www.korhanyilmaz.com\/?p=36894","title":{"rendered":"&#8220;PKK ne kadar samimiyetsiz oldu\u011funu g\u00f6sterdi&#8221;"},"content":{"rendered":"<p style=\"text-align: justify;\"><a href=\"http:\/\/www.korhanyilmaz.com\/wp-content\/uploads\/2011\/07\/1584.jpg\"  class=\"lightview\"><img loading=\"lazy\" decoding=\"async\" class=\"aligncenter size-full wp-image-36895\" src=\"http:\/\/www.korhanyilmaz.com\/wp-content\/uploads\/2011\/07\/1584.jpg\" alt=\"\" width=\"307\" height=\"236\" \/><\/a><\/p>\n<p style=\"text-align: justify;\">Ba\u015fbakan Recep Tayyip Erdo\u011fan, Diyarbak\u0131r&#8217;da ter\u00f6r \u00f6rg\u00fct\u00fc PKK&#8217;n\u0131n \u015fehit etti\u011fi 13 askerle ilgili olarak, &#8220;PKK ne kadar samimiyetsiz oldu\u011funu g\u00f6sterdi. G\u00fcvenlik g\u00fc\u00e7lerimiz bunun bedelini \u00e7ok daha a\u011f\u0131r \u00f6dettirecektir&#8221; dedi. Cumhurba\u015fkan\u0131 G\u00fcl de, &#8220;Tehditlere asla boyun e\u011fmeyece\u011fiz&#8221; dedi.<!--more--><\/p>\n<p style=\"text-align: justify;\">Ba\u015fbakan Recep Tayyip Erdo\u011fan, Diyarbak\u0131r&#8217;\u0131n Silvan il\u00e7esinde 13 askerin \u015fehit edilmesiyle ilgili olarak, &#8220;Ter\u00f6r \u00f6rg\u00fct\u00fc ve uzant\u0131lar\u0131 \u015funu \u00e7ok iyi bilmelidir ki bir defa, hi\u00e7bir zaman, \u00e7ok a\u00e7\u0131k ve net s\u00f6yl\u00fcyorum, bu k\u00f6t\u00fc niyetli davran\u0131\u015flar bizden hi\u00e7bir yerde, asla iyi niyet beklemesin&#8221; dedi.<\/p>\n<p style=\"text-align: justify;\">Erdo\u011fan, cuma namaz\u0131n\u0131 k\u0131ld\u0131\u011f\u0131 S\u00fcleymaniye Camisi \u00e7\u0131k\u0131\u015f\u0131nda gazetecilerin sorular\u0131n\u0131 yan\u0131tlad\u0131.<\/p>\n<p style=\"text-align: justify;\">Bir gazetecinin ter\u00f6r olaylar\u0131na ili\u015fkin de\u011ferlendirmesini sormas\u0131 \u00fczerine Erdo\u011fan, d\u00fcnk\u00fc olay\u0131n millet\u00e7e herkesi \u00fczd\u00fc\u011f\u00fcn\u00fc, ter\u00f6r \u00f6rg\u00fct\u00fc PKK&#8217;n\u0131n ne kadar samimiyetsiz oldu\u011funu, bug\u00fcne kadar ne kadar k\u00f6t\u00fc niyetlerle donan\u0131ml\u0131 oldu\u011funun bilindi\u011fini s\u00f6yledi.<\/p>\n<p style=\"text-align: justify;\">Ter\u00f6r \u00f6rg\u00fct\u00fc PKK&#8217;n\u0131n yine b\u00f6yle bir uygulamas\u0131n\u0131 ortaya koymak suretiyle, siyasi siyasi uzant\u0131lar\u0131yla da ne kadar farkl\u0131 bir s\u00fcreci i\u015flettiklerini ortaya koydu\u011funu belirten Erdo\u011fan, \u015f\u00f6yle konu\u015ftu: &#8220;13 tane \u015fehidimizin olmas\u0131 \u015f\u00fcphesiz ki y\u00fcreklerimizi yaralam\u0131\u015ft\u0131r, da\u011flam\u0131\u015ft\u0131r, ama ter\u00f6r \u00f6rg\u00fct\u00fc ve uzant\u0131lar\u0131 \u015funu \u00e7ok iyi bilmelidir ki bir defa hi\u00e7bir zaman, \u00e7ok a\u00e7\u0131k ve net s\u00f6yl\u00fcyorum. Bu k\u00f6t\u00fc niyetli davran\u0131\u015flar bizden hi\u00e7bir yerde, asla iyi niyet beklemesin. Onlar da siyasi uzant\u0131lar\u0131 da. Biz onlar\u0131n siyasi uzant\u0131lar\u0131na da \u00e7ok iyi niyet g\u00f6sterdik. Ve b\u00fct\u00fcn iyi niyetlerimizle yakla\u015f\u0131mlar\u0131m\u0131z\u0131 yapt\u0131k ve demokratik alanda m\u00fccadelelerini s\u00fcrd\u00fcrmeleri i\u00e7in her t\u00fcrl\u00fc zemini haz\u0131rlad\u0131k. Ama bunlar\u0131n her zaman ortaya koyduklar\u0131 teklifler, d\u00fcnyan\u0131n hi\u00e7bir yerinde g\u00f6r\u00fclmeyen bir dedikleri bir dediklerini tutmayan yakla\u015f\u0131m tarzlar\u0131d\u0131r. Ve hi\u00e7bir zaman AK Parti ve AK Parti iktidar\u0131 onlar\u0131n bu gayr\u0131 samimi tekliflerine, bir masaya oturacak de\u011filiz. E\u011fer bunlar bir bar\u0131\u015f\u0131 istiyorlarsa talep ediyorlarsa yapacaklar\u0131 tek \u015fey vard\u0131r, o da \u015fudur: Bir defa ter\u00f6r \u00f6rg\u00fct\u00fc silah\u0131 b\u0131rakacakt\u0131r. Silah\u0131 b\u0131rakmad\u0131klar\u0131 m\u00fcddet\u00e7e ne operasyonlar durur ne de bu s\u00fcre\u00e7 daha farkl\u0131 bir noktaya do\u011fru gider. Bundan sonraki s\u00fcre\u00e7 \u00e7ok daha farkl\u0131 stratejilerle ve uygulamalarla kendini g\u00f6sterecektir. Bunu onlar\u0131n da bilmesi laz\u0131m.&#8221;<\/p>\n<p style=\"text-align: justify;\"><strong>&#8220;Bedeli a\u011f\u0131r olacak&#8221;<\/strong><\/p>\n<p style=\"text-align: justify;\">Bir gazetecinin CHP Genel Ba\u015fkan\u0131 Kemal K\u0131l\u0131\u00e7daro\u011flu&#8217;nun, &#8220;M\u00fccadele edecek moral b\u0131rakmam\u0131\u015fs\u0131n\u0131z. Herkes tutuklu, herkes hapiste, bu moralle ter\u00f6rle m\u00fccadele ediyorsunuz&#8221; s\u00f6zlerini an\u0131msatmas\u0131 \u00fczerine Erdo\u011fan, bu yorumlara kat\u0131lmad\u0131\u011f\u0131n\u0131 s\u00f6yledi.<\/p>\n<p style=\"text-align: justify;\">Ba\u015fbakan Erdo\u011fan, \u015f\u00f6yle konu\u015ftu:<\/p>\n<p style=\"text-align: justify;\">&#8220;D\u00fc\u015f\u00fcn\u00fcn ki bir ordu sava\u015fa girdi. Bir ordu sava\u015fa girdi\u011fi zaman bunun i\u00e7erisinde zayiat verir. 100, 200, 300, 500 veya bin tane&#8230; Burada siz kalk\u0131p da &#8216;Biz moralsisiz, onun i\u00e7in bu sava\u015f\u0131 kaybettik&#8217; diyebilir misiniz? B\u00f6yle bir sa\u00e7mal\u0131k olur mu? Hele hele T\u00fcrkiye Cumhuriyeti&#8217;nin T\u00fcrk Silahl\u0131 Kuvvetlerinin toplamda 600 bini a\u015fan bir ordusu var ve bu orduyu biz NATO i\u00e7inde en g\u00fc\u00e7l\u00fc ordu olarak savunuyor ve konu\u015fuyoruz. Burada &#8216;moral bozuldu&#8217; dedi\u011fimiz anda, o zaman zaten bitersiniz ve ter\u00f6r \u00f6rg\u00fct\u00fcne de tamamen malzeme verirsiniz. \u015eu anda ana muhalefet partisi ba\u015fkan\u0131n\u0131n yapt\u0131\u011f\u0131 budur. Bu tamamen ter\u00f6r \u00f6rg\u00fct\u00fcne destek vermektir. Bug\u00fcn daha g\u00fc\u00e7l\u00fc oldu\u011fumuzu ifade etme g\u00fcn\u00fcd\u00fcr. Bu nas\u0131l siyasi anlay\u0131\u015ft\u0131r. B\u00f6yle \u015fey konu\u015fulur mu? B\u00f6yle bir at\u0131fta silahl\u0131 kuvvetlere bulunulur mu? Bizim g\u00fcvenlik g\u00fc\u00e7lerimiz d\u00fcne g\u00f6re bug\u00fcn \u00e7ok daha g\u00fc\u00e7l\u00fcd\u00fcr ve bug\u00fcn \u00e7ok daha farkl\u0131 bir yakla\u015f\u0131mla olaylara yakla\u015fmaktad\u0131r. Bunun bedelini \u00e7ok daha a\u011f\u0131r \u00f6dettirecektir, ben buna inan\u0131yorum.&#8221;<\/p>\n<p style=\"text-align: justify;\"><strong>&#8220;Demokratik \u00f6zerklik&#8221; ilan\u0131<\/strong><\/p>\n<p style=\"text-align: justify;\">Erdo\u011fan, BDP&#8217;nin &#8220;demokratik \u00f6zerklik ilan\u0131&#8221;na ili\u015fkin, &#8220;Bu, onlar\u0131n kendi \u00e7al\u0131p kendi oynad\u0131klar\u0131 bir tezdir. Bu \u00fclkede demokratik \u00f6zerli\u011fi olmayan kimse yoktur. Bunu s\u00f6yleyenlerin hepsi parlamentodad\u0131r&#8221; dedi.<\/p>\n<p style=\"text-align: justify;\">Ba\u015fbakan, &#8220;Parlamentoda bunlar\u0131n yeri var m\u0131? Var. Bu \u00fclkenin en \u00fcst d\u00fczey y\u00f6neticileri aras\u0131nda bunlar var m\u0131? Var. Bu \u00fclkede benim K\u00fcrt k\u00f6kenli vatanda\u015f\u0131m, cumhurba\u015fkanl\u0131\u011f\u0131 bile yapm\u0131\u015ft\u0131r. Bunlar neyin \u00f6zerkli\u011finden bahsediyorlar? Bunlar\u0131n hepsi sadece benim K\u00fcrt karde\u015flerimi aldatmaktan ba\u015fka bir \u015fey de\u011fildir. Bunu bir defa b\u00f6yle bilelim ve medya da bunu l\u00fctfen takdim ederken, b\u00f6yle takdim etsin. \u015eu anda ni\u00e7in G\u00fcneydo\u011fu ve Do\u011fu&#8230; Bu b\u00f6lgelerde a\u011f\u0131rl\u0131kl\u0131 olarak BDP, AK Parti&#8217;nin t\u00fcm b\u00fcrolar\u0131na kar\u015f\u0131 se\u00e7im boyunca devaml\u0131 bombalarla, ta\u015flarla sald\u0131r\u0131da bulunmu\u015f. Bunun sebebi var. Nedir bu sebep? Oradaki yalan yanl\u0131\u015f ifadeler, politikalarla yapmak istediklerinin kar\u015f\u0131s\u0131nda oyunu bozan\u0131n AK Parti oldu\u011funu g\u00f6rd\u00fckleri i\u00e7in. Onun i\u00e7in ne y\u0131laca\u011f\u0131z ne yorulaca\u011f\u0131z. Yola kararl\u0131l\u0131kla devam edece\u011fiz. Bizden kimse bu noktada farkl\u0131 bir taviz, demokrasi ve hukukun d\u0131\u015f\u0131nda beklemesin&#8221; dedi.<\/p>\n<p style=\"text-align: justify;\">Bir gazetecinin, &#8220;S\u0131n\u0131r \u00f6tesi harekat ihtimali var m\u0131?&#8221; sorusu \u00fczerine Erdo\u011fan, bunlar\u0131n \u00f6nceden s\u00f6ylenerek yap\u0131lmayaca\u011f\u0131n\u0131 belirtti ve &#8220;Gerekiyorsa bunlar\u0131n hepsi yap\u0131l\u0131r ve yap\u0131lacakt\u0131r&#8221; diye konu\u015ftu.<\/p>\n<p style=\"text-align: justify;\"><strong>G\u00fcl: &#8220;Tehditlere boyun e\u011fmeyece\u011fiz&#8221;<\/strong><\/p>\n<p style=\"text-align: justify;\">Cumhurba\u015fkan\u0131 Abdullah G\u00fcl, ter\u00f6r \u00f6rg\u00fct\u00fc PKK&#8217;n\u0131n sald\u0131r\u0131s\u0131n\u0131 de\u011ferlendirdi, &#8220;Devletimiz asla tehditlere, \u015fantaja boyun e\u011fmez. Ter\u00f6rden medet umanlar\u0131n sonu devaml\u0131 h\u00fcsran olacakt\u0131r&#8221; dedi.<\/p>\n<p style=\"text-align: justify;\">Sald\u0131r\u0131n\u0131n zamanlamas\u0131na dikkat \u00e7eken G\u00fcl, &#8220;Bunlar\u0131n tesad\u00fcfi oldu\u011fu kan\u0131s\u0131nda de\u011filim. Bunlar bilin\u00e7li yap\u0131lan sald\u0131r\u0131lard\u0131r&#8221; dedi.<\/p>\n<p style=\"text-align: justify;\"><a href=\"http:\/\/www.cnnturk.com\/2011\/turkiye\/07\/15\/pkk.ne.kadar.samimiyetsiz.oldugunu.gosterdi\/623044.0\/index.html\" target=\"_blank\">Kaynak : CNN T\u00dcRK<\/a><\/p>\n","protected":false},"excerpt":{"rendered":"<p style=\"text-align: justify;\">\n<p style=\"text-align: justify;\">Ba\u015fbakan Recep Tayyip Erdo\u011fan, Diyarbak\u0131r&#8217;da ter\u00f6r \u00f6rg\u00fct\u00fc PKK&#8217;n\u0131n \u015fehit etti\u011fi 13 askerle ilgili olarak, &#8220;PKK ne kadar samimiyetsiz oldu\u011funu g\u00f6sterdi. G\u00fcvenlik g\u00fc\u00e7lerimiz bunun bedelini \u00e7ok daha a\u011f\u0131r \u00f6dettirecektir&#8221; dedi. Cumhurba\u015fkan\u0131 G\u00fcl de, &#8220;Tehditlere asla boyun e\u011fmeyece\u011fiz&#8221; dedi.<\/p>\n","protected":false},"author":1,"featured_media":0,"comment_status":"open","ping_status":"open","sticky":false,"template":"","format":"standard","meta":{"footnotes":""},"categories":[105],"tags":[],"class_list":["post-36894","post","type-post","status-publish","format-standard","hentry","category-gundem","odd"],"_links":{"self":[{"href":"http:\/\/www.korhanyilmaz.com\/index.php?rest_route=\/wp\/v2\/posts\/36894","targetHints":{"allow":["GET"]}}],"collection":[{"href":"http:\/\/www.korhanyilmaz.com\/index.php?rest_route=\/wp\/v2\/posts"}],"about":[{"href":"http:\/\/www.korhanyilmaz.com\/index.php?rest_route=\/wp\/v2\/types\/post"}],"author":[{"embeddable":true,"href":"http:\/\/www.korhanyilmaz.com\/index.php?rest_route=\/wp\/v2\/users\/1"}],"replies":[{"embeddable":true,"href":"http:\/\/www.korhanyilmaz.com\/index.php?rest_route=%2Fwp%2Fv2%2Fcomments&post=36894"}],"version-history":[{"count":0,"href":"http:\/\/www.korhanyilmaz.com\/index.php?rest_route=\/wp\/v2\/posts\/36894\/revisions"}],"wp:attachment":[{"href":"http:\/\/www.korhanyilmaz.com\/index.php?rest_route=%2Fwp%2Fv2%2Fmedia&parent=36894"}],"wp:term":[{"taxonomy":"category","embeddable":true,"href":"http:\/\/www.korhanyilmaz.com\/index.php?rest_route=%2Fwp%2Fv2%2Fcategories&post=36894"},{"taxonomy":"post_tag","embeddable":true,"href":"http:\/\/www.korhanyilmaz.com\/index.php?rest_route=%2Fwp%2Fv2%2Ftags&post=36894"}],"curies":[{"name":"wp","href":"https:\/\/api.w.org\/{rel}","templated":true}]}}