{"id":36882,"date":"2011-07-15T18:13:40","date_gmt":"2011-07-15T15:13:40","guid":{"rendered":"http:\/\/www.korhanyilmaz.com\/?p=36882"},"modified":"2011-07-18T11:00:57","modified_gmt":"2011-07-18T08:00:57","slug":"seker-hocadan-hain-saldiri-istifasi","status":"publish","type":"post","link":"http:\/\/www.korhanyilmaz.com\/?p=36882","title":{"rendered":"\u015eeker Hoca&#8217;dan hain sald\u0131r\u0131 istifas\u0131"},"content":{"rendered":"<p><a href=\"http:\/\/www.korhanyilmaz.com\/wp-content\/uploads\/2011\/07\/1582.jpg\"  class=\"lightview\"><img loading=\"lazy\" decoding=\"async\" class=\"aligncenter size-full wp-image-36883\" src=\"http:\/\/www.korhanyilmaz.com\/wp-content\/uploads\/2011\/07\/1582.jpg\" alt=\"\" width=\"342\" height=\"223\" \/><\/a><\/p>\n<p><center><a class=\"lightview\" title=\" :::: width:550, height:413\" href=\"\/swf\/flvplayer.swf?file=http:\/\/hurriyet.cubecdn.net\/Haber\/seker_hioca_15072011_1757_wmp4.mp4&amp;skin=\/swf\/nacht.zip&amp;menu=false&amp;volume=45&amp;autostart=true&amp;volume=50&amp;controlbar=over&amp;stretching=exactfit\" rel=\"set[sekerhoca]\"><img decoding=\"async\" src=\"http:\/\/www.korhanyilmaz.com\/wp-data\/images\/videoizle1.png\" alt=\"\" \/><\/a><\/center><\/p>\n<p style=\"text-align: justify;\">MALATYA\u2019da sosyal ki\u015fili\u011fiyle tan\u0131nan \u2018\u015eeker Hoca\u2019 lakapl\u0131 imam Celal Tilgen, d\u00fcn Diyarbak\u0131r\u2019da ya\u015fanan hain sald\u0131r\u0131da 13 askerin \u015fEhit olmas\u0131n\u0131n ard\u0131ndan, bug\u00fcn cuma namaz\u0131 \u00f6ncesi vaaz verdi\u011fi s\u0131rada ya\u015fananlara tepki g\u00f6stererek istifa etti\u011fini a\u00e7\u0131klad\u0131. <!--more--><\/p>\n<p style=\"text-align: justify;\">Malatya\u2019da ilk defa cuma namaz\u0131 vaaz\u0131nda laptop kullanarak dikkatleri \u00fczerine \u00e7eken \u015eeker Cami \u0130mam\u0131 Celal Tilgen, kentte bir\u00e7ok sosyal etkinlikte ad\u0131n\u0131 duyurmu\u015ftu. Malatya\u2019n\u0131n en renkli ki\u015filerinden biri olan imam Celal Tilgen, cami i\u00e7erisinde galo\u015f uygulamas\u0131 ba\u015flatarak, bir\u00e7ok \u00e7evreden takdir alm\u0131\u015ft\u0131. \u015eeker Hoca en son olarak da camide ayakkab\u0131lar\u0131 \u00e7al\u0131nan cemaat i\u00e7in bir uygulama ba\u015flatm\u0131\u015f ve namaza gelen herkesin ayakkab\u0131lar\u0131n\u0131 sigortalatm\u0131\u015ft\u0131. Organ ba\u011f\u0131\u015f\u0131na katk\u0131 sa\u011flamak i\u00e7in kendi organlar\u0131n ba\u011f\u0131\u015flayarak \u00f6rnek olan imam Celal Tilgen, d\u00fcn Diyarbak\u0131r\u2019\u0131n Silvan il\u00e7esi k\u0131rsal\u0131nda 13 askerin pusuya d\u00fc\u015f\u00fcr\u00fckerek \u015fehit edilmesine isyan etti.<\/p>\n<p style=\"text-align: justify;\"><strong>CAH\u0130L\u0130YE D\u00d6NEM\u0130NDEK\u0130LER B\u0130LE BU ZAMAN SAVA\u015eMAZDI<\/strong><\/p>\n<p style=\"text-align: justify;\">Cuma namaz\u0131 \u00f6ncesi vaaz\u0131n\u0131n tamam\u0131n\u0131 bu hain sald\u0131r\u0131ya ay\u0131ran imam Celal Tilgen, bu gecenin Berat Kandili oldu\u011funu ve bu ay\u0131n ise m\u00fcbarek \u015eaban ay\u0131 oldu\u011funu belirterek, &#8220;Cahiliye d\u00f6nemindeki insanlar\u0131n bile sava\u015fmad\u0131klar\u0131 kan d\u00f6kmedikleri bir ayda bulunuyoruz. O d\u00f6nemde kendi k\u0131z \u00e7ocuklar\u0131n\u0131 diri diri g\u00f6men o insanlar bile Recep, \u015eaban, Ramazan ay\u0131nda bundan uzak durmu\u015flard\u0131r. Millet tam Beraat gecesine haz\u0131rlan\u0131rken, d\u00fcn 13 tane gencimizin \u015fehadet haberi geldi. Emin olunuz ki belki de burada bu tip olaylar vuku bulurken, belki de namaz\u0131m\u0131z, orucumuz, hacc\u0131m\u0131z hi\u00e7bir ibadetimiz kabul olmuyor&#8221; diyerek ya\u015fananlara tepki g\u00f6sterdi.<\/p>\n<p style=\"text-align: justify;\"><strong>BO\u015eUNA G\u00d6REV YAPIYORUZ<\/strong><\/p>\n<p style=\"text-align: justify;\">B\u00fct\u00fcn cami cemaatinin dikkatle dinledi\u011fi vaazda \u015eeker Hoca \u015funlar\u0131 s\u00f6yledi;<\/p>\n<p style=\"text-align: justify;\">&#8220;\u00dclkenin b\u00f6l\u00fcnmez b\u00fct\u00fcnl\u00fc\u011f\u00fc namustur, \u015fu g\u00f6rd\u00fc\u011f\u00fcn\u00fcz albayrak rengini t\u00fcm \u015fehitlerin kan\u0131ndan alm\u0131\u015ft\u0131r. Bo\u015fu bo\u015funa g\u00f6rev yap\u0131yoruz. Ben \u015fahsen bug\u00fcn gidip istifa edece\u011fim. Ben bu g\u00f6revden bug\u00fcn ayr\u0131laca\u011f\u0131m. B\u00f6yle hocal\u0131k olmaz, b\u00f6yle idarecilik olmaz. Hz. \u00d6mer diyor ki \u2018Dicle kenar\u0131nda bir kurt kuzuyu kapsa ilahi adalet bunu benden sorar.\u2019 37 y\u0131ld\u0131r hocal\u0131k yapm\u0131\u015f\u0131z hi\u00e7bir \u015fey \u00f6\u011fretememi\u015fiz. \u00dclkenin b\u00f6l\u00fcnmez b\u00fct\u00fcnl\u00fc\u011f\u00fcn\u00fc koruyamam\u0131\u015f\u0131z, sa\u011flayamam\u0131\u015f\u0131z. Sadece kasam\u0131za, kesemize, g\u00f6be\u011fimize bakm\u0131\u015f\u0131z. B\u00f6yle olmaz yani bu g\u00f6revde kalman\u0131n bir anlam\u0131 yok. \u015eu saatten sonra ben b\u0131rak\u0131yorum bu g\u00f6revi, bu son cumam. Bo\u015fu bo\u015funa \u00e7\u0131k\u0131yoruz burada v\u0131r v\u0131r konu\u015fuyoruz. Herkes b\u00f6yle, en \u00fcsttekinden en alttakine. Hi\u00e7 kimse g\u00f6revini yapm\u0131yor, laf ebeli\u011fi ancak birbirlerine laf yeti\u015ftiriyorlar. Ate\u015f d\u00fc\u015ft\u00fc\u011f\u00fc yeri yakar, kendinizi o ailelerin yerine koyun, ondan sonra karar verin. Kendi \u00e7ocu\u011fumuzu, kendi yak\u0131n\u0131m\u0131z\u0131, kendi akrabam\u0131z\u0131 bu \u015fekilde bir de hi\u00e7 u\u011fruna, yani gidersin d\u00fc\u015fmanla \u00e7at\u0131\u015f\u0131rs\u0131n \u015fehit olursun. Kendi kendimize \u00e7at\u0131\u015f\u0131yoruz, kendi kendimizi \u00f6ld\u00fcr\u00fcyoruz. 3-5 tane soytar\u0131n\u0131n oyununa geliyoruz, ondan sonra kahrolsun bilmem ne diyoruz. Bu \u015fekilde olmaz, herkes yapam\u0131yorsa g\u00f6revi b\u0131rakacak. Kim olursa olsun, makam\u0131 mevkii kim olursa olsun. B\u00f6yle hocal\u0131k yapman\u0131n ne anlam\u0131 kald\u0131, b\u00f6yle idarecilik yapman\u0131n ne anlam\u0131 kald\u0131. Makam ve mevki ne olursa olsun bu gibi durumlarda herkesin istifa etmesi laz\u0131m.<\/p>\n<p style=\"text-align: justify;\">Milyonlarca \u00f6\u011fretmen var, idareci var, y\u00f6netici var. Yeter ya yeter art\u0131k bu nedir b\u00f6yle her g\u00fcn her g\u00fcn, 2 g\u00fcn sonra 3 g\u00fcn sonra ayn\u0131 olay, ayn\u0131 \u015fey yeter ya. Bu y\u00fczden ben diyorum izzeti nefsi olan herkesten varsa sorumlu\u011fu, istifa etmesi laz\u0131m uzatmas\u0131nlar. Yoksa emin olunuz ki Cenab\u0131 Allah yar\u0131n mah\u015ferde bunu hesab\u0131n\u0131 sorar. 37 sene hocal\u0131k yapt\u0131m 120 bin din adam\u0131 var bilmem ka\u00e7 y\u00fczbin \u00f6\u011fretmen var, Bakan var, Ba\u015fbakan var, Cumhurba\u015fkan\u0131, Milletvekilleri var ama i\u015fler her g\u00fcn k\u00f6t\u00fcye gidiyor. Ben kendi a\u00e7\u0131mdan bu g\u00f6revi b\u0131rak\u0131yorum, \u00e7\u00fcnk\u00fc 37 senedir hocay\u0131m demek ki biz dini anlatamad\u0131k, demek ki bu gen\u00e7li\u011fe g\u00fczel \u015feyleri anlatamad\u0131k. \u00dclkenin b\u00f6l\u00fcnmez b\u00fct\u00fcnl\u00fc\u011f\u00fcn\u00fc anlatamad\u0131k, bir insan \u00f6ld\u00fcren b\u00fct\u00fcn insanlar\u0131 \u00f6ld\u00fcr\u00fcrm\u00fc\u015f ilkesini anlatamad\u0131k. Ben istifa ediyorum bu y\u00fczden.&#8221;<\/p>\n<p style=\"text-align: justify;\">K\u0131l\u0131nan cuma namaz\u0131 sonras\u0131 uzun s\u00fcredir g\u00f6rev yapt\u0131\u011f\u0131 camide cemaatle vedala\u015fan imam Celal Tilgen\u2019in istifas\u0131n\u0131 \u0130l M\u00fcft\u00fcl\u00fc\u011f\u00fc\u2019ne sunaca\u011f\u0131 \u00f6\u011frenildi.<\/p>\n<p style=\"text-align: justify;\"><strong>\u015eEKER HOCA K\u0130MD\u0130R<\/strong><\/p>\n<p style=\"text-align: justify;\">Celal Tilgen, Malatya&#8217;daki \u015eeker Camii&#8217;nin imam\u0131. Lakab\u0131, \u015eeker Hoca. Ama bu lakab\u0131 sadece camiye bor\u00e7lu de\u011fil. Tilgen yani nam\u0131 di\u011fer \u015eeker Hoca, \u00fclkenin en modern din adamlar\u0131ndan biri. Vaazlar\u0131n\u0131 laptopla veriyor. Sorular\u0131 internetten yan\u0131tl\u0131yor, vaaz aras\u0131 reklam al\u0131yor. Vaaz\u0131n\u0131 &#8220;Malatyaspor Galatasaray&#8217;\u0131 yensin, amin&#8221; diye bitiren ama kimseden tepki almayan bir din adam\u0131.<\/p>\n<p style=\"text-align: justify;\">Bas\u0131n Yay\u0131n Halkla \u0130li\u015fkiler mezunu olan Tilgen&#8217;in ilgin\u00e7 icraatlerinin ba\u015f\u0131nda camide galo\u015f zorunlulu\u011fu, internet \u00fczerinden vaaz ve vaazlar\u0131n\u0131n aras\u0131na reklam almak geliyor.<\/p>\n<p style=\"text-align: justify;\"><a href=\"http:\/\/www.hurriyet.com.tr\/gundem\/18263363.asp?gid=381\" target=\"_blank\">Kaynak : Hurriyet.com.tr<\/a><\/p>\n","protected":false},"excerpt":{"rendered":"<\/p>\n<p style=\"text-align: justify;\">MALATYA\u2019da sosyal ki\u015fili\u011fiyle tan\u0131nan \u2018\u015eeker Hoca\u2019 lakapl\u0131 imam Celal Tilgen, d\u00fcn Diyarbak\u0131r\u2019da ya\u015fanan hain sald\u0131r\u0131da 13 askerin \u015fEhit olmas\u0131n\u0131n ard\u0131ndan, bug\u00fcn cuma namaz\u0131 \u00f6ncesi vaaz verdi\u011fi s\u0131rada ya\u015fananlara tepki g\u00f6stererek istifa etti\u011fini a\u00e7\u0131klad\u0131. <\/p>\n","protected":false},"author":1,"featured_media":0,"comment_status":"open","ping_status":"open","sticky":false,"template":"","format":"standard","meta":{"footnotes":""},"categories":[105],"tags":[271,270],"class_list":["post-36882","post","type-post","status-publish","format-standard","hentry","category-gundem","tag-celal-tilgen","tag-seker-hoca","odd"],"_links":{"self":[{"href":"http:\/\/www.korhanyilmaz.com\/index.php?rest_route=\/wp\/v2\/posts\/36882","targetHints":{"allow":["GET"]}}],"collection":[{"href":"http:\/\/www.korhanyilmaz.com\/index.php?rest_route=\/wp\/v2\/posts"}],"about":[{"href":"http:\/\/www.korhanyilmaz.com\/index.php?rest_route=\/wp\/v2\/types\/post"}],"author":[{"embeddable":true,"href":"http:\/\/www.korhanyilmaz.com\/index.php?rest_route=\/wp\/v2\/users\/1"}],"replies":[{"embeddable":true,"href":"http:\/\/www.korhanyilmaz.com\/index.php?rest_route=%2Fwp%2Fv2%2Fcomments&post=36882"}],"version-history":[{"count":0,"href":"http:\/\/www.korhanyilmaz.com\/index.php?rest_route=\/wp\/v2\/posts\/36882\/revisions"}],"wp:attachment":[{"href":"http:\/\/www.korhanyilmaz.com\/index.php?rest_route=%2Fwp%2Fv2%2Fmedia&parent=36882"}],"wp:term":[{"taxonomy":"category","embeddable":true,"href":"http:\/\/www.korhanyilmaz.com\/index.php?rest_route=%2Fwp%2Fv2%2Fcategories&post=36882"},{"taxonomy":"post_tag","embeddable":true,"href":"http:\/\/www.korhanyilmaz.com\/index.php?rest_route=%2Fwp%2Fv2%2Ftags&post=36882"}],"curies":[{"name":"wp","href":"https:\/\/api.w.org\/{rel}","templated":true}]}}