{"id":36878,"date":"2011-07-15T19:12:59","date_gmt":"2011-07-15T16:12:59","guid":{"rendered":"http:\/\/www.korhanyilmaz.com\/?p=36878"},"modified":"2011-07-15T20:23:16","modified_gmt":"2011-07-15T17:23:16","slug":"pkk-saldirisi-hukumeti-harekete-gecirdi","status":"publish","type":"post","link":"http:\/\/www.korhanyilmaz.com\/?p=36878","title":{"rendered":"PKK sald\u0131r\u0131s\u0131 h\u00fck\u00fcmeti harekete ge\u00e7irdi"},"content":{"rendered":"<p style=\"text-align: justify;\"><a href=\"http:\/\/www.korhanyilmaz.com\/wp-content\/uploads\/2011\/07\/1581.jpg\"  class=\"lightview\"><img loading=\"lazy\" decoding=\"async\" class=\"aligncenter size-full wp-image-36879\" title=\"\" src=\"http:\/\/www.korhanyilmaz.com\/wp-content\/uploads\/2011\/07\/1581.jpg\" alt=\"\" width=\"288\" height=\"245\" \/><\/a><\/p>\n<p style=\"text-align: justify;\">Ba\u015fbakan Yard\u0131mc\u0131s\u0131 Be\u015fir Atalay, ter\u00f6rle m\u00fccadele konusunda &#8220;AK Parti h\u00fck\u00fcmeti, \u00f6n\u00fcm\u00fczdeki g\u00fcnlerde muhalefetin kap\u0131s\u0131n\u0131 \u00e7alacakt\u0131r. Haz\u0131rl\u0131klar\u0131n\u0131z\u0131 yap\u0131n. Hepimiz birlikte bunlar\u0131 g\u00f6\u011f\u00fcsleyelim&#8221; dedi.<\/p>\n<p style=\"text-align: justify;\">Atalay, TBMM Genel Kurulunda milletvekillerinin ele\u015ftirilerini yan\u0131tlarken, muhalefetin, &#8220;H\u00fck\u00fcmeti nas\u0131l ele\u015ftiririz&#8221; yakla\u015f\u0131m\u0131 i\u00e7inde oldu\u011funu ifade etti.<\/p>\n<p style=\"text-align: justify;\">&#8220;CHP s\u00f6zc\u00fcs\u00fcn\u00fcn samimiyetsiz ifadesini kendisine iade etti\u011fini&#8221; dile getiren Atalay, her zaman samimi, d\u00fcr\u00fcst olduklar\u0131n\u0131, do\u011fruyu konu\u015ftuklar\u0131n\u0131 s\u00f6yledi. <!--more--><\/p>\n<p style=\"text-align: justify;\">Atalay, &#8220;Bug\u00fcn benim yapmaya \u00e7al\u0131\u015ft\u0131\u011f\u0131m \u015fu size; y\u00fcce parlamentoda, d\u00fcnyan\u0131n hi\u00e7bir \u00fclkesi, iktidar\u0131 muhalefetiyle, d\u00fcr\u00fcst\u00e7e, samimice bir milli mesele olarak ter\u00f6r gibi konular\u0131 birlikte ele almazsa, iktidar bir \u015fey yaparken, muhalefet onu b\u00f6yle hemen su\u00e7lama tutumu i\u00e7inde olursa, \u00e7\u00f6z\u00fclmez, \u00e7\u00f6z\u00fclmemi\u015ftir&#8221; diye konu\u015ftu.<\/p>\n<p style=\"text-align: justify;\">Bu \u00e7al\u0131\u015fmalara ba\u015flarken muhalefetin kap\u0131s\u0131n\u0131 \u00e7ald\u0131klar\u0131n\u0131, Mecliste \u015fu anda bulunan iki muhalefet partisinin kap\u0131s\u0131n\u0131 a\u00e7mad\u0131\u011f\u0131n\u0131 ifade eden Atalay, CHP&#8217;nin y\u00f6netim de\u011fi\u015fikli\u011finden sonra g\u00f6r\u00fc\u015ft\u00fc\u011f\u00fcn\u00fc an\u0131msatt\u0131.<\/p>\n<p style=\"text-align: justify;\">Ba\u015fbakan Yard\u0131mc\u0131s\u0131 Atalay, \u015funlar\u0131 kaydetti: &#8220;\u00d6n\u00fcm\u00fczdeki g\u00fcnlerde bu sorunlar\u0131n \u00e7\u00f6z\u00fcm\u00fcyle ilgili biz yine kap\u0131n\u0131z\u0131 \u00e7alaca\u011f\u0131z. Hi\u00e7bir \u00f6n \u015fart getirmeden, diyece\u011fiz ki; &#8216;gelin T\u00fcrkiye&#8217;nin bu sorunlar\u0131n\u0131 \u00e7\u00f6zelim. T\u00fcrkiye b\u00fcy\u00fcyor ama aya\u011f\u0131nda bu prangalar var. Bunlar\u0131 birlikte \u00e7\u00f6zelim. Se\u00e7im alanlar\u0131nda bunlar\u0131 i\u00e7 siyaset malzemesi olarak kullanmayal\u0131m.&#8217; B\u00fcy\u00fck \u00fclkeler b\u00f6yle \u00e7\u00f6zm\u00fc\u015ft\u00fcr. Benim bug\u00fcnk\u00fc \u00e7a\u011fr\u0131m\u0131n \u00f6z\u00fc budur. Bu samimi bir \u00e7a\u011fr\u0131d\u0131r. \u00d6n\u00fcm\u00fczdeki g\u00fcnlerde, AK Parti H\u00fck\u00fcmeti, muhalefetin kap\u0131s\u0131n\u0131 \u00e7alacakt\u0131r. Haz\u0131rl\u0131klar\u0131n\u0131z\u0131 yap\u0131n. Hepimiz birlikte bunlar\u0131 g\u00f6\u011f\u00fcsleyelim. Burada b\u00f6yle bir konuyu polemiklerle, birbirimize laf atarak y\u00fcr\u00fctmemiz, parlamento i\u00e7in verimli de\u011fil. B\u00f6yle bir tutumla, bu konular\u0131 \u00e7\u00f6zemeyiz.&#8221;<\/p>\n<p style=\"text-align: justify;\"><a href=\"http:\/\/www.cnnturk.com\/2011\/turkiye\/07\/15\/pkk.saldirisi.hukumeti.harekete.gecirdi\/623080.0\/index.html\" target=\"_blank\">Kaynak : CNN T\u00dcRK<\/a><\/p>\n","protected":false},"excerpt":{"rendered":"<p style=\"text-align: justify;\">\n<p style=\"text-align: justify;\">Ba\u015fbakan Yard\u0131mc\u0131s\u0131 Be\u015fir Atalay, ter\u00f6rle m\u00fccadele konusunda &#8220;AK Parti h\u00fck\u00fcmeti, \u00f6n\u00fcm\u00fczdeki g\u00fcnlerde muhalefetin kap\u0131s\u0131n\u0131 \u00e7alacakt\u0131r. Haz\u0131rl\u0131klar\u0131n\u0131z\u0131 yap\u0131n. Hepimiz birlikte bunlar\u0131 g\u00f6\u011f\u00fcsleyelim&#8221; dedi.<\/p>\n<p style=\"text-align: justify;\">Atalay, TBMM Genel Kurulunda milletvekillerinin ele\u015ftirilerini yan\u0131tlarken, muhalefetin, &#8220;H\u00fck\u00fcmeti nas\u0131l ele\u015ftiririz&#8221; yakla\u015f\u0131m\u0131 i\u00e7inde oldu\u011funu ifade etti.<\/p>\n<p style=\"text-align: justify;\">&#8220;CHP s\u00f6zc\u00fcs\u00fcn\u00fcn samimiyetsiz ifadesini kendisine iade etti\u011fini&#8221; dile <\/p>\n","protected":false},"author":1,"featured_media":0,"comment_status":"open","ping_status":"open","sticky":false,"template":"","format":"standard","meta":{"footnotes":""},"categories":[105],"tags":[],"class_list":["post-36878","post","type-post","status-publish","format-standard","hentry","category-gundem","odd"],"_links":{"self":[{"href":"http:\/\/www.korhanyilmaz.com\/index.php?rest_route=\/wp\/v2\/posts\/36878","targetHints":{"allow":["GET"]}}],"collection":[{"href":"http:\/\/www.korhanyilmaz.com\/index.php?rest_route=\/wp\/v2\/posts"}],"about":[{"href":"http:\/\/www.korhanyilmaz.com\/index.php?rest_route=\/wp\/v2\/types\/post"}],"author":[{"embeddable":true,"href":"http:\/\/www.korhanyilmaz.com\/index.php?rest_route=\/wp\/v2\/users\/1"}],"replies":[{"embeddable":true,"href":"http:\/\/www.korhanyilmaz.com\/index.php?rest_route=%2Fwp%2Fv2%2Fcomments&post=36878"}],"version-history":[{"count":0,"href":"http:\/\/www.korhanyilmaz.com\/index.php?rest_route=\/wp\/v2\/posts\/36878\/revisions"}],"wp:attachment":[{"href":"http:\/\/www.korhanyilmaz.com\/index.php?rest_route=%2Fwp%2Fv2%2Fmedia&parent=36878"}],"wp:term":[{"taxonomy":"category","embeddable":true,"href":"http:\/\/www.korhanyilmaz.com\/index.php?rest_route=%2Fwp%2Fv2%2Fcategories&post=36878"},{"taxonomy":"post_tag","embeddable":true,"href":"http:\/\/www.korhanyilmaz.com\/index.php?rest_route=%2Fwp%2Fv2%2Ftags&post=36878"}],"curies":[{"name":"wp","href":"https:\/\/api.w.org\/{rel}","templated":true}]}}