{"id":36875,"date":"2011-07-15T17:42:59","date_gmt":"2011-07-15T14:42:59","guid":{"rendered":"http:\/\/www.korhanyilmaz.com\/?p=36875"},"modified":"2011-07-15T20:15:30","modified_gmt":"2011-07-15T17:15:30","slug":"arinc-sert-konustu-savcilari-goreve-cagirdi","status":"publish","type":"post","link":"http:\/\/www.korhanyilmaz.com\/?p=36875","title":{"rendered":"Ar\u0131n\u00e7 sert konu\u015ftu, savc\u0131lar\u0131 g\u00f6reve \u00e7a\u011f\u0131rd\u0131"},"content":{"rendered":"<p style=\"text-align: justify;\"><a href=\"http:\/\/www.korhanyilmaz.com\/wp-content\/uploads\/2011\/07\/1580.jpg\"  class=\"lightview\"><img loading=\"lazy\" decoding=\"async\" class=\"aligncenter size-full wp-image-36876\" src=\"http:\/\/www.korhanyilmaz.com\/wp-content\/uploads\/2011\/07\/1580.jpg\" alt=\"\" width=\"307\" height=\"236\" \/><\/a><\/p>\n<p style=\"text-align: justify;\">Ba\u015fbakan Yard\u0131mc\u0131s\u0131 B\u00fclent Ar\u0131n\u00e7, parlamentoda yemin etmeyen milletvekillerine \u00e7a\u011fr\u0131da bulunarak, &#8220;En az\u0131ndan 13 tane askerimizin \u015fehit edilmesinin ne anlama geldi\u011fini d\u00fc\u015f\u00fcns\u00fcnler&#8221; dedi.<\/p>\n<p style=\"text-align: justify;\">Ar\u0131n\u00e7, Ankara&#8217;ya hareketinden \u00f6nce Atat\u00fcrk Havaliman\u0131&#8217;nda yapt\u0131\u011f\u0131 a\u00e7\u0131klamada, \u00f6zg\u00fcrl\u00fckleri geni\u015fleten ve demokratikle\u015fmeye katk\u0131 sa\u011flayan bir iktidar olduklar\u0131n\u0131 ve bug\u00fcne kadar \u00f6zellikle ifade ve anlat\u0131m \u00f6zg\u00fcrl\u00fc\u011f\u00fc \u00fczerinde fazla durduklar\u0131n\u0131 s\u00f6yledi. <!--more--><\/p>\n<p style=\"text-align: justify;\">\u0130fade \u00f6zg\u00fcrl\u00fc\u011f\u00fcn\u00fcn b\u00fct\u00fcn \u00f6zg\u00fcrl\u00fcklerin bile\u015fkesi oldu\u011funu vurgulayan Ar\u0131n\u00e7, ancak ifade \u00f6zg\u00fcrl\u00fc\u011f\u00fcn\u00fcn evrensel hukuk kurallar\u0131nda da Avrupa \u0130nsan Haklar\u0131 Mahkemesi kararlar\u0131 i\u00e7erisinde de 3 \u015feyden dolay\u0131 k\u0131s\u0131tland\u0131\u011f\u0131na dikkati \u00e7ekti.<\/p>\n<p style=\"text-align: justify;\">Bunlardan bir tanesinin ter\u00f6r ve \u015fiddeti kesinlikle kullanmamas\u0131, ikincisinin su\u00e7un i\u015flenmesine tahrik etmemesi ve \u00fc\u00e7\u00fcnc\u00fcs\u00fcn\u00fcn de ki\u015filik haklar\u0131na hi\u00e7bir zaman sald\u0131r\u0131 niteli\u011fi ta\u015f\u0131mamas\u0131 oldu\u011funu dile getiren Ar\u0131n\u00e7, \u015f\u00f6yle konu\u015ftu:<\/p>\n<p style=\"text-align: justify;\"><strong>Ter\u00f6rist ve \u015fehit ayr\u0131m\u0131<\/strong><\/p>\n<p style=\"text-align: justify;\">&#8220;Maalesef bu \u00f6zg\u00fcrl\u00fck alanlar\u0131ndan istifade ederek baz\u0131 \u00f6rg\u00fct yanl\u0131s\u0131 insanlar\u0131n T\u00fcrkiye&#8217;de tamamen \u00f6rg\u00fct lehine propaganda yapt\u0131\u011f\u0131, onlar\u0131n eylemlerine lojistik destek sa\u011flad\u0131\u011f\u0131 da g\u00f6r\u00fclmektedir. Hatta bunlardan baz\u0131lar\u0131, kimlikleri, ki\u015filikleri T\u00fcrkiye halk\u0131nca da bilinmektedir. &#8216;Ter\u00f6rist ve \u015fehit ayr\u0131m\u0131 yap\u0131lmamal\u0131. Bizim kahraman bildiklerimize siz ter\u00f6rist diyebilirsiniz. Ama onlar kahramand\u0131rlar&#8217; \u015feklinde bir meydan okuman\u0131n i\u00e7ine girebilmektedirler. Hatta ter\u00f6ristler i\u00e7in Fatiha okumayan veya onlardan \u015fehit diye bahsetmeyen bir Diyanet \u0130\u015fleri Ba\u015fkan\u0131m\u0131za a\u011f\u0131r hakaretler yap\u0131lmaktad\u0131r.<\/p>\n<p style=\"text-align: justify;\">Maalesef baz\u0131 toplant\u0131lar\u0131nda, g\u00f6sterilerinde da\u011f k\u0131yafetleriyle \u00f6rg\u00fct mensubundan ay\u0131rt edilemeyecek bir bi\u00e7imde ellerindeki yapma bayraklar\u0131yla, s\u00f6zc\u00fckleriyle propagandalar\u0131n\u0131 koyula\u015ft\u0131rm\u0131\u015f bulunmaktad\u0131rlar. Maalesef bunlardan yine bir k\u0131sm\u0131 hi\u00e7bir resmi h\u00fcviyet ta\u015f\u0131mamakla birlikte adlar\u0131na kongre, konferans veya bir ba\u015fka isim takarak, Anayasa&#8217;m\u0131z\u0131 ihlal eden, kanunlar\u0131 \u00e7i\u011fneyen bir tav\u0131r i\u00e7erisinde olabilmektedirler.<\/p>\n<p style=\"text-align: justify;\"><strong>Cumhuriyet savc\u0131lar\u0131n\u0131 g\u00f6reve \u00e7a\u011f\u0131rd\u0131<\/strong><\/p>\n<p style=\"text-align: justify;\">\u00d6rg\u00fct ve \u00f6rg\u00fct yanda\u015flar\u0131n\u0131 cesaretlendiren, g\u00fc\u00e7lendiren bu ve benzeri eylemleri yapanlar ister siyaset\u00e7i olsun, isterse bu \u00f6rg\u00fcte herhangi bir \u015fekilde destek sa\u011flamay\u0131 g\u00f6rev edinen ki\u015filer olsun, hepsinin su\u00e7 i\u015fledi\u011fini bilmeleri laz\u0131m. Dolay\u0131s\u0131yla Cumhuriyet savc\u0131lar\u0131n\u0131 buradan g\u00f6reve davet ediyorum. \u0130fade \u00f6zg\u00fcrl\u00fc\u011f\u00fcn\u00fc yerin alt\u0131na g\u00f6men, \u00fczerilerinde tepinen ve bu \u00f6zg\u00fcrl\u00fc\u011f\u00fc istismar ederek, kendi me\u015fru niyetlerini ger\u00e7ekle\u015ftirmeye \u00e7al\u0131\u015fanlara kar\u015f\u0131 yapt\u0131klar\u0131 eylemlerin su\u00e7 te\u015fkil edip etmedi\u011fini yarg\u0131 mutlaka incelemeli ve ara\u015ft\u0131rmal\u0131d\u0131r.<\/p>\n<p style=\"text-align: justify;\">T\u00fcrkiye sahipsiz de\u011fildir. T\u00fcrkiye bir hukuk devletidir. Hukuk devleti olman\u0131n gere\u011fi de hukuka ve yasalara kar\u015f\u0131 eylem i\u015fleyenlerin cezalar\u0131n\u0131 bulmas\u0131d\u0131r. Sadece yar\u0131m a\u011f\u0131zla &#8216;biz de \u00fcz\u00fcld\u00fck&#8217; s\u00f6zlerinin kamuoyunu tatmin etmedi\u011fini hepimiz bilmeliyiz. Bir taraftan da bu insanlarla i\u00e7 i\u00e7e ge\u00e7mi\u015f g\u00f6r\u00fcnt\u00fcler vermenin T\u00fcrkiye&#8217;ye nelere mal oldu\u011funu hepimiz maalesef ac\u0131yla g\u00f6r\u00fcyoruz.&#8221;<\/p>\n<p style=\"text-align: justify;\"><strong>Aysel Tu\u011fluk&#8217;un a\u00e7\u0131klamalar\u0131<\/strong><\/p>\n<p style=\"text-align: justify;\">DTK Genel Ba\u015fkan\u0131 ve Ba\u011f\u0131ms\u0131z Van Milletvekili Aysel Tu\u011fluk&#8217;un d\u00fcnk\u00fc a\u00e7\u0131klamalar\u0131na ili\u015fkin g\u00f6r\u00fc\u015f\u00fcn\u00fcn sorulmas\u0131 \u00fczerine de Ar\u0131n\u00e7, &#8220;\u0130ster Demokratik Toplum Kongresi ister ba\u015fka ad ad\u0131 alt\u0131nda bir yerde toplan\u0131p, bir araya gelip d\u00fc\u015f\u00fcncelerini ortaya koyup, kararlar\u0131n\u0131 a\u00e7\u0131k\u00e7a ilan etmek durumunda olanlar i\u00e7in s\u00f6yl\u00fcyorum. Hukukun k\u0131ymet vermedi\u011fi bu t\u00fcr olu\u015fumlarla ne s\u00f6ylerseniz s\u00f6yleyiniz bir etki meydana getirmeniz s\u00f6z konusu de\u011fil. Ancak bu yapt\u0131klar\u0131n\u0131z yine yasalar \u00e7er\u00e7evesinde su\u00e7 te\u015fkil eden konularsa bir hukuk devletinde bunun da gere\u011fi yap\u0131l\u0131r&#8221; diye konu\u015ftu.<\/p>\n<p style=\"text-align: justify;\">&#8220;Bu ismini s\u00f6yledi\u011finiz ki\u015fi; ki ben o isimleri tekrar etmek istemiyorum \u015funu iyi bilsin; T\u00fcrkiye demokratik bir \u00fclkedir&#8221; diyen Ar\u0131n\u00e7, T\u00fcrkiye&#8217;de yerel y\u00f6netimlerin g\u00fc\u00e7lendirildi\u011fini ve AK Parti iktidarlar\u0131 d\u00f6neminde \u0130l \u00d6zel \u0130daresi Yasas\u0131 \u00e7\u0131kar\u0131ld\u0131\u011f\u0131n\u0131 ve art\u0131k il genel meclislerinin kendi i\u00e7indeki \u00fcyelerden bir ba\u015fkan se\u00e7ebildi\u011fini ve yerelle\u015fmenin g\u00fc\u00e7l\u00fc bir \u00f6rne\u011finin verildi\u011fini s\u00f6yledi.<\/p>\n<p style=\"text-align: justify;\">K\u00f6ylerin, k\u0131rsal kesimin kalk\u0131nmas\u0131nda il genel meclislerinin tek ba\u015f\u0131na yetkili oldu\u011funu ifade eden Ar\u0131n\u00e7, Belediyeler Kanunu&#8217;nu \u00e7\u0131kartarak, belediyeleri g\u00fc\u00e7lendirdiklerini, belediye gelirlerini artt\u0131rd\u0131klar\u0131n\u0131 ve b\u00fcy\u00fck\u015fehir belediyelerinin stat\u00fclerini g\u00fc\u00e7lendirdiklerini anlatan Ar\u0131n\u00e7, \u015f\u00f6yle devam etti:<\/p>\n<p style=\"text-align: justify;\"><strong>BDP&#8217;lilere \u00e7a\u011fr\u0131<\/strong><\/p>\n<p style=\"text-align: justify;\">&#8220;Bu temsilin i\u00e7erisinde BDP&#8217;li olup ba\u011f\u0131ms\u0131z se\u00e7ilen adaylar da var. 30&#8217;dan fazla milletvekili g\u00fc\u00e7l\u00fc bir temsille T\u00fcrkiye&#8217;nin sorunlar\u0131n\u0131 parlamentoda konu\u015fabilir ve kendi tekliflerini elbette ortaya koyabilirler. B\u00fct\u00fcn bunlar\u0131 g\u00f6rmezden gelerek, sanki temsilde bir s\u0131k\u0131nt\u0131 varm\u0131\u015f gibi bu t\u00fcr olu\u015fumlarla ate\u015fin \u00fczerine s\u0131k s\u0131k benzin d\u00f6kmeye \u00e7al\u0131\u015fman\u0131n T\u00fcrkiye&#8217;ye faydas\u0131 olmad\u0131\u011f\u0131n\u0131 d\u00fc\u015f\u00fcn\u00fcyorum.<\/p>\n<p style=\"text-align: justify;\">Yasa ve hukuk ne der, ona yarg\u0131 bakacakt\u0131r. Ama ben siyaseten s\u00f6yl\u00fcyorum. Bu yapt\u0131klar\u0131, T\u00fcrkiye&#8217;nin sorunlar\u0131n\u0131 \u00e7\u00f6zecek \u015feyler de\u011fil. Onu daha da kronik hale getirecek, hatta ate\u015fin \u00fczerine her g\u00fcn benzin d\u00f6kerek T\u00fcrkiye&#8217;nin huzurunu ka\u00e7\u0131racak eylemlerdir. Bunlar\u0131 yapmas\u0131nlar, vazge\u00e7sinler. T\u00fcrkiye bir hukuk devleti olman\u0131n, parlamenter demokrasi olman\u0131n \u00f6zelliklerini ta\u015f\u0131yor. Madem ki parlamentoya girenler var. O k\u00fcrs\u00fc ve yasama faaliyetlerine kat\u0131lmak elbette \u00e7ok daha \u00f6nemlidir.<\/p>\n<p style=\"text-align: justify;\">Buradan bir \u00e7a\u011fr\u0131 yap\u0131yorum; hala ant i\u00e7meyerek, parlamentoyu protesto etme g\u00f6sterilerinde bulunan 30&#8217;dan fazla ba\u011f\u0131ms\u0131z milletvekili arkada\u015f\u0131m\u0131za, milletvekili olduklar\u0131 i\u00e7in, ben de bir milletvekili oldu\u011fum i\u00e7in s\u00f6yl\u00fcyorum. En az\u0131ndan 13 tane askerimizin \u015fehit edilmesinin ne anlama geldi\u011fini d\u00fc\u015f\u00fcns\u00fcnler. Olaylar\u0131 b\u00fcy\u00fcterek hatta bir protesto eylemlerini g\u00fc\u00e7lendirmek amac\u0131yla belki milletvekillerinin parlamentoya girip yemin etmelerini engellemek amac\u0131n\u0131 da i\u00e7inde ta\u015f\u0131yan bu eyleme kar\u015f\u0131 b\u00fct\u00fcn milletvekilleri en k\u0131sa zamanda parlamentoya d\u00f6nmeli ve &#8216;T\u00fcrkiye&#8217;nin b\u00fct\u00fcnl\u00fc\u011f\u00fcnden yanay\u0131z ve b\u00fct\u00fcn sorunlar demokrasi i\u00e7inde \u00e7\u00f6z\u00fclecek, demokrasinin kalbi de parlamentodur. Biz buraday\u0131z&#8217; demeleri laz\u0131m. Bunu derlerse bu arkada\u015flar\u0131m\u0131z\u0131n ter\u00f6re kar\u015f\u0131 tav\u0131rlar\u0131n\u0131 da parlamentoya olan sayg\u0131lar\u0131n\u0131 da g\u00f6rme imkan\u0131m\u0131z olabilir.&#8221;<\/p>\n<p style=\"text-align: justify;\"><a href=\"http:\/\/www.cnnturk.com\/2011\/turkiye\/07\/15\/arinc.sert.konustu.savcilari.goreve.cagirdi\/623071.0\/index.html\" target=\"_blank\">Kaynak : CNN T\u00dcRK<\/a><\/p>\n","protected":false},"excerpt":{"rendered":"<p style=\"text-align: justify;\">\n<p style=\"text-align: justify;\">Ba\u015fbakan Yard\u0131mc\u0131s\u0131 B\u00fclent Ar\u0131n\u00e7, parlamentoda yemin etmeyen milletvekillerine \u00e7a\u011fr\u0131da bulunarak, &#8220;En az\u0131ndan 13 tane askerimizin \u015fehit edilmesinin ne anlama geldi\u011fini d\u00fc\u015f\u00fcns\u00fcnler&#8221; dedi.<\/p>\n<p style=\"text-align: justify;\">Ar\u0131n\u00e7, Ankara&#8217;ya hareketinden \u00f6nce Atat\u00fcrk Havaliman\u0131&#8217;nda yapt\u0131\u011f\u0131 a\u00e7\u0131klamada, \u00f6zg\u00fcrl\u00fckleri geni\u015fleten ve demokratikle\u015fmeye katk\u0131 sa\u011flayan bir iktidar olduklar\u0131n\u0131 ve bug\u00fcne kadar \u00f6zellikle ifade ve anlat\u0131m \u00f6zg\u00fcrl\u00fc\u011f\u00fc \u00fczerinde <\/p>\n","protected":false},"author":1,"featured_media":0,"comment_status":"open","ping_status":"open","sticky":false,"template":"","format":"standard","meta":{"footnotes":""},"categories":[105],"tags":[],"class_list":["post-36875","post","type-post","status-publish","format-standard","hentry","category-gundem","odd"],"_links":{"self":[{"href":"http:\/\/www.korhanyilmaz.com\/index.php?rest_route=\/wp\/v2\/posts\/36875","targetHints":{"allow":["GET"]}}],"collection":[{"href":"http:\/\/www.korhanyilmaz.com\/index.php?rest_route=\/wp\/v2\/posts"}],"about":[{"href":"http:\/\/www.korhanyilmaz.com\/index.php?rest_route=\/wp\/v2\/types\/post"}],"author":[{"embeddable":true,"href":"http:\/\/www.korhanyilmaz.com\/index.php?rest_route=\/wp\/v2\/users\/1"}],"replies":[{"embeddable":true,"href":"http:\/\/www.korhanyilmaz.com\/index.php?rest_route=%2Fwp%2Fv2%2Fcomments&post=36875"}],"version-history":[{"count":0,"href":"http:\/\/www.korhanyilmaz.com\/index.php?rest_route=\/wp\/v2\/posts\/36875\/revisions"}],"wp:attachment":[{"href":"http:\/\/www.korhanyilmaz.com\/index.php?rest_route=%2Fwp%2Fv2%2Fmedia&parent=36875"}],"wp:term":[{"taxonomy":"category","embeddable":true,"href":"http:\/\/www.korhanyilmaz.com\/index.php?rest_route=%2Fwp%2Fv2%2Fcategories&post=36875"},{"taxonomy":"post_tag","embeddable":true,"href":"http:\/\/www.korhanyilmaz.com\/index.php?rest_route=%2Fwp%2Fv2%2Ftags&post=36875"}],"curies":[{"name":"wp","href":"https:\/\/api.w.org\/{rel}","templated":true}]}}