{"id":36869,"date":"2011-07-15T10:10:27","date_gmt":"2011-07-15T07:10:27","guid":{"rendered":"http:\/\/www.korhanyilmaz.com\/?p=36869"},"modified":"2011-07-16T03:04:54","modified_gmt":"2011-07-16T00:04:54","slug":"ak-parti%e2%80%99li-nimet-cubukcu-bosandi","status":"publish","type":"post","link":"http:\/\/www.korhanyilmaz.com\/?p=36869","title":{"rendered":"AK Parti\u2019li Nimet \u00c7ubuk\u00e7u bo\u015fand\u0131"},"content":{"rendered":"<p><a href=\"http:\/\/www.korhanyilmaz.com\/wp-content\/uploads\/2011\/07\/1579.jpg\"  class=\"lightview\"><img loading=\"lazy\" decoding=\"async\" class=\"aligncenter size-full wp-image-36870\" title=\"\" src=\"http:\/\/www.korhanyilmaz.com\/wp-content\/uploads\/2011\/07\/1579.jpg\" alt=\"\" width=\"325\" height=\"194\" \/><\/a><\/p>\n<p style=\"text-align: justify;\">AK Parti Milletvekili Nimet \u00c7ubuk\u00e7u, \u201cgizli\u201d celsede, 25 y\u0131ll\u0131k e\u015fi Birol \u00c7ubuk\u00e7u\u2019dan bo\u015fand\u0131.<\/p>\n<p style=\"text-align: justify;\">\u0130STANBUL &#8211; AK Parti \u0130stanbul Milletvekili Nimet \u00c7ubuk\u00e7u, 25 y\u0131ll\u0131k e\u015finden ayr\u0131ld\u0131.<\/p>\n<p style=\"text-align: justify;\">Milliyet gazetesinde yer alan haber g\u00f6re; Nimet \u00c7ubuk\u00e7u, d\u00fcn avukat\u0131 S\u00fcleyman Balc\u0131 arac\u0131l\u0131\u011f\u0131yla Sar\u0131yer Aile Mahkemesi\u2019ne ba\u015fvurarak Birol \u00c7ubuk\u00e7u\u2019ya bo\u015fanma davas\u0131 a\u00e7t\u0131. <!--more--><\/p>\n<p style=\"text-align: justify;\">Talebi hemen i\u015fleme konulan \u00c7ubuk\u00e7u, davay\u0131 a\u00e7t\u0131ktan 2 saat sonra gizlice Sar\u0131yer Adliyesi\u2019ne geldi.<\/p>\n<p style=\"text-align: justify;\">\u00c7ubuk\u00e7u\u2019nun avukat\u0131 Balc\u0131\u2019yla haz\u0131r bulundu\u011fu duru\u015fmada muhasebecilik yapan Birol \u00c7ubuk\u00e7u da vekili \u015eevket Cankur\u2019la yer ald\u0131. Mahkeme ayn\u0131 g\u00fcn \u00c7ubuk\u00e7u \u00e7iftini bo\u015fad\u0131.<\/p>\n<p style=\"text-align: justify;\">Mal payla\u015f\u0131m\u0131yla ilgili protokol yapan \u00e7iftin, 22 ya\u015f\u0131nda \u00c7a\u011fr\u0131 isimli bir \u00e7ocuklar\u0131 bulunuyor.<\/p>\n<p style=\"text-align: justify;\">Eski Milli E\u011fitim Bakan\u0131 Nimet \u00c7ubuk\u00e7u yeni kabine de yer almam\u0131\u015ft\u0131.<\/p>\n<p style=\"text-align: justify;\"><a href=\"http:\/\/www.ntvmsnbc.com\/id\/25232487\/\" target=\"_blank\">Kaynak : NTVMSNBC<\/a><\/p>\n","protected":false},"excerpt":{"rendered":"<\/p>\n<p style=\"text-align: justify;\">AK Parti Milletvekili Nimet \u00c7ubuk\u00e7u, \u201cgizli\u201d celsede, 25 y\u0131ll\u0131k e\u015fi Birol \u00c7ubuk\u00e7u\u2019dan bo\u015fand\u0131.<\/p>\n<p style=\"text-align: justify;\">\u0130STANBUL &#8211; AK Parti \u0130stanbul Milletvekili Nimet \u00c7ubuk\u00e7u, 25 y\u0131ll\u0131k e\u015finden ayr\u0131ld\u0131.<\/p>\n<p style=\"text-align: justify;\">Milliyet gazetesinde yer alan haber g\u00f6re; Nimet \u00c7ubuk\u00e7u, d\u00fcn avukat\u0131 S\u00fcleyman Balc\u0131 arac\u0131l\u0131\u011f\u0131yla Sar\u0131yer Aile Mahkemesi\u2019ne ba\u015fvurarak Birol \u00c7ubuk\u00e7u\u2019ya bo\u015fanma davas\u0131 a\u00e7t\u0131. <\/p>\n","protected":false},"author":1,"featured_media":0,"comment_status":"open","ping_status":"open","sticky":false,"template":"","format":"standard","meta":{"footnotes":""},"categories":[105],"tags":[],"class_list":["post-36869","post","type-post","status-publish","format-standard","hentry","category-gundem","odd"],"_links":{"self":[{"href":"http:\/\/www.korhanyilmaz.com\/index.php?rest_route=\/wp\/v2\/posts\/36869","targetHints":{"allow":["GET"]}}],"collection":[{"href":"http:\/\/www.korhanyilmaz.com\/index.php?rest_route=\/wp\/v2\/posts"}],"about":[{"href":"http:\/\/www.korhanyilmaz.com\/index.php?rest_route=\/wp\/v2\/types\/post"}],"author":[{"embeddable":true,"href":"http:\/\/www.korhanyilmaz.com\/index.php?rest_route=\/wp\/v2\/users\/1"}],"replies":[{"embeddable":true,"href":"http:\/\/www.korhanyilmaz.com\/index.php?rest_route=%2Fwp%2Fv2%2Fcomments&post=36869"}],"version-history":[{"count":0,"href":"http:\/\/www.korhanyilmaz.com\/index.php?rest_route=\/wp\/v2\/posts\/36869\/revisions"}],"wp:attachment":[{"href":"http:\/\/www.korhanyilmaz.com\/index.php?rest_route=%2Fwp%2Fv2%2Fmedia&parent=36869"}],"wp:term":[{"taxonomy":"category","embeddable":true,"href":"http:\/\/www.korhanyilmaz.com\/index.php?rest_route=%2Fwp%2Fv2%2Fcategories&post=36869"},{"taxonomy":"post_tag","embeddable":true,"href":"http:\/\/www.korhanyilmaz.com\/index.php?rest_route=%2Fwp%2Fv2%2Ftags&post=36869"}],"curies":[{"name":"wp","href":"https:\/\/api.w.org\/{rel}","templated":true}]}}