{"id":36865,"date":"2011-07-15T12:41:12","date_gmt":"2011-07-15T09:41:12","guid":{"rendered":"http:\/\/www.korhanyilmaz.com\/?p=36865"},"modified":"2011-07-15T14:42:01","modified_gmt":"2011-07-15T11:42:01","slug":"tusiad-saldiriyi-ortak-bir-dille-kinayin","status":"publish","type":"post","link":"http:\/\/www.korhanyilmaz.com\/?p=36865","title":{"rendered":"T\u00dcS\u0130AD: Sald\u0131r\u0131y\u0131 ortak bir dille k\u0131nay\u0131n"},"content":{"rendered":"<div id=\"attachment_36866\" style=\"width: 308px\" class=\"wp-caption aligncenter\"><a href=\"http:\/\/www.korhanyilmaz.com\/wp-content\/uploads\/2011\/07\/1578.jpg\"  class=\"lightview\"><img loading=\"lazy\" decoding=\"async\" aria-describedby=\"caption-attachment-36866\" class=\"size-full wp-image-36866\" src=\"http:\/\/www.korhanyilmaz.com\/wp-content\/uploads\/2011\/07\/1578.jpg\" alt=\"\" width=\"298\" height=\"189\" \/><\/a><p id=\"caption-attachment-36866\" class=\"wp-caption-text\">T\u00dcS\u0130AD Ba\u015fkan\u0131 \u00dcmit Boyner<\/p><\/div>\n<p style=\"text-align: justify;\">T\u00dcS\u0130AD Diyarbak\u0131r&#8217;daki ter\u00f6r sald\u0131r\u0131s\u0131yla ilgili yapt\u0131\u011f\u0131 a\u00e7\u0131klamada, &#8220;TBMM\u2019de grubu bulunan veya bulunmayan t\u00fcm partilerimizin, T\u00fcrkiye\u2019ye kurulmu\u015f bu pusuyu bozarak, sald\u0131r\u0131y\u0131 ortak bir dille \u015fiddetle k\u0131namas\u0131n\u0131 bekliyoruz&#8221; de\u011ferlendirmesini yapt\u0131.<\/p>\n<p style=\"text-align: justify;\">\u0130STANBUL &#8211; T\u00dcS\u0130AD, Diyarbak\u0131r\u2019da 13 askerin \u015fehit edildi\u011fi ter\u00f6r sald\u0131r\u0131s\u0131yla ilgili bir yaz\u0131l\u0131 a\u00e7\u0131klama yapt\u0131. <!--more--><\/p>\n<p style=\"text-align: justify;\">A\u00e7\u0131klamada \u015fu g\u00f6r\u00fc\u015flere yer verildi: &#8220;T\u00dcS\u0130AD olarak Diyarbak\u0131r\u2019da ger\u00e7ekle\u015ftirilen ter\u00f6r sald\u0131r\u0131s\u0131n\u0131 \u015fiddetle k\u0131n\u0131yor, ya\u015famlar\u0131n\u0131 yitiren g\u00fcvenlik g\u00fc\u00e7leri mensuplar\u0131na Allah\u2019tan rahmet, t\u00fcm yak\u0131nlar\u0131na ba\u015fsa\u011fl\u0131\u011f\u0131 ve sab\u0131r diliyor, yaral\u0131 askerlere acil \u015fifalar diliyoruz.<\/p>\n<p style=\"text-align: justify;\">Bu sald\u0131r\u0131, \u00f6zlemini duydu\u011fumuz diyalog ortam\u0131n\u0131 ve elde edilmi\u015f istikrar\u0131 zedelemek amac\u0131 g\u00fctmektedir. Hi\u00e7bir geli\u015fme bir insanl\u0131k su\u00e7u olan ter\u00f6r\u00fc ve insan ya\u015fam\u0131na kastetmeyi me\u015fru k\u0131lamaz, hi\u00e7bir hakl\u0131 m\u00fccadelenin par\u00e7as\u0131 yapamaz.<\/p>\n<p style=\"text-align: justify;\">Genel se\u00e7imlerin ard\u0131ndan, kat\u0131l\u0131mc\u0131 bir anayasan\u0131n olu\u015fturulmas\u0131na y\u00f6nelik beklentinin olu\u015ftu\u011fu bu d\u00f6nemde, demokratikle\u015fme s\u00fcreci \u015fiddetten beslenenlere kurban edilmemelidir. Bu gibi \u015fiddet olaylar\u0131 vatanda\u015flar\u0131m\u0131z\u0131n demokrasi ve huzur iradesini k\u0131rmamal\u0131d\u0131r.<\/p>\n<p style=\"text-align: justify;\">Bu noktada temel sorumluluk hi\u00e7 \u015f\u00fcphesiz, \u00f6ncelikle siyaset kurumundad\u0131r. \u0130\u015f d\u00fcnyas\u0131 olarak, TBMM\u2019de grubu bulunan veya bulunmayan t\u00fcm partilerimizin, sorumluluk anlay\u0131\u015f\u0131 ile T\u00fcrkiye\u2019ye kurulmu\u015f bu pusuyu bozarak, sald\u0131r\u0131y\u0131 ortak bir dil ve iradeyle \u015fiddetle k\u0131namas\u0131n\u0131 ve demokratikle\u015fme s\u00fcrecine hizmet edecek yeni bir diyalog ortam\u0131n\u0131 geli\u015ftirmesini bekliyoruz.&#8221;<\/p>\n<p style=\"text-align: justify;\"><a href=\"http:\/\/www.ntvmsnbc.com\/id\/25232582\/\" target=\"_blank\">Kaynak : NTVMSNBC<\/a><\/p>\n","protected":false},"excerpt":{"rendered":"<p id=\"caption-attachment-36866\" class=\"wp-caption-text\">T\u00dcS\u0130AD Ba\u015fkan\u0131 \u00dcmit Boyner<\/p>\n<p style=\"text-align: justify;\">T\u00dcS\u0130AD Diyarbak\u0131r&#8217;daki ter\u00f6r sald\u0131r\u0131s\u0131yla ilgili yapt\u0131\u011f\u0131 a\u00e7\u0131klamada, &#8220;TBMM\u2019de grubu bulunan veya bulunmayan t\u00fcm partilerimizin, T\u00fcrkiye\u2019ye kurulmu\u015f bu pusuyu bozarak, sald\u0131r\u0131y\u0131 ortak bir dille \u015fiddetle k\u0131namas\u0131n\u0131 bekliyoruz&#8221; de\u011ferlendirmesini yapt\u0131.<\/p>\n<p style=\"text-align: justify;\">\u0130STANBUL &#8211; T\u00dcS\u0130AD, Diyarbak\u0131r\u2019da 13 askerin \u015fehit edildi\u011fi ter\u00f6r sald\u0131r\u0131s\u0131yla ilgili bir yaz\u0131l\u0131 a\u00e7\u0131klama yapt\u0131. <\/p>\n","protected":false},"author":1,"featured_media":0,"comment_status":"open","ping_status":"open","sticky":false,"template":"","format":"standard","meta":{"footnotes":""},"categories":[105],"tags":[],"class_list":["post-36865","post","type-post","status-publish","format-standard","hentry","category-gundem","odd"],"_links":{"self":[{"href":"http:\/\/www.korhanyilmaz.com\/index.php?rest_route=\/wp\/v2\/posts\/36865","targetHints":{"allow":["GET"]}}],"collection":[{"href":"http:\/\/www.korhanyilmaz.com\/index.php?rest_route=\/wp\/v2\/posts"}],"about":[{"href":"http:\/\/www.korhanyilmaz.com\/index.php?rest_route=\/wp\/v2\/types\/post"}],"author":[{"embeddable":true,"href":"http:\/\/www.korhanyilmaz.com\/index.php?rest_route=\/wp\/v2\/users\/1"}],"replies":[{"embeddable":true,"href":"http:\/\/www.korhanyilmaz.com\/index.php?rest_route=%2Fwp%2Fv2%2Fcomments&post=36865"}],"version-history":[{"count":0,"href":"http:\/\/www.korhanyilmaz.com\/index.php?rest_route=\/wp\/v2\/posts\/36865\/revisions"}],"wp:attachment":[{"href":"http:\/\/www.korhanyilmaz.com\/index.php?rest_route=%2Fwp%2Fv2%2Fmedia&parent=36865"}],"wp:term":[{"taxonomy":"category","embeddable":true,"href":"http:\/\/www.korhanyilmaz.com\/index.php?rest_route=%2Fwp%2Fv2%2Fcategories&post=36865"},{"taxonomy":"post_tag","embeddable":true,"href":"http:\/\/www.korhanyilmaz.com\/index.php?rest_route=%2Fwp%2Fv2%2Ftags&post=36865"}],"curies":[{"name":"wp","href":"https:\/\/api.w.org\/{rel}","templated":true}]}}