{"id":36855,"date":"2011-07-15T07:03:50","date_gmt":"2011-07-15T04:03:50","guid":{"rendered":"http:\/\/www.korhanyilmaz.com\/?p=36855"},"modified":"2011-07-15T14:28:48","modified_gmt":"2011-07-15T11:28:48","slug":"dtkdan-ozerklik-ilani-cikti","status":"publish","type":"post","link":"http:\/\/www.korhanyilmaz.com\/?p=36855","title":{"rendered":"DTK&#8217;dan \u00f6zerklik ilan\u0131 \u00e7\u0131kt\u0131"},"content":{"rendered":"<p style=\"text-align: center;\"><a href=\"http:\/\/www.korhanyilmaz.com\/wp-content\/uploads\/2011\/07\/1575.jpeg\"  class=\"lightview\"><img loading=\"lazy\" decoding=\"async\" class=\"aligncenter size-full wp-image-36856\" src=\"http:\/\/www.korhanyilmaz.com\/wp-content\/uploads\/2011\/07\/1575.jpeg\" alt=\"\" width=\"384\" height=\"254\" \/><\/a><\/p>\n<p style=\"text-align: justify;\">Ankara&#8217;da Meclis boykotunu bitirmek i\u00e7in g\u00f6r\u00fc\u015fmeler s\u00fcrerken Demokratik Toplum Kongresi Diyarbak\u0131r&#8217;da &#8216;Demokratik \u00d6zerklik&#8217; ilan etti. Diyarbak\u0131r Cumhuriyet Ba\u015fsavc\u0131l\u0131\u011f\u0131, \u00f6zerklik ilan\u0131yla ilgili soru\u015fturma ba\u015flatt\u0131.<!--more--><\/p>\n<p style=\"text-align: justify;\">Demokratik Toplum Kongresi (DTK) Genel Ba\u015fkan Yard\u0131mc\u0131s\u0131 ve ba\u011f\u0131ms\u0131z Van Milletvekili Aysel Tu\u011fluk, \u201cUluslararas\u0131 insan haklar\u0131 belgelerinin tan\u0131mlad\u0131\u011f\u0131 haklar \u0131\u015f\u0131\u011f\u0131nda ortak vatan anlay\u0131\u015f\u0131 temelinde toprak b\u00fct\u00fcnl\u00fc\u011f\u00fcne ve demokratik ulus perspektifi temelinde T\u00fcrkiye halklar\u0131n\u0131n ulusal b\u00fct\u00fcnl\u00fc\u011f\u00fcne ba\u011fl\u0131 kalarak, K\u00fcrt halk\u0131 olarak demokratik \u00f6zerkli\u011fimizi ilan ediyoruz\u201d dedi.<\/p>\n<p style=\"text-align: justify;\">DTK\u2019nin Diyarbak\u0131r\u2019da BDP il binas\u0131nda yapt\u0131\u011f\u0131 ola\u011fan\u00fcst\u00fc toplant\u0131ya BDP Grup Ba\u015fkan\u0131 Selahattin Demirta\u015f, DTK Genel Ba\u015fkan\u0131 Ahmet T\u00fcrk, yard\u0131mc\u0131s\u0131 Van Milletvekilleri Aysel Tu\u011fluk, milletvekilleri Sabahat Tuncel, Bengi Y\u0131ld\u0131z, Leyla Zana, Nursel Aydo\u011fan, Demir \u00c7elik, Emine Ayna, Adil Kurt, Altan Tan, BDP Genel Ba\u015fkan Vekili Hamit Geylani, Diyarbak\u0131r B\u00fcy\u00fck\u015fehir Belediye Ba\u015fkan\u0131 Osman Baydemir, belediye ba\u015fkanlar\u0131 Abdullah \u00d6calan\u2019\u0131n karde\u015fi Mehmet \u00d6calan ile DTK\u2019n\u0131n 850 delegesi kat\u0131ld\u0131. Yakla\u015f\u0131k 6 saat s\u00fcren ola\u011fan\u00fcst\u00fc toplant\u0131n\u0131n ard\u0131ndan DTK Genel Ba\u015fkan Yard\u0131mc\u0131s\u0131 Aysel Tu\u011fluk, haz\u0131rlanan bildiriyi okudu.<\/p>\n<p style=\"text-align: justify;\"><strong>\u2018\u00c7\u00f6z\u00fcme yana\u015fmad\u0131lar\u2019<\/strong><\/p>\n<p style=\"text-align: justify;\">Tu\u011fluk, T\u00fcrkiye i\u00e7inde ve d\u0131\u015f\u0131nda bir\u00e7ok \u00e7evrenin T\u00fcrkiye\u2019nin K\u00fcrt sorununu \u00e7\u00f6zmesi gerekti\u011fini dile getirdi\u011fini, ancak T\u00fcrk Devleti ve iktidarda olan AK Parti\u2019nin kendi \u00e7\u0131karlar\u0131 i\u00e7in K\u00fcrt sorununu \u00e7\u00f6zmeye yana\u015fmad\u0131\u011f\u0131n\u0131 ileri s\u00fcrd\u00fc.<\/p>\n<p style=\"text-align: justify;\">Devam edecek \u00e7\u00f6z\u00fcms\u00fczl\u00fc\u011f\u00fcn, halklar\u0131 \u015fiddet ve \u00e7at\u0131\u015fma ortam\u0131nda tutup g\u00fc\u00e7 kaybetmesinden ba\u015fka bir sonu\u00e7 vermeyece\u011fini kaydeden Tu\u011fluk, \u015f\u00f6yle dedi:<\/p>\n<p style=\"text-align: justify;\">\u201cT\u00fcrkiye ve K\u00fcrdistan a\u00e7\u0131s\u0131ndan her bak\u0131mdan \u00e7\u00f6k\u00fcnt\u00fc ve y\u0131k\u0131m anlam\u0131na gelecektir. K\u00fcrt sorunu K\u00fcrtlerin halk olmaktan kaynakl\u0131 haklar\u0131n\u0131 kullanamamalar\u0131, stat\u00fc sahibi olamamalar\u0131 her taleplerinin de bask\u0131 ve \u015fiddetle red edilmesinden kaynakl\u0131d\u0131r.<\/p>\n<p style=\"text-align: justify;\">Sorunun \u00e7\u00f6z\u00fcm\u00fc K\u00fcrtlerin halk olarak tan\u0131nmas\u0131, T\u00fcrkiye halklar\u0131yla birlikte e\u015fitlik temelinde stat\u00fcye kavu\u015fmalar\u0131yla ancak \u00e7\u00f6z\u00fcm bulabilir. K\u00fcrt halk\u0131 art\u0131k mevcut durumda ulusal varl\u0131\u011f\u0131n\u0131 tehdit eden politikalar kar\u015f\u0131s\u0131nda stat\u00fcs\u00fcz bir halk olarak ya\u015famak istememektedir. K\u00fcrt halk\u0131 olarak inkar ve imha politikas\u0131 temelinde kurulan siyasi stat\u00fcs\u00fczl\u00fc\u011f\u00fc reddederek, \u00f6zg\u00fcrl\u00fck temelinde kendi toplumsal demokrasimizi de kurarak yeni bir stat\u00fcye kavu\u015fturmak istiyoruz. Kendimizi y\u00f6netme g\u00fc\u00e7 ve iradesine sahip oldu\u011fumuzu belirtiyoruz.<\/p>\n<p style=\"text-align: justify;\"><strong>\u2018Devleti y\u0131kmak de\u011fildir\u2019<\/strong><\/p>\n<p style=\"text-align: justify;\">Demokratik \u00f6zerklik, bir devleti y\u0131kmak, yeni bir devlet kurmak de\u011fildir. Ayn\u0131 zamanda bir devlet sistemi de de\u011fildir. Halk\u0131n devlet olmayan, kendi co\u011frafyas\u0131ndaki \u00f6z y\u00f6netime kat\u0131lma sistemidir. Dolay\u0131s\u0131yla \u00f6z g\u00fc\u00e7 ve \u00f6z yeterlilik ilkesini esas al\u0131r. Bu esaslar temelinde, tarihsel d\u00f6nemlerden de esinlenerek, uluslararas\u0131 insan haklar\u0131 belgelerinin tan\u0131mlad\u0131\u011f\u0131 haklar \u0131\u015f\u0131\u011f\u0131nda ortak vatan anlay\u0131\u015f\u0131 temelinde toprak b\u00fct\u00fcnl\u00fc\u011f\u00fcne ve demokratik ulus perspektifi temelinde T\u00fcrkiye halklar\u0131n\u0131n ulusal b\u00fct\u00fcnl\u00fc\u011f\u00fcne ba\u011fl\u0131 kalarak, K\u00fcrt halk\u0131 olarak demokratik \u00f6zerkli\u011fimizi ilan ediyoruz.\u201d<\/p>\n<p style=\"text-align: justify;\"><strong>\u2018D\u00fcnya \u00f6zerkli\u011fi tan\u0131s\u0131n\u2019<\/strong><\/p>\n<p style=\"text-align: justify;\">Tu\u011fluk, herkesi demokratik \u00f6zerli\u011fe kar\u015f\u0131 sorumlulu\u011fu gere\u011fi dayan\u0131\u015fma i\u00e7inde olmaya \u00e7a\u011f\u0131rd\u0131klar\u0131n\u0131 da ifade ederek, \u201c Uluslararas\u0131 camiaya \u00e7a\u011fr\u0131m\u0131zd\u0131r, uluslararas\u0131 hukukta da yeri olan bu hak esas al\u0131narak K\u00fcrt halk\u0131n\u0131n ilan eti\u011fi demokratik \u00f6zerkli\u011fi tan\u0131maya \u00e7a\u011f\u0131r\u0131yoruz\u201d dedi.<\/p>\n<p style=\"text-align: justify;\"><strong>BA\u015eSAVCILIK SORU\u015eTURMA BA\u015eLATTI<\/strong><\/p>\n<p style=\"text-align: justify;\">Diyarbak\u0131r Cumhuriyet Ba\u015fsavc\u0131l\u0131\u011f\u0131, Demokratik Toplum Kongresi&#8217;nin (DTK), \u201cDemokratik \u00d6zerklik\u201d a\u00e7\u0131klamas\u0131na ili\u015fkin soru\u015fturma ba\u015flatt\u0131.<\/p>\n<p style=\"text-align: justify;\">BDP Diyarbak\u0131r \u0130l Ba\u015fkanl\u0131\u011f\u0131&#8217;nda, BDP Grup Ba\u015fkan\u0131 Selahattin Demirta\u015f, DTK Genel Ba\u015fkan\u0131 ve ba\u011f\u0131ms\u0131z Mardin Milletvekili Ahmet T\u00fcrk, BDP&#8217;li milletvekilleri, Belediye Ba\u015fkanlar\u0131 ve DTK \u00fcyelerinin kat\u0131l\u0131m\u0131yla d\u00fcn yap\u0131lan toplant\u0131n\u0131n ard\u0131ndan \u201cDemokratik \u00d6zerklik\u201d karar\u0131n\u0131n al\u0131nd\u0131\u011f\u0131 a\u00e7\u0131klanm\u0131\u015ft\u0131.<\/p>\n<p style=\"text-align: justify;\">Diyarbak\u0131r Cumhuriyet Ba\u015fsavc\u0131l\u0131\u011f\u0131, DTK Genel Ba\u015fkan Yard\u0131mc\u0131s\u0131 ve Ba\u011f\u0131ms\u0131z Van Milletvekili Aysel Tu\u011fluk taraf\u0131ndan yap\u0131lan a\u00e7\u0131klamaya ili\u015fkin soru\u015fturma ba\u015flatt\u0131. Soru\u015fturma kapsam\u0131nda sonu\u00e7 bildirgesiyle ilgili metin incelemeye al\u0131nd\u0131. \u0130nceleme sonucu su\u00e7 unsuruna rastlanmas\u0131 halinde dava a\u00e7\u0131lacak.<\/p>\n<p style=\"text-align: justify;\"><a href=\"http:\/\/www.radikal.com.tr\/Radikal.aspx?aType=RadikalDetayV3&amp;ArticleID=1056366&amp;Date=15.07.2011&amp;CategoryID=77\" target=\"_blank\">Kaynak : Radikal.com.tr<\/a><\/p>\n","protected":false},"excerpt":{"rendered":"<p style=\"text-align: center;\">\n<p style=\"text-align: justify;\">Ankara&#8217;da Meclis boykotunu bitirmek i\u00e7in g\u00f6r\u00fc\u015fmeler s\u00fcrerken Demokratik Toplum Kongresi Diyarbak\u0131r&#8217;da &#8216;Demokratik \u00d6zerklik&#8217; ilan etti. Diyarbak\u0131r Cumhuriyet Ba\u015fsavc\u0131l\u0131\u011f\u0131, \u00f6zerklik ilan\u0131yla ilgili soru\u015fturma ba\u015flatt\u0131.<\/p>\n","protected":false},"author":1,"featured_media":0,"comment_status":"open","ping_status":"open","sticky":false,"template":"","format":"standard","meta":{"footnotes":""},"categories":[105],"tags":[],"class_list":["post-36855","post","type-post","status-publish","format-standard","hentry","category-gundem","odd"],"_links":{"self":[{"href":"http:\/\/www.korhanyilmaz.com\/index.php?rest_route=\/wp\/v2\/posts\/36855","targetHints":{"allow":["GET"]}}],"collection":[{"href":"http:\/\/www.korhanyilmaz.com\/index.php?rest_route=\/wp\/v2\/posts"}],"about":[{"href":"http:\/\/www.korhanyilmaz.com\/index.php?rest_route=\/wp\/v2\/types\/post"}],"author":[{"embeddable":true,"href":"http:\/\/www.korhanyilmaz.com\/index.php?rest_route=\/wp\/v2\/users\/1"}],"replies":[{"embeddable":true,"href":"http:\/\/www.korhanyilmaz.com\/index.php?rest_route=%2Fwp%2Fv2%2Fcomments&post=36855"}],"version-history":[{"count":0,"href":"http:\/\/www.korhanyilmaz.com\/index.php?rest_route=\/wp\/v2\/posts\/36855\/revisions"}],"wp:attachment":[{"href":"http:\/\/www.korhanyilmaz.com\/index.php?rest_route=%2Fwp%2Fv2%2Fmedia&parent=36855"}],"wp:term":[{"taxonomy":"category","embeddable":true,"href":"http:\/\/www.korhanyilmaz.com\/index.php?rest_route=%2Fwp%2Fv2%2Fcategories&post=36855"},{"taxonomy":"post_tag","embeddable":true,"href":"http:\/\/www.korhanyilmaz.com\/index.php?rest_route=%2Fwp%2Fv2%2Ftags&post=36855"}],"curies":[{"name":"wp","href":"https:\/\/api.w.org\/{rel}","templated":true}]}}