{"id":36851,"date":"2011-07-15T10:38:27","date_gmt":"2011-07-15T07:38:27","guid":{"rendered":"http:\/\/www.korhanyilmaz.com\/?p=36851"},"modified":"2011-07-15T14:22:48","modified_gmt":"2011-07-15T11:22:48","slug":"13-eve-degil-turkiyeye-ates-dustu","status":"publish","type":"post","link":"http:\/\/www.korhanyilmaz.com\/?p=36851","title":{"rendered":"13 eve de\u011fil T\u00fcrkiye&#8217;ye ate\u015f d\u00fc\u015ft\u00fc!"},"content":{"rendered":"<p style=\"text-align: center;\"><a href=\"http:\/\/www.korhanyilmaz.com\/wp-content\/uploads\/2011\/07\/1574.jpeg\"  class=\"lightview\"><img loading=\"lazy\" decoding=\"async\" class=\"aligncenter size-full wp-image-36852\" src=\"http:\/\/www.korhanyilmaz.com\/wp-content\/uploads\/2011\/07\/1574.jpeg\" alt=\"\" width=\"336\" height=\"223\" \/><\/a><\/p>\n<p style=\"text-align: justify;\">Diyarbak\u0131r Silvan&#8217;da \u00e7\u0131kan \u00e7at\u0131\u015fmada hayat\u0131n\u0131 kaybeden askerlerin kimlikleri belli oldu. Ac\u0131 haberi alan aileler ise kahroldu. Diyarbak\u0131r&#8217;da \u015fehit askerler i\u00e7in askeri t\u00f6ren d\u00fczenlendi.<!--more--><\/p>\n<p style=\"text-align: justify;\">ANKARA \u2013 14 Temmuz g\u00fcn\u00fc PKK ile \u00e7\u0131kan \u00e7at\u0131\u015fmada \u015fehit olan ve hastanelerde yaral\u0131 olarak tedavi alt\u0131na al\u0131nan personelin isimleri belli oldu. Genelkurmay Ba\u015fkanl\u0131\u011f\u0131 taraf\u0131ndan a\u00e7\u0131klanan listeye g\u00f6re <span style=\"text-decoration: underline;\"><strong>\u015eehit personelin isimleri \u015f\u00f6yle:<\/strong><\/span><\/p>\n<p style=\"text-align: justify;\">1.Uzm.J.I.Kad.\u00c7v\u015f. G\u00f6khan Y\u0131ld\u0131r\u0131m (2006-709) (Adana\/Ceyhan)<\/p>\n<p style=\"text-align: justify;\">2.J.Uzm.\u00c7v\u015f. Mustafa G\u00fcney (2009-309) (Adana\/Y\u00fcre\u011fir)<\/p>\n<p style=\"text-align: justify;\">3.J.Uzm.Onb. Fahrettin Aksu (2009-586) (Hatay\/K\u0131r\u0131khan)<\/p>\n<p style=\"text-align: justify;\">4.J.Komd.\u00c7v\u015f. Mehmet Kaz (Gaziantep\/Nizip)<\/p>\n<p style=\"text-align: justify;\">5.J.Komd.\u00c7v\u015f. Emrah Eker (Giresun\/Dereli)<\/p>\n<p style=\"text-align: justify;\">6.J.Komd.\u00c7v\u015f. Necmettin Torun (Samsun\/Ala\u00e7am)<\/p>\n<p style=\"text-align: justify;\">7.J.Komd.\u00c7v\u015f. Ufuk Ba\u015far\u0131 (Konya)<\/p>\n<p style=\"text-align: justify;\">8.J.Komd.\u00c7v\u015f. Noyan Ayd\u0131n (Zonguldak\/Ere\u011fli)<\/p>\n<p style=\"text-align: justify;\">9.J.Komd.Onb. Aykut Delimehmeto\u011flu (Bursa \/\u0130neg\u00f6l)<\/p>\n<p style=\"text-align: justify;\">10.J.Komd.Er. Bar\u0131\u015f \u00c7i\u00e7ekda\u011f\u0131 (Gaziantep)<\/p>\n<p style=\"text-align: justify;\">11.J.Komd.Er. Vefa \u00c7elik (A\u011fr\u0131)<\/p>\n<p style=\"text-align: justify;\">12.J.Komd Er. Ethem Okkay (\u015eanl\u0131urfa\/Payaml\u0131)<\/p>\n<p style=\"text-align: justify;\">13.J.Komd.Er. G\u00f6khan Kaplan (Tekirda\u011f\/\u015eark\u00f6y)<\/p>\n<p style=\"text-align: justify;\"><strong><span style=\"text-decoration: underline;\">Sald\u0131r\u0131da yaralanan ve GATA ile Diyarbak\u0131r Asker Hastanesi&#8217;nde tedavi alt\u0131nda olan askerlerin isimleri ise \u015f\u00f6yle:<\/span><\/strong><\/p>\n<p style=\"text-align: justify;\">Jandarma Uzman Onba\u015f\u0131 Regaip \u00d6zdemir (Trabzon\/Arakl\u0131\/\u0130stanbul)(A\u011f\u0131r yaral\u0131 GATA)<\/p>\n<p style=\"text-align: justify;\">Jandarma Uzman Onba\u015f\u0131 Erdem Y\u0131ld\u0131z (Kars\/Arpa\u00e7ay) (A\u011f\u0131r yaral\u0131 GATA)<\/p>\n<p style=\"text-align: justify;\">Jandarma Uzman \u00c7avu\u015f Abdulvahap Turan (Ad\u0131yaman)<\/p>\n<p style=\"text-align: justify;\">Jandarma Uzman \u00c7avu\u015f Ahmet \u00d6nder (Afyon)<\/p>\n<p style=\"text-align: justify;\">Jandarma Uzman Onba\u015f\u0131 A\u015fk\u0131n \u00d6zel (Karaman\/Burdur)<\/p>\n<p style=\"text-align: justify;\">Jandarma Komando Er Ahmet Ero\u011flu (Tokat\/\u0130stanbul)<\/p>\n<p style=\"text-align: justify;\">Jandarma Komando Er Faruk K\u0131l\u0131\u00e7 (\u015eanl\u0131urfa)<\/p>\n<p style=\"text-align: justify;\"><strong>E\u015e\u0130 HAM\u0130LEYD\u0130<\/strong><\/p>\n<p style=\"text-align: justify;\">Pusuda \u015fehit olan 13 askerden, 25 ya\u015f\u0131ndaki Uzman \u00c7avu\u015f Mustafa G\u00fcney&#8217;in Adana Y\u00fcre\u011fir il\u00e7esi \u00c7elemli beldesindeki evinde yas var. Babas\u0131 uzun s\u00fcre \u00f6nce vefat eden, 8 karde\u015ften biri olan \u015eehit Uzman \u00c7avu\u015f&#8217;un bir y\u0131ll\u0131k evli ve e\u015finin hamile oldu\u011fu \u00f6\u011frenildi.<\/p>\n<p style=\"text-align: justify;\"><strong>6 AYLIK KIZI VARDI<\/strong><\/p>\n<p style=\"text-align: justify;\">\u015eehit olan olan Erzincanl\u0131 Uzman Jandarma \u00c7avu\u015f Fahrettin Aksu\u2019nun (26) ailesi haberi ak\u015fam saatlerinde ald\u0131. Annesi fenala\u015farak ambulansla hastaneye kald\u0131r\u0131ld\u0131. Aksu\u2019nun 3 y\u0131ld\u0131r Diyarbak\u0131r\u2019da g\u00f6rev yapt\u0131\u011f\u0131, bir bu\u00e7uk y\u0131l \u00f6nce Hacer Aksu ile evlendi\u011fi ve Damla isminde 6 ayl\u0131k bir k\u0131z \u00e7ocu\u011fu oldu\u011fu bildirildi. 4\u2019\u00fc k\u0131z toplam 10 karde\u015fin en k\u00fc\u00e7\u00fc\u011f\u00fc olan \u015fehit Fahrettin Aksu\u2019nun 2 y\u0131l \u00f6ncede babas\u0131n\u0131 kaybetti\u011fi \u00f6\u011frenildi.<\/p>\n<p style=\"text-align: justify;\"><strong>\u015eEH\u0130T M\u0130 OLDU? N\u00d6BETE G\u0130TT\u0130<\/strong><\/p>\n<p style=\"text-align: justify;\">24 ya\u015f\u0131ndaki Er Ufuk Ba\u015far\u0131&#8217;n\u0131n baba oca\u011f\u0131 Konya&#8217;n\u0131n Do\u011fanhisar \u0130l\u00e7esi&#8217;ne ba\u011fl\u0131 Ba\u015fk\u00f6y Beldesi&#8217;ne ate\u015f d\u00fc\u015ft\u00fc. Tek o\u011flunun \u015fehit oldu\u011funu duyan baba \u0130sa Ba\u015far\u0131 ve e\u015fi sinir krizi ge\u00e7irdi. Televizyonlarda \u015fehit haberini g\u00f6r\u00fcnce ailece bir araya geldiklerini anlatan amca Mevl\u00fct Ba\u015far\u0131, ye\u011fenine ula\u015fmaya \u00e7al\u0131\u015ft\u0131klar\u0131n\u0131 ancak kendilerine ac\u0131 haberin evlerine gelen komutanla iletildi\u011fini kaydetti. Telefonla ula\u015fmaya \u00e7al\u0131\u015ft\u0131klar\u0131nda askerlerin kendilerine ac\u0131 haberi veremedi\u011fini dile getiren Ba\u015far\u0131, &#8221;Askerler, o\u011flumuzla telefonla g\u00f6r\u00fc\u015fmek istedi\u011fimizde s\u00fcrekli &#8216;n\u00f6bete gitti&#8217;, &#8216;yeme\u011fe \u00e7\u0131kt\u0131&#8217; gibi ifadeler kullanarak ac\u0131 haberi bizden gizlemeye \u00e7al\u0131\u015f\u0131yorlard\u0131. Ancak eve komutan geldi\u011finde her \u015feyi anlad\u0131k. Vatan sa\u011folsun&#8221; dedi.<\/p>\n<p style=\"text-align: justify;\"><strong>B\u0130RL\u0130\u011eE GELEL\u0130 2 AY OLMU\u015eTU<\/strong><\/p>\n<p style=\"text-align: justify;\">Diyarbak\u0131r&#8217;\u0131n Silvan \u0130l\u00e7esi k\u0131rsal\u0131nda pusu kuran PKK&#8217;l\u0131 ter\u00f6ristlerce d\u00fczenlenen sald\u0131r\u0131da \u015fehit olan Er Aykut Delimehmeto\u011flu&#8217;nun Bursa \u0130neg\u00f6l&#8217;deki baba oca\u011f\u0131 ate\u015f d\u00fc\u015ft\u00fc. \u0130neg\u00f6l Jandarma B\u00f6l\u00fck Komutanl\u0131\u011f\u0131&#8217;ndan bir heyet, beraberinde sa\u011fl\u0131k ekipleri ile birlikte Er Aykut Delimehmeto\u011flu&#8217;nun \u0130neg\u00f6l S\u00fcleymani Mahallesi&#8217;nde oturan aileye ac\u0131 haberi verdi.<\/p>\n<p style=\"text-align: justify;\">5 ayl\u0131k asker olan Delimehmeto\u011flu&#8217;nun 2 ay \u00f6nce da\u011f\u0131t\u0131m\u0131n\u0131n Diyarbak\u0131r&#8217;daki pusuya d\u00fc\u015f\u00fcr\u00fclen birli\u011fe \u00e7\u0131kt\u0131\u011f\u0131 belirtildi. Baba Beytullah Delimehmeto\u011flu ve ailesi \u00e7ocuklar\u0131n\u0131n \u015fehit haberiyle y\u0131k\u0131ld\u0131. Ac\u0131 haberi duyan yak\u0131nlar\u0131 \u015fehit evine taziye ziyaretinde bulundu.<\/p>\n<p style=\"text-align: justify;\"><strong>35 G\u00dcN SONRA TERH\u0130S<\/strong><\/p>\n<p style=\"text-align: justify;\">Jandarma Komando \u00c7avu\u015f Mehmet Kaz&#8217;\u0131n (21), \u015fehit haberini alan yak\u0131nlar\u0131 sinir krizi ge\u00e7irdi.<\/p>\n<p style=\"text-align: justify;\">\u015eehidin ailesinin \u0130stanbul&#8217;da oturdu\u011fu, haberi alan annesi \u0130slim Kaz&#8217;\u0131n Nizip il\u00e7esine geldi\u011fi, Hollanda&#8217;da bulunan t\u0131r \u015fof\u00f6rl\u00fc\u011f\u00fc yapan babas\u0131 Do\u011fan<\/p>\n<p style=\"text-align: justify;\">Kaz&#8217;\u0131n da o\u011flunun \u015fehit oldu\u011fu haberini ald\u0131ktan sonra T\u00fcrkiye&#8217;ye gelmek i\u00e7in u\u00e7akla yola \u00e7\u0131kt\u0131\u011f\u0131 \u00f6\u011frenildi.<\/p>\n<p style=\"text-align: justify;\">Jandarma Komando \u00c7avu\u015f Mehmet Kaz&#8217;\u0131n terhisine 35 g\u00fcn kala \u015fehit oldu\u011fu, 3 k\u0131z karde\u015fi bulundu\u011fu ve bekar oldu\u011fu belirtildi.<\/p>\n<p style=\"text-align: justify;\"><strong>15 G\u00dcN SONRA ED\u0130RNE&#8217;YE G\u0130DECEKT\u0130<\/strong><\/p>\n<p style=\"text-align: justify;\">Uzman \u00e7avu\u015f G\u00f6khan Y\u0131ld\u0131r\u0131m&#8217;\u0131n (25), \u015fehit haberi Adana&#8217;daki baba evine sabah saatlerinde verildi. \u015eehit uzman \u00e7avu\u015fun evine T\u00fcrk bayra\u011f\u0131 as\u0131l\u0131rken, Y\u00fcre\u011fir Belediyesi taraf\u0131ndan evin \u00f6n\u00fcne taziye \u00e7ad\u0131r\u0131 kuruldu. Baba Y\u0131ld\u0131r\u0131m, o\u011flunun 5 y\u0131ld\u0131r g\u00f6rev yapt\u0131\u011f\u0131n\u0131, 1 A\u011fustos tarihinde de ili\u015fik keserek, Edirne&#8217;de g\u00f6reve ba\u015flayaca\u011f\u0131n\u0131 anlatt\u0131. Baba y\u0131ld\u0131r\u0131m son konu\u015fmalar\u0131n\u0131 \u015f\u00f6yle anlatt\u0131: &#8220;25 Temmuzda izine gelir, 15-20 g\u00fcn memlekette kald\u0131ktan sonra Edirne&#8217;ye giderim demi\u015fti. Onu bekliyorduk. Ancak, d\u00fcn \u00e7at\u0131\u015fma haberlerini televizyondan takip ettik. Sabaha kadar arad\u0131k, ancak bir t\u00fcrl\u00fc telefonlar\u0131 cevap vermedi. Endi\u015felerimiz artt\u0131. Bug\u00fcn sabah namaz\u0131n\u0131n ard\u0131ndan da askerler gelerek ac\u0131 haberi verdi. Vatan sa\u011f olsun. Yapaca\u011f\u0131m\u0131z bir \u015fey yok. Hepimiz o yolun yolcusuyuz.&#8221;<\/p>\n<p style=\"text-align: justify;\">Anne Y\u0131ld\u0131z Y\u0131ld\u0131r\u0131m ise &#8221;Kom\u015fular sizi o\u011flumun, delikanl\u0131m\u0131n d\u00fc\u011f\u00fcn\u00fcne \u00e7a\u011f\u0131racakt\u0131m, \u015fimdi cenazesine \u00e7a\u011f\u0131r\u0131yorum. Yi\u011fidim niye acele ettin, daha d\u00fc\u011f\u00fcn\u00fcn\u00fc yapacakt\u0131k, damatl\u0131kla g\u00f6recektim seni&#8230; &#8216;Annem 10 g\u00fcn sonra yan\u0131nday\u0131m&#8217; demi\u015ftin b\u00f6yle mi yan\u0131ma gelecektin&#8221; diye konu\u015ftu.<\/p>\n<p style=\"text-align: justify;\"><strong>&#8220;OPERASYONA \u00c7IKIYORUZ&#8221;<\/strong><\/p>\n<p style=\"text-align: justify;\">Jandarma Komando er Bar\u0131\u015f \u00c7i\u00e7ekda\u011f\u0131&#8217;n\u0131n ailesine ac\u0131 haberi, sabah askeri yetkililer verdi. Soka\u011f\u0131n giri\u015fine dev bir T\u00fcrk Bayra\u011f\u0131 as\u0131l\u0131rken, sokaktaki di\u011fer evler de T\u00fcrk Bayraklar\u0131 ile donat\u0131ld\u0131. Ac\u0131l\u0131 ailenin evinin \u00f6n\u00fcne \u015eahinbey Belediyesi taraf\u0131ndan taziye \u00e7ad\u0131r\u0131 kuruldu. Ya\u015fananlar\u0131n son olmas\u0131n\u0131 istediklerini ifade eden baba Halil \u00c7i\u00e7ekda\u011f\u0131, &#8221;Vatan sa\u011f olsun, ba\u015fka bir \u015fey diyemiyoruz&#8221; dedi. Halil \u00c7i\u00e7ekda\u011f\u0131, \u015fehit olan Bar\u0131\u015f \u00c7i\u00e7ekda\u011f\u0131&#8217;n\u0131n en b\u00fcy\u00fck o\u011flu oldu\u011funu, onun d\u0131\u015f\u0131nda bir k\u0131z\u0131 ve bir o\u011flu daha oldu\u011funu s\u00f6yledi. Bar\u0131\u015f&#8217;\u0131n askerlikte 4 ay\u0131n\u0131 bitirdi\u011fini, kendisiyle iki g\u00fcn \u00f6nce telefonla g\u00f6r\u00fc\u015ft\u00fcklerini belirten Halil \u00c7i\u00e7ekda\u011f\u0131, &#8221;Operasyona \u00e7\u0131kacaklar\u0131n\u0131 s\u00f6ylemi\u015fti. Kader ne diyeyim&#8230; Ne diyeyim yi\u011fidime, ne diyeyim yavruma, ne diyeyim&#8221; diye g\u00f6zya\u015f\u0131 d\u00f6kt\u00fc.<\/p>\n<p style=\"text-align: justify;\"><strong>&#8220;YAVRUM KAYBOLDU&#8221;<\/strong><\/p>\n<p style=\"text-align: justify;\">Komando Piyade \u00c7avu\u015f Noyan Ayd\u0131n&#8217;\u0131n (24) Zonguldak&#8217;\u0131n Ere\u011fli il\u00e7esine ba\u011fl\u0131 Dedeler k\u00f6y\u00fcndeki evi yasa bo\u011fuldu. \u0130ki y\u0131ll\u0131k \u00fcniversite mezunu, askere gitmeden \u00f6nce bilgisayar teknik servisinde \u00e7al\u0131\u015fan, babas\u0131 \u0130smail Noyan&#8217;\u0131n 1989&#8217;da in\u015faat i\u015f\u00e7ili\u011fi yapt\u0131\u011f\u0131 zaman ge\u00e7irdi\u011fi kaza sonucu ya\u015fam\u0131n\u0131 yitirdi\u011finde 6 ayl\u0131k oldu\u011fu bildirilen \u015fehidin annesi Ay\u015fe ile karde\u015flerinden T\u00fcrkan, sinir krizi ge\u00e7irdi. Ac\u0131l\u0131 anne ve k\u0131z karde\u015fe sa\u011fl\u0131k g\u00f6revlileri m\u00fcdahale etti. \u015eehidin di\u011fer karde\u015fi Abu Dabi&#8217;de \u00e7al\u0131\u015ft\u0131\u011f\u0131 bildirilen Orhan&#8217;\u0131n da ac\u0131 haberi al\u0131r almaz memleketine gelmek \u00fczeri yola \u00e7\u0131kt\u0131\u011f\u0131 \u00f6\u011frenildi. \u015eehit \u00e7avu\u015fun 7 ayl\u0131k asker oldu\u011fu ve Bilecik&#8217;teki acemi birli\u011finden sonra Diyarbak\u0131r&#8217;a g\u00f6nderildi\u011fi \u00f6\u011frenildi. Evin bah\u00e7esinde taziyeleri kabul eden anne Ay\u015fe, &#8221;Yavrum kayboldu. \u0130ki dal\u0131m b\u00f6l\u00fcnd\u00fc. Nas\u0131l can\u0131n\u0131 verdin o memlekette biricik yavrum. Bir taneydin kayboldun&#8221; s\u00f6zlerini hayk\u0131rarak tekrarlay\u0131p a\u011fl\u0131yor.<\/p>\n<p style=\"text-align: justify;\"><strong>KIZKARDE\u015e\u0130 KANSER TEDAV\u0130S\u0130 G\u00d6R\u00dcYOR<\/strong><\/p>\n<p style=\"text-align: justify;\">Diyarbak\u0131r&#8217;\u0131n Silvan \u0130l\u00e7esi&#8217;nde ter\u00f6ristler taraf\u0131ndan \u015fehit edilen 13 askerden 20 ya\u015f\u0131ndaki Jandarma er Vefa \u00c7elik&#8217;in A\u011fr\u0131&#8217;daki evinde, ac\u0131 haberle birlikte ate\u015f d\u00fc\u015ft\u00fc. A\u011fr\u0131&#8217;n\u0131n 100&#8217;\u00fcnc\u00fc Y\u0131l Mahallesinde oturan H\u00fcsna-Numan \u00c7elik&#8217;in 8 \u00e7ocu\u011fundan biri olan Vefa \u00c7elik, d\u00f6rt ay \u00f6nce vatani g\u00f6revini yapmak i\u00e7in u\u011furlanm\u0131\u015ft\u0131. Ac\u0131 haber aileye Askerlik \u015eubesi Ba\u015fkanl\u0131\u011f\u0131 taraf\u0131ndan bildirildi. O\u011flu Vefa&#8217;n\u0131n \u015fehit oldu\u011fu haberini alan anne H\u00fcsna \u00c7elik, fenal\u0131k ge\u00e7irdi. Kocas\u0131 Numan \u00c7elik&#8217;in kanser olan k\u0131z\u0131n\u0131n tedavisi i\u00e7in Ankara&#8217;da bulundu\u011funu belirten H\u00fcsna \u00c7elik, evlerinin \u00f6n\u00fcnde bekletilen ambulansa al\u0131nd\u0131 ve sakinle\u015ftirici verildi.<\/p>\n<p style=\"text-align: justify;\"><strong>D\u0130YARBAKIR&#8217;DA B\u00dcY\u00dcK OPERASYON<\/strong><\/p>\n<p style=\"text-align: justify;\">Diyarbak\u0131r&#8217;\u0131n Silvan il\u00e7esinde 13 askerin \u015fehit olmas\u0131n\u0131n ard\u0131ndan ba\u015flat\u0131lan, hava destekli operasyon devam ediyor. Silvan&#8217;\u0131n Bayramba\u015f\u0131 Beldesi Dolapdere K\u00f6y\u00fc k\u0131rsal kesiminde arazi arama tarama faaliyeti y\u00fcr\u00fcten g\u00fcvenlik g\u00fc\u00e7leri ile PKK&#8217;l\u0131lar aras\u0131nda \u00e7\u0131kan ve 13 askerin \u015fehit, 6 askerin de yaraland\u0131\u011f\u0131 hain sald\u0131r\u0131 sonras\u0131 operasyonlar yo\u011funla\u015ft\u0131r\u0131ld\u0131. \u00d6zellikle Silvan, Hazro ve Kulp \u00fc\u00e7geninde yo\u011funla\u015ft\u0131r\u0131lan operasyona b\u00f6lgeyi iyi tan\u0131yan k\u00f6y korucular\u0131 da operasyona kat\u0131l\u0131yor.<\/p>\n<p style=\"text-align: justify;\"><a href=\"http:\/\/www.radikal.com.tr\/Radikal.aspx?aType=RadikalDetayV3&amp;ArticleID=1056386&amp;Date=15.07.2011&amp;CategoryID=77\" target=\"_blank\">Kaynak : Radikal.com.tr<\/a><\/p>\n<p style=\"text-align: justify;\">\n","protected":false},"excerpt":{"rendered":"<p style=\"text-align: center;\">\n<p style=\"text-align: justify;\">Diyarbak\u0131r Silvan&#8217;da \u00e7\u0131kan \u00e7at\u0131\u015fmada hayat\u0131n\u0131 kaybeden askerlerin kimlikleri belli oldu. Ac\u0131 haberi alan aileler ise kahroldu. Diyarbak\u0131r&#8217;da \u015fehit askerler i\u00e7in askeri t\u00f6ren d\u00fczenlendi.<\/p>\n","protected":false},"author":1,"featured_media":0,"comment_status":"open","ping_status":"open","sticky":false,"template":"","format":"standard","meta":{"footnotes":""},"categories":[105],"tags":[],"class_list":["post-36851","post","type-post","status-publish","format-standard","hentry","category-gundem","odd"],"_links":{"self":[{"href":"http:\/\/www.korhanyilmaz.com\/index.php?rest_route=\/wp\/v2\/posts\/36851","targetHints":{"allow":["GET"]}}],"collection":[{"href":"http:\/\/www.korhanyilmaz.com\/index.php?rest_route=\/wp\/v2\/posts"}],"about":[{"href":"http:\/\/www.korhanyilmaz.com\/index.php?rest_route=\/wp\/v2\/types\/post"}],"author":[{"embeddable":true,"href":"http:\/\/www.korhanyilmaz.com\/index.php?rest_route=\/wp\/v2\/users\/1"}],"replies":[{"embeddable":true,"href":"http:\/\/www.korhanyilmaz.com\/index.php?rest_route=%2Fwp%2Fv2%2Fcomments&post=36851"}],"version-history":[{"count":0,"href":"http:\/\/www.korhanyilmaz.com\/index.php?rest_route=\/wp\/v2\/posts\/36851\/revisions"}],"wp:attachment":[{"href":"http:\/\/www.korhanyilmaz.com\/index.php?rest_route=%2Fwp%2Fv2%2Fmedia&parent=36851"}],"wp:term":[{"taxonomy":"category","embeddable":true,"href":"http:\/\/www.korhanyilmaz.com\/index.php?rest_route=%2Fwp%2Fv2%2Fcategories&post=36851"},{"taxonomy":"post_tag","embeddable":true,"href":"http:\/\/www.korhanyilmaz.com\/index.php?rest_route=%2Fwp%2Fv2%2Ftags&post=36851"}],"curies":[{"name":"wp","href":"https:\/\/api.w.org\/{rel}","templated":true}]}}