{"id":36847,"date":"2011-07-15T11:34:50","date_gmt":"2011-07-15T08:34:50","guid":{"rendered":"http:\/\/www.korhanyilmaz.com\/?p=36847"},"modified":"2011-07-15T14:15:03","modified_gmt":"2011-07-15T11:15:03","slug":"madimak-firarisi-ercakmakin-mezari-acildi","status":"publish","type":"post","link":"http:\/\/www.korhanyilmaz.com\/?p=36847","title":{"rendered":"Mad\u0131mak firarisi Er\u00e7akmak&#8217;\u0131n mezar\u0131 a\u00e7\u0131ld\u0131"},"content":{"rendered":"<p style=\"text-align: justify;\"><a href=\"http:\/\/www.korhanyilmaz.com\/wp-content\/uploads\/2011\/07\/1573.jpeg\"  class=\"lightview\"><img loading=\"lazy\" decoding=\"async\" class=\"aligncenter size-full wp-image-36848\" src=\"http:\/\/www.korhanyilmaz.com\/wp-content\/uploads\/2011\/07\/1573.jpeg\" alt=\"\" width=\"320\" height=\"212\" \/><\/a><\/p>\n<p style=\"text-align: justify;\">Mad\u0131mak&#8217;\u0131n 18 y\u0131ld\u0131r aranan firari san\u0131\u011f\u0131 Cafer Er\u00e7akmak&#8217;\u0131n Yukar\u0131 Tekke Kabristanl\u0131\u011f\u0131&#8217;nda bulunan mezar\u0131 Cumhuriyet Savclar\u0131 Mehmet Tufan Ya\u011fc\u0131 ve Sedat \u015eam g\u00f6zetiminde saat 10.00&#8217;da a\u00e7\u0131ld\u0131.<\/p>\n<p style=\"text-align: justify;\">Mezar a\u00e7ma \u00e7al\u0131\u015fmas\u0131 s\u0131ras\u0131nda Cumhuriyet Savc\u0131lar\u0131n\u0131n yan\u0131 s\u0131ra davac\u0131 taraf\u0131n avukat\u0131 \u015eenal Sar\u0131han ile Cafer Er\u00e7akmak\u2019\u0131n k\u00fc\u00e7\u00fck o\u011flu \u00d6mer Ergin Er\u00e7akmak, Mezarl\u0131klar M\u00fcd\u00fcr\u00fc Cemal Karaca ile polis ekipleri haz\u0131r bulundu. Pir Sultan Abdal K\u00fclt\u00fcr Derne\u011fi Sivas Temsilcisi Hedayet Yald\u0131r\u0131m da \u00e7al\u0131\u015fmalar\u0131 izledi. <!--more--><\/p>\n<p style=\"text-align: justify;\">Mezarl\u0131k g\u00f6revlileri taraf\u0131ndan mezar a\u00e7\u0131ld\u0131ktan sonra polis ekipleri foto\u011fraf ve kameralarla g\u00f6r\u00fcnt\u00fc ald\u0131. O\u011flunun ve daha \u00f6nce Er\u00e7akmak\u2019la Belediye Meclisi g\u00f6revi s\u0131ras\u0131nda birlikte \u00e7al\u0131\u015fan Mezarl\u0131klar M\u00fcd\u00fcrl\u00fc\u011f\u00fc \u015eefi Co\u015fkun Kemahl\u0131o\u011flu\u2019nun te\u015fhis tan\u0131kl\u0131\u011f\u0131na ba\u015fvuruldu. Ard\u0131ndan Adli T\u0131ptan gelen doktorlar mezar i\u00e7ine inerek Cafer Er\u00e7akmak\u2019\u0131n g\u00f6\u011fs\u00fcnden kemik par\u00e7as\u0131 ile sa\u00e7 teli ve kan \u00f6rnekleri ald\u0131. Polis ekipleri de parmak izi tespiti yapmaya \u00e7al\u0131\u015ft\u0131. Yakla\u015f\u0131k 1 saat 15 dakika s\u00fcren i\u015flemin ard\u0131ndan v\u00fccuttan al\u0131nan par\u00e7alar k\u0131rm\u0131z\u0131 renkli \u00f6zel bir \u00e7anta i\u00e7erisinde Cumhuriyet Ba\u015fsavc\u0131l\u0131\u011f\u0131 arac\u0131na g\u00f6t\u00fcr\u00fcld\u00fc. \u0130\u015flemlerin tamamlanmas\u0131n\u0131n ard\u0131ndan mezar g\u00f6revlilerce yeniden kapat\u0131ld\u0131.<\/p>\n<p style=\"text-align: justify;\"><strong>\u2019B\u0130YOPS\u0130 VE ADL\u0130 TIP SONUCU BEKLENECEK\u2019<\/strong><\/p>\n<p style=\"text-align: justify;\">Mezar\u0131n a\u00e7\u0131lmas\u0131 i\u015flemi i\u00e7in mahkemeye ba\u015fvuran ve yap\u0131lan \u00e7al\u0131\u015fma s\u0131ras\u0131nda g\u00f6zlemci olarak haz\u0131r bulunan avukat \u015eenal Sar\u0131han, i\u015flemlerin tamamlanmas\u0131ndan sonra a\u00e7\u0131klama yapt\u0131. Sar\u0131han, Ankara 11\u2019inci A\u011f\u0131r Ceza Mahkemesi karar\u0131yla Cafer Er\u00e7akmak\u2019\u0131n oldu\u011fu s\u00f6ylenilen mezar\u0131 a\u00e7\u0131ld\u0131\u011f\u0131n\u0131 belirterek \u015f\u00f6yle dedi:<\/p>\n<p style=\"text-align: justify;\">&#8220;Adli T\u0131p\u2019tan g\u00f6revli arkada\u015flar kimli\u011fin saptanmas\u0131na ili\u015fkin \u00f6rnekler al\u0131nd\u0131. Emniyet taraf\u0131ndan da parmak izi al\u0131nmaya \u00e7al\u0131\u015f\u0131ld\u0131. Yap\u0131lan i\u015flem hukuki bir i\u015flemdi. \u0130\u015flemin sonucunu beklemek durumunday\u0131z. O\u011flu d\u0131\u015f\u0131nda belediye meclisinde kendisiyle birlikte \u00e7al\u0131\u015fm\u0131\u015f biri te\u015fhiste bulundu. Bilimsel olarak Cafar Er\u00e7akmak olup olmad\u0131\u011f\u0131 bilgisinin bize d\u00f6nmesini bekleyece\u011fiz. Bundan sonra biyopsi ve adli t\u0131p sonu\u00e7lar\u0131n\u0131 beklememiz gerekecek. Adli t\u0131p sonu\u00e7lar\u0131 elimizde ula\u015ft\u0131\u011f\u0131 andan itibaren de biliyorsuz dilek\u00e7emizde 2 konu var. Birincisi saklanmaya yard\u0131mc\u0131 olanlar hakk\u0131nda i\u015flem yap\u0131lmas\u0131, ikincisi yakalama konusunda ihmali g\u00f6r\u00fclen kurum ve ki\u015filer hakk\u0131nda i\u015flem yap\u0131lmas\u0131 konusunda talepte bulunaca\u011f\u0131z. Yasal s\u00fcre\u00e7 bu \u015fekilde.&#8221;<\/p>\n<p style=\"text-align: justify;\">Cesedi kendisinin de g\u00f6rd\u00fc\u011f\u00fcn\u00fc s\u00f6yleyen Avukat Sar\u0131han, &#8220;\u015eahs\u0131 sadece foto\u011fraflar\u0131ndan biliyorum. Aradan 18 y\u0131l ge\u00e7mi\u015f durumda. V\u00fccut s\u0131ca\u011f\u0131n da ektkisiyle \u015fi\u015fmi\u015f ve morarm\u0131\u015f durumda. O sebepten dolay\u0131 ben odur veya de\u011fildir diyemem. Zaten b\u00f6yle bir \u015fey s\u00f6ylemem de do\u011fru olmaz&#8221; diye konu\u015ftu.<\/p>\n<p style=\"text-align: justify;\">V\u00fccuttan al\u0131nan \u00f6rneklerin \u0130stanbul Adli T\u0131p Kurumu\u2019na g\u00f6nderilece\u011fi ve burada DNA testi yap\u0131laca\u011f\u0131 \u00f6\u011frenildi.<\/p>\n<p style=\"text-align: justify;\"><strong>MEZAR TAHTASINA \u0130SM\u0130 YAZILDI<\/strong><\/p>\n<p style=\"text-align: justify;\">Hafta ba\u015f\u0131nda gizlice topra\u011fa verildi\u011fi belirtilen Cafer Er\u00e7akmak\u2019\u0131n mezar tahtas\u0131n\u0131n \u00f6n y\u00fcz\u00fcne \u2019Mehmet day\u0131\u2019 arka taraf\u0131na ise C.E. ve 11.07.2001 tarihi yaz\u0131lm\u0131\u015ft\u0131.<\/p>\n<p style=\"text-align: justify;\">Mezarda gerekli i\u015flemin tamamlanmas\u0131ndan sonra ba\u015f tahtas\u0131n\u0131n da de\u011fi\u015ftirildi\u011fi g\u00f6zlendi. Mezar tahtas\u0131na bu kez b\u00fcy\u00fck harfler ile \u2019Hasan o\u011flu Cafer Er\u00e7akmak\u2019 yaz\u0131ld\u0131. Mezar\u0131n a\u00e7\u0131lmas\u0131 i\u015flemi s\u0131ras\u0131nda haz\u0131r bulunan k\u00fc\u00e7\u00fck o\u011flu \u00d6mer Ergin Er\u00e7akmak ise her hangi bir a\u00e7\u0131klama yapmadan polis ekipleri ile birlikte mezarl\u0131ktan ayr\u0131ld\u0131. Mezar\u0131n kapat\u0131lma i\u015flemi sonras\u0131nda babas\u0131n\u0131n mezar\u0131nda dua etti.<\/p>\n<p style=\"text-align: justify;\"><strong>MEZARLI\u011eA K\u0130MSE ALINMADI<\/strong><\/p>\n<p style=\"text-align: justify;\">Cafer Er\u00e7akmak\u2019\u0131n mezar\u0131n\u0131n bulundu\u011fu b\u00f6l\u00fcme, \u00e7al\u0131\u015fma bitene kadar di\u011fer mezarlar\u0131 ziyarete gelenler de al\u0131nmad\u0131. Berat Kandili nedeni ile yak\u0131nlar\u0131n\u0131n kabrini ziyaret etmek isteyenler, i\u015flem bitene kadar beklemek zorunda kald\u0131.<\/p>\n<p style=\"text-align: justify;\"><a href=\"http:\/\/www.radikal.com.tr\/Radikal.aspx?aType=RadikalDetayV3&amp;ArticleID=1056401&amp;Date=15.07.2011&amp;CategoryID=77\" target=\"_blank\">Kaynak : Radikal.com.tr<\/a><\/p>\n","protected":false},"excerpt":{"rendered":"<p style=\"text-align: justify;\">\n<p style=\"text-align: justify;\">Mad\u0131mak&#8217;\u0131n 18 y\u0131ld\u0131r aranan firari san\u0131\u011f\u0131 Cafer Er\u00e7akmak&#8217;\u0131n Yukar\u0131 Tekke Kabristanl\u0131\u011f\u0131&#8217;nda bulunan mezar\u0131 Cumhuriyet Savclar\u0131 Mehmet Tufan Ya\u011fc\u0131 ve Sedat \u015eam g\u00f6zetiminde saat 10.00&#8217;da a\u00e7\u0131ld\u0131.<\/p>\n<p style=\"text-align: justify;\">Mezar a\u00e7ma \u00e7al\u0131\u015fmas\u0131 s\u0131ras\u0131nda Cumhuriyet Savc\u0131lar\u0131n\u0131n yan\u0131 s\u0131ra davac\u0131 taraf\u0131n avukat\u0131 \u015eenal Sar\u0131han ile Cafer Er\u00e7akmak\u2019\u0131n k\u00fc\u00e7\u00fck o\u011flu \u00d6mer Ergin Er\u00e7akmak, Mezarl\u0131klar M\u00fcd\u00fcr\u00fc <\/p>\n","protected":false},"author":1,"featured_media":0,"comment_status":"open","ping_status":"open","sticky":false,"template":"","format":"standard","meta":{"footnotes":""},"categories":[105],"tags":[],"class_list":["post-36847","post","type-post","status-publish","format-standard","hentry","category-gundem","odd"],"_links":{"self":[{"href":"http:\/\/www.korhanyilmaz.com\/index.php?rest_route=\/wp\/v2\/posts\/36847","targetHints":{"allow":["GET"]}}],"collection":[{"href":"http:\/\/www.korhanyilmaz.com\/index.php?rest_route=\/wp\/v2\/posts"}],"about":[{"href":"http:\/\/www.korhanyilmaz.com\/index.php?rest_route=\/wp\/v2\/types\/post"}],"author":[{"embeddable":true,"href":"http:\/\/www.korhanyilmaz.com\/index.php?rest_route=\/wp\/v2\/users\/1"}],"replies":[{"embeddable":true,"href":"http:\/\/www.korhanyilmaz.com\/index.php?rest_route=%2Fwp%2Fv2%2Fcomments&post=36847"}],"version-history":[{"count":0,"href":"http:\/\/www.korhanyilmaz.com\/index.php?rest_route=\/wp\/v2\/posts\/36847\/revisions"}],"wp:attachment":[{"href":"http:\/\/www.korhanyilmaz.com\/index.php?rest_route=%2Fwp%2Fv2%2Fmedia&parent=36847"}],"wp:term":[{"taxonomy":"category","embeddable":true,"href":"http:\/\/www.korhanyilmaz.com\/index.php?rest_route=%2Fwp%2Fv2%2Fcategories&post=36847"},{"taxonomy":"post_tag","embeddable":true,"href":"http:\/\/www.korhanyilmaz.com\/index.php?rest_route=%2Fwp%2Fv2%2Ftags&post=36847"}],"curies":[{"name":"wp","href":"https:\/\/api.w.org\/{rel}","templated":true}]}}