{"id":36843,"date":"2011-07-15T10:49:12","date_gmt":"2011-07-15T07:49:12","guid":{"rendered":"http:\/\/www.korhanyilmaz.com\/?p=36843"},"modified":"2011-07-15T14:02:39","modified_gmt":"2011-07-15T11:02:39","slug":"%e2%80%98demokratik-ozerklik%e2%80%99e-jet-sorusturma","status":"publish","type":"post","link":"http:\/\/www.korhanyilmaz.com\/?p=36843","title":{"rendered":"\u2018Demokratik \u00d6zerklik\u2019e jet soru\u015fturma"},"content":{"rendered":"<p style=\"text-align: center;\"><a href=\"http:\/\/www.korhanyilmaz.com\/wp-content\/uploads\/2011\/07\/1572.jpeg\"  class=\"lightview\"><img loading=\"lazy\" decoding=\"async\" class=\"aligncenter size-full wp-image-36844\" src=\"http:\/\/www.korhanyilmaz.com\/wp-content\/uploads\/2011\/07\/1572.jpeg\" alt=\"\" width=\"428\" height=\"212\" \/><\/a><\/p>\n<p style=\"text-align: justify;\">D\u0130YARBAKIR Cumhuriyet Ba\u015fsavc\u0131l\u0131\u011f\u0131, Demokratik Toplum Kongresi&#8217;nin (DTK) Demokratik \u00d6zerkli\u011fi ilan etti\u011fini a\u00e7\u0131klad\u0131\u011f\u0131 toplant\u0131s\u0131yla ilgili soru\u015fturma ba\u015flatt\u0131.<\/p>\n<p style=\"text-align: justify;\">Diyarbak\u0131r Cumhuriyet Ba\u015fsavc\u0131l\u0131\u011f\u0131, DTK&#8217;n\u0131n d\u00fcn BDP il binas\u0131nda toplanan ve Demokratik \u00d6zerkli\u011fi ilan etti\u011fini a\u00e7\u0131klad\u0131\u011f\u0131 toplant\u0131yla ilgili soru\u015fturma ba\u015flatt\u0131. Savc\u0131l\u0131k, bas\u0131n yay\u0131n organlar\u0131nda \u00e7\u0131kan haberleri ihbar kabul ederek ba\u015flatt\u0131\u011f\u0131 soru\u015fturma kapsam\u0131nda, emniyettten g\u00f6r\u00fcnt\u00fc \u00e7\u00f6z\u00fcmlerini istedi. <!--more--><\/p>\n<p style=\"text-align: justify;\">DTK E\u015fba\u015fkan\u0131 Aysel Tu\u011fluk, d\u00fcn yapt\u0131klar\u0131 ola\u011fan\u00fcst\u00fc toplant\u0131n\u0131n ard\u0131ndan \u201cDemokratik \u00d6zerklik\u201d ilan ettiklerini a\u00e7\u0131klad\u0131.<\/p>\n<p style=\"text-align: justify;\">Ayn\u0131 g\u00fcn Diyarbak\u0131r\u2019da 13 asker \u015fehit edildi.<\/p>\n<p style=\"text-align: justify;\"><strong>A\u00c7IKLAMADA NE DEN\u0130LM\u0130\u015eT\u0130?<\/strong><\/p>\n<p style=\"text-align: justify;\">Aysel Tu\u011fluk&#8217;un d\u00fcn ak\u015fam saatlerinde yapt\u0131\u011f\u0131 a\u00e7\u0131klama \u015f\u00f6yle idi:<\/p>\n<p style=\"text-align: justify;\">Demokratik \u00f6zerklik, sadece K\u00fcrt halk\u0131 i\u00e7in de\u011fil, t\u00fcm T\u00fcrkiye halklar\u0131n\u0131n, farkl\u0131 kimlik ve k\u00fclt\u00fcrlerin kendisini \u00f6zg\u00fcrce ifade edece\u011fi ve kendi kendilerini y\u00f6netece\u011fi bir \u00e7\u00f6z\u00fcm modelidir. T\u00fcm toplumlar\u0131n do\u011fal ya\u015fam sistemidir. Demokratik \u00f6zerklik, bir devleti y\u0131kmak, yeni bir devlet kurmak de\u011fildir. Ayn\u0131 zamanda bir devlet sistemi de de\u011fildir. Halk\u0131n devlet olmayan, kendi co\u011frafyas\u0131ndaki \u00f6z y\u00f6netime kat\u0131lma sistemidir. Dolay\u0131s\u0131yla \u00f6z g\u00fc\u00e7 ve \u00f6z yeterlilik ilkesini esas al\u0131r. Bu esaslar temelinde, tarihsel d\u00f6nemlerden de esinlenerek, uluslararas\u0131 insan haklar\u0131 belgelerinin tan\u0131mlad\u0131\u011f\u0131 haklar \u0131\u015f\u0131\u011f\u0131nda ortak vatan anlay\u0131\u015f\u0131 temelinde toprak b\u00fct\u00fcnl\u00fc\u011f\u00fcne ve demokratik ulus perspektifi temelinde T\u00fcrkiye halklar\u0131n\u0131n ulusal b\u00fct\u00fcnl\u00fc\u011f\u00fcne ba\u011fl\u0131 kalarak, K\u00fcrt halk\u0131 olarak demokratik \u00f6zerkli\u011fimizi ilan ediyoruz.&#8221; Tu\u011fluk, herkesi demokratik \u00f6zerli\u011fe kar\u015f\u0131 sorumlulu\u011fu gere\u011fi dayan\u0131\u015fma i\u00e7inde olmaya \u00e7a\u011f\u0131rd\u0131klar\u0131n\u0131 da ifade ederek, &#8221; Uluslararas\u0131 camiaya \u00e7a\u011fr\u0131m\u0131zd\u0131r, uluslararas\u0131 hukukta da yeri olan bu hak esas al\u0131narak K\u00fcrt halk\u0131n\u0131n ilan eti\u011fi demokratik \u00f6zerkli\u011fi tan\u0131maya \u00e7a\u011f\u0131r\u0131yoruz&#8221; dedi.<\/p>\n<p style=\"text-align: justify;\"><a href=\"http:\/\/siyaset.milliyet.com.tr\/-demokratik-ozerklik-e-jet-sorusturma\/siyaset\/siyasetdetay\/15.07.2011\/1414723\/default.htm\" target=\"_blank\">Kaynak : Milliyet.com.tr<\/a><\/p>\n","protected":false},"excerpt":{"rendered":"<p style=\"text-align: center;\">\n<p style=\"text-align: justify;\">D\u0130YARBAKIR Cumhuriyet Ba\u015fsavc\u0131l\u0131\u011f\u0131, Demokratik Toplum Kongresi&#8217;nin (DTK) Demokratik \u00d6zerkli\u011fi ilan etti\u011fini a\u00e7\u0131klad\u0131\u011f\u0131 toplant\u0131s\u0131yla ilgili soru\u015fturma ba\u015flatt\u0131.<\/p>\n<p style=\"text-align: justify;\">Diyarbak\u0131r Cumhuriyet Ba\u015fsavc\u0131l\u0131\u011f\u0131, DTK&#8217;n\u0131n d\u00fcn BDP il binas\u0131nda toplanan ve Demokratik \u00d6zerkli\u011fi ilan etti\u011fini a\u00e7\u0131klad\u0131\u011f\u0131 toplant\u0131yla ilgili soru\u015fturma ba\u015flatt\u0131. Savc\u0131l\u0131k, bas\u0131n yay\u0131n organlar\u0131nda \u00e7\u0131kan haberleri ihbar kabul ederek ba\u015flatt\u0131\u011f\u0131 soru\u015fturma kapsam\u0131nda, emniyettten <\/p>\n","protected":false},"author":1,"featured_media":0,"comment_status":"open","ping_status":"open","sticky":false,"template":"","format":"standard","meta":{"footnotes":""},"categories":[105],"tags":[],"class_list":["post-36843","post","type-post","status-publish","format-standard","hentry","category-gundem","odd"],"_links":{"self":[{"href":"http:\/\/www.korhanyilmaz.com\/index.php?rest_route=\/wp\/v2\/posts\/36843","targetHints":{"allow":["GET"]}}],"collection":[{"href":"http:\/\/www.korhanyilmaz.com\/index.php?rest_route=\/wp\/v2\/posts"}],"about":[{"href":"http:\/\/www.korhanyilmaz.com\/index.php?rest_route=\/wp\/v2\/types\/post"}],"author":[{"embeddable":true,"href":"http:\/\/www.korhanyilmaz.com\/index.php?rest_route=\/wp\/v2\/users\/1"}],"replies":[{"embeddable":true,"href":"http:\/\/www.korhanyilmaz.com\/index.php?rest_route=%2Fwp%2Fv2%2Fcomments&post=36843"}],"version-history":[{"count":0,"href":"http:\/\/www.korhanyilmaz.com\/index.php?rest_route=\/wp\/v2\/posts\/36843\/revisions"}],"wp:attachment":[{"href":"http:\/\/www.korhanyilmaz.com\/index.php?rest_route=%2Fwp%2Fv2%2Fmedia&parent=36843"}],"wp:term":[{"taxonomy":"category","embeddable":true,"href":"http:\/\/www.korhanyilmaz.com\/index.php?rest_route=%2Fwp%2Fv2%2Fcategories&post=36843"},{"taxonomy":"post_tag","embeddable":true,"href":"http:\/\/www.korhanyilmaz.com\/index.php?rest_route=%2Fwp%2Fv2%2Ftags&post=36843"}],"curies":[{"name":"wp","href":"https:\/\/api.w.org\/{rel}","templated":true}]}}