{"id":36834,"date":"2011-07-14T19:58:17","date_gmt":"2011-07-14T16:58:17","guid":{"rendered":"http:\/\/www.korhanyilmaz.com\/?p=36834"},"modified":"2011-07-15T02:21:41","modified_gmt":"2011-07-14T23:21:41","slug":"terorun-ustesinden-gelecek-guce-sahibiz","status":"publish","type":"post","link":"http:\/\/www.korhanyilmaz.com\/?p=36834","title":{"rendered":"&#8216;Ter\u00f6r\u00fcn \u00fcstesinden gelecek g\u00fcce sahibiz&#8217;"},"content":{"rendered":"<p style=\"text-align: justify;\"><a href=\"http:\/\/www.korhanyilmaz.com\/wp-content\/uploads\/2011\/07\/1571.jpg\"  class=\"lightview\"><img loading=\"lazy\" decoding=\"async\" class=\"aligncenter size-full wp-image-36835\" src=\"http:\/\/www.korhanyilmaz.com\/wp-content\/uploads\/2011\/07\/1571.jpg\" alt=\"\" width=\"368\" height=\"221\" \/><\/a><\/p>\n<p style=\"text-align: justify;\">Ba\u015fbakan Recep Tayyip Erdo\u011fan, Silvan&#8217;da 13 askerin \u015fehit d\u00fc\u015fmesi nedeniyle Genelkurmay Ba\u015fkan\u0131&#8217;na bir ba\u015fsa\u011fl\u0131\u011f\u0131 mesaj\u0131 g\u00f6ndererek, &#8221;T\u00fcrkiye Cumhuriyeti, ter\u00f6r sorununun da \u00fcstesinden gelecek g\u00fcce ve kararl\u0131l\u0131\u011fa sahiptir&#8221; dedi.<\/p>\n<p style=\"text-align: justify;\">ANKARA &#8211; Ba\u015fbakan Recep Tayyip Erdo\u011fan, Diyarbak\u0131r&#8217;da ter\u00f6ristlere kar\u015f\u0131 y\u00fcr\u00fct\u00fclen operasyonda 13 askerin \u015fehit d\u00fc\u015fmesi nedeniyle Genelkurmay Ba\u015fkan\u0131 Orgeneral I\u015f\u0131k Ko\u015faner&#8217;e ba\u015fsa\u011fl\u0131\u011f\u0131 mesaj\u0131 g\u00f6nderdi. <!--more--><\/p>\n<p style=\"text-align: justify;\">Erdo\u011fan, mesaj\u0131nda, Diyarbak\u0131r&#8217;da ter\u00f6ristlere kar\u015f\u0131 y\u00fcr\u00fct\u00fclen operasyonda 13 askerin \u015fehit d\u00fc\u015fmesi ve 7 askerin yaralanmas\u0131n\u0131n millet\u00e7e derin bir teess\u00fcr ve \u00fcz\u00fcnt\u00fcye neden oldu\u011funu ifade etti. Erdo\u011fan, mesaj\u0131nda \u015funlar\u0131 kaydetti:<\/p>\n<p style=\"text-align: justify;\">&#8221;\u00dclkemizin bekas\u0131 ve milletimizin huzuru i\u00e7in canlar\u0131n\u0131 vererek \u015fehitlik mertebesine ula\u015fan askerlerimizin, yine bu u\u011furda gece-g\u00fcnd\u00fcz m\u00fccadele veren g\u00fcvenlik g\u00fc\u00e7lerimizin fedakarl\u0131klar\u0131 her t\u00fcrl\u00fc takdirin \u00fczerindedir.<\/p>\n<p style=\"text-align: justify;\">Bu eylemlerin ve arkas\u0131ndaki g\u00fc\u00e7lerin amac\u0131 apa\u00e7\u0131k ortadad\u0131r. T\u00fcrkiye Cumhuriyeti, di\u011fer b\u00fct\u00fcn s\u0131k\u0131nt\u0131lar\u0131 gibi, ter\u00f6r sorununun da \u00fcstesinden gelecek g\u00fcce ve kararl\u0131l\u0131\u011fa sahiptir.<\/p>\n<p style=\"text-align: justify;\">T\u00fcrkiye, demokrasiden, hukuktan ve karde\u015flikten asla taviz vermeden, ter\u00f6r\u00fcn de, onun gerisindeki g\u00fc\u00e7lerin de \u00fcstesinden gelmeyi ba\u015faracakt\u0131r. \u015eehitlerimizin ac\u0131s\u0131 y\u00fcreklerimizi da\u011flarken, ter\u00f6rle m\u00fccadele konusundaki kararl\u0131l\u0131\u011f\u0131m\u0131z\u0131 da g\u00fc\u00e7lendirmektedir.<\/p>\n<p style=\"text-align: justify;\">Aziz \u015fehitlerimize Allah\u2019tan rahmet, yaral\u0131 askerlerimize acil \u015fifalar, milletimize ve de sizin \u015fahs\u0131n\u0131zda T\u00fcrk Silahl\u0131 Kuvvetlerimizin t\u00fcm mensuplar\u0131na ba\u015fsa\u011fl\u0131\u011f\u0131 diliyorum.&#8221;<\/p>\n<p style=\"text-align: justify;\"><a href=\"http:\/\/www.ntvmsnbc.com\/id\/25232383\/\" target=\"_blank\">Kaynak : NTVMSNBC <\/a><\/p>\n","protected":false},"excerpt":{"rendered":"<p style=\"text-align: justify;\">\n<p style=\"text-align: justify;\">Ba\u015fbakan Recep Tayyip Erdo\u011fan, Silvan&#8217;da 13 askerin \u015fehit d\u00fc\u015fmesi nedeniyle Genelkurmay Ba\u015fkan\u0131&#8217;na bir ba\u015fsa\u011fl\u0131\u011f\u0131 mesaj\u0131 g\u00f6ndererek, &#8221;T\u00fcrkiye Cumhuriyeti, ter\u00f6r sorununun da \u00fcstesinden gelecek g\u00fcce ve kararl\u0131l\u0131\u011fa sahiptir&#8221; dedi.<\/p>\n<p style=\"text-align: justify;\">ANKARA &#8211; Ba\u015fbakan Recep Tayyip Erdo\u011fan, Diyarbak\u0131r&#8217;da ter\u00f6ristlere kar\u015f\u0131 y\u00fcr\u00fct\u00fclen operasyonda 13 askerin \u015fehit d\u00fc\u015fmesi nedeniyle Genelkurmay Ba\u015fkan\u0131 Orgeneral I\u015f\u0131k <\/p>\n","protected":false},"author":1,"featured_media":0,"comment_status":"open","ping_status":"open","sticky":false,"template":"","format":"standard","meta":{"footnotes":""},"categories":[105],"tags":[],"class_list":["post-36834","post","type-post","status-publish","format-standard","hentry","category-gundem","odd"],"_links":{"self":[{"href":"http:\/\/www.korhanyilmaz.com\/index.php?rest_route=\/wp\/v2\/posts\/36834","targetHints":{"allow":["GET"]}}],"collection":[{"href":"http:\/\/www.korhanyilmaz.com\/index.php?rest_route=\/wp\/v2\/posts"}],"about":[{"href":"http:\/\/www.korhanyilmaz.com\/index.php?rest_route=\/wp\/v2\/types\/post"}],"author":[{"embeddable":true,"href":"http:\/\/www.korhanyilmaz.com\/index.php?rest_route=\/wp\/v2\/users\/1"}],"replies":[{"embeddable":true,"href":"http:\/\/www.korhanyilmaz.com\/index.php?rest_route=%2Fwp%2Fv2%2Fcomments&post=36834"}],"version-history":[{"count":0,"href":"http:\/\/www.korhanyilmaz.com\/index.php?rest_route=\/wp\/v2\/posts\/36834\/revisions"}],"wp:attachment":[{"href":"http:\/\/www.korhanyilmaz.com\/index.php?rest_route=%2Fwp%2Fv2%2Fmedia&parent=36834"}],"wp:term":[{"taxonomy":"category","embeddable":true,"href":"http:\/\/www.korhanyilmaz.com\/index.php?rest_route=%2Fwp%2Fv2%2Fcategories&post=36834"},{"taxonomy":"post_tag","embeddable":true,"href":"http:\/\/www.korhanyilmaz.com\/index.php?rest_route=%2Fwp%2Fv2%2Ftags&post=36834"}],"curies":[{"name":"wp","href":"https:\/\/api.w.org\/{rel}","templated":true}]}}