{"id":36813,"date":"2011-07-12T11:14:35","date_gmt":"2011-07-12T08:14:35","guid":{"rendered":"http:\/\/www.korhanyilmaz.com\/?p=36813"},"modified":"2011-07-15T01:30:51","modified_gmt":"2011-07-14T22:30:51","slug":"ap-insan-haklari-temsilcisi-turkiye-raporunu-acikladi","status":"publish","type":"post","link":"http:\/\/www.korhanyilmaz.com\/?p=36813","title":{"rendered":"AP \u0130nsan Haklar\u0131 Temsilcisi T\u00fcrkiye Raporunu A\u00e7\u0131klad\u0131"},"content":{"rendered":"<p style=\"text-align: justify;\"><a href=\"http:\/\/www.korhanyilmaz.com\/wp-content\/uploads\/2011\/07\/1568.jpg\"  class=\"lightview\"><img loading=\"lazy\" decoding=\"async\" class=\"aligncenter\" src=\"http:\/\/www.korhanyilmaz.com\/wp-content\/uploads\/2011\/07\/1568.jpg\" alt=\"\" width=\"396\" height=\"247\" \/><\/a><\/p>\n<p style=\"text-align: justify;\">Avrupa Konseyi \u0130nsan Haklar\u0131 Temsilcisi Thomas Hammarberg yay\u0131mlad\u0131\u011f\u0131 raporda, &#8221;T\u00fcrkiye&#8217;nin son y\u0131llarda evvelce hassas olan konularda \u00f6zg\u00fcr ve a\u00e7\u0131k bir tart\u0131\u015fma ortam\u0131 yaratmakta kaydetti\u011fi ilerlemeye ra\u011fmen, ifade \u00f6zg\u00fcrl\u00fc\u011f\u00fc ve medya \u00f6zg\u00fcrl\u00fc\u011f\u00fc ile ilgili durumun hala kayg\u0131 verici oldu\u011funu&#8221; belirtti. Hammarberg raporunda, &#8221;Bu haklar\u0131n savunulmas\u0131 ve ele\u015ftiriye ve kar\u015f\u0131t g\u00f6r\u00fc\u015flere kar\u015f\u0131 ho\u015fg\u00f6r\u00fcl\u00fc bir ortam\u0131n desteklenmesi i\u00e7in acil tedbirlere ihtiya\u00e7 vard\u0131r&#8221; ifadesini kulland\u0131. <!--more--><\/p>\n<div id=\"attachment_36816\" style=\"width: 196px\" class=\"wp-caption alignleft\"><img loading=\"lazy\" decoding=\"async\" aria-describedby=\"caption-attachment-36816\" class=\"size-full wp-image-36816\" title=\"\" src=\"http:\/\/www.korhanyilmaz.com\/wp-content\/uploads\/2011\/07\/1569.jpg\" alt=\"\" width=\"186\" height=\"216\" \/><p id=\"caption-attachment-36816\" class=\"wp-caption-text\">Avrupa Konseyi \u0130nsan Haklar\u0131 Temsilcisi Thomas Hammarberg<\/p><\/div>\n<p style=\"text-align: justify;\">Temsilci, &#8221;T\u00fcrk anayasas\u0131nda son zamanlarda yap\u0131lan ve ifade \u00f6zg\u00fcrl\u00fc\u011f\u00fc ve medya \u00f6zg\u00fcrl\u00fc\u011f\u00fc \u00fczerinde olumlu bir etki yaratmas\u0131 beklenen de\u011fi\u015fiklikleri memnunlukla kar\u015f\u0131lad\u0131\u011f\u0131n\u0131&#8221; belirtirken, bununla birlikte, mevcut anayasan\u0131n lafz\u0131n\u0131n ve ruhunun, \u00e7o\u011fulculu\u011fa ve ifade \u00f6zg\u00fcrl\u00fc\u011f\u00fcne tam olarak sayg\u0131 g\u00f6sterilmesini engellemeyi s\u00fcrd\u00fcrd\u00fc\u011f\u00fc&#8221; de\u011ferlendirmesinde bulundu.<\/p>\n<p style=\"text-align: justify;\">Avrupa Konseyi Temsilcisi, bu nedenle haz\u0131rlad\u0131\u011f\u0131 raporunda T\u00fcrk makamlar\u0131n\u0131, planlanan anayasa reformunun bu engelleri de g\u00f6z \u00f6n\u00fcne almas\u0131n\u0131 sa\u011flamaya te\u015fvik etti\u011fini bildirdi.<\/p>\n<p style=\"text-align: justify;\">Raporda ayr\u0131ca \u015fu g\u00f6r\u00fc\u015flere yer verildi:<\/p>\n<p style=\"text-align: justify;\">&#8221;Temsilciye g\u00f6re ayr\u0131ca T\u00fcrk Ceza Kanunu ve Ter\u00f6rle M\u00fccadele Kanunu da T\u00fcrkiye&#8217;de ifade \u00f6zg\u00fcrl\u00fc\u011f\u00fcn\u00fcn \u00f6n\u00fcnde ciddi engeller olu\u015fturmaya devam ediyor: S\u00f6z konusu kanunlar\u0131n h\u00fck\u00fcmleri gazetecilerin, yay\u0131nc\u0131lar\u0131n ve yay\u0131nevlerinin ifade \u00f6zg\u00fcrl\u00fc\u011f\u00fc de dahil olmak \u00fczere ifade \u00f6zg\u00fcrl\u00fc\u011f\u00fcn\u00fc orant\u0131s\u0131z bir bi\u00e7imde k\u0131s\u0131tlama amac\u0131yla kullan\u0131lm\u0131\u015ft\u0131r. T\u00fcrkiye&#8217;nin bu kanunlarda \u015fu ana kadar yapt\u0131\u011f\u0131 de\u011fi\u015fiklikler, Avrupa \u0130nsan Haklar\u0131 Mahkemesinin tespit etti\u011fi \u00e7e\u015fitli ifade \u00f6zg\u00fcrl\u00fc\u011f\u00fc ihlallerinin k\u00f6k\u00fcnde yatan nedenlerin ortadan kald\u0131r\u0131lmas\u0131 i\u00e7in yeterli olamam\u0131\u015ft\u0131r.&#8221;<\/p>\n<p style=\"text-align: justify;\">Temsilci ayr\u0131ca, ceza ve hukuk davalar\u0131na konu olan hakaretle ilgili yasal h\u00fck\u00fcmlerden \u00f6zellikle kayg\u0131 duydu\u011funu ifade ederek, T\u00fcrkiye&#8217;yi kamuya mal olmu\u015f ki\u015fileri, bas\u0131n \u00f6zg\u00fcrl\u00fc\u011f\u00fc \u00fczerinde ciddi bir cayd\u0131r\u0131c\u0131 etki yaratan hakaret davalar\u0131n\u0131 a\u00e7maktan imtina etmeye davet etti.<\/p>\n<p style=\"text-align: justify;\">Temsilci, ayn\u0131 zamanda, savc\u0131 ve hakimlerin a\u015f\u0131r\u0131 k\u0131s\u0131tlay\u0131c\u0131 tutumlar\u0131n\u0131n, ifade \u00f6zg\u00fcrl\u00fc\u011f\u00fcn\u00fcn geli\u015ftirilmesi gayretlerinin \u00f6n\u00fcnde ciddi bir engel te\u015fkil etti\u011fini g\u00f6zlemledi\u011fini vurgulayarak \u015fu \u00f6nerileri yapt\u0131:<\/p>\n<p style=\"text-align: justify;\">&#8221;Mahkemeler ve savc\u0131lar, mevcut yasalar\u0131 yorumlay\u0131p uygularken Avrupa \u0130nsan Haklar\u0131 Mahkemesinin ifade \u00f6zg\u00fcrl\u00fc\u011f\u00fcne ili\u015fkin standartlar\u0131na ve orant\u0131l\u0131l\u0131k ilkesine gerekli sayg\u0131y\u0131 her zaman g\u00f6stermiyorlar. Yetkililer gazetecilerin cezai sorumlulu\u011funu de\u011ferlendirirken T\u00fcrk hukuk sistemine \u00f6zellikle de ifade edilenlerin ger\u00e7ekli\u011fini ispat ve kamu yarar\u0131n\u0131 ileri s\u00fcrme hakk\u0131n\u0131 dahil etmelidirler.&#8221;<\/p>\n<p style=\"text-align: justify;\">Hammarberg T\u00fcrkiye&#8217;ye, T\u00fcrk hukuk sisteminde ifade \u00f6zg\u00fcrl\u00fc\u011f\u00fcn\u00fc de etkilemekte olan, ciddi ve uzun zamand\u0131r s\u00fcregelen bozukluklara etkili \u00e7\u00f6z\u00fcmler getirme \u00e7a\u011fr\u0131s\u0131nda bulunurken, ceza davalar\u0131n\u0131n a\u015f\u0131r\u0131 uzun s\u00fcrmesi ve g\u00f6zalt\u0131 s\u00fcrelerinin uzunlu\u011funun, \u015f\u00fcphelilerin soru\u015fturma evresinde haklar\u0131ndaki delillere eri\u015fimiyle ilgili sorunlar\u0131n ve savc\u0131lar\u0131n ceza davas\u0131 a\u00e7mada kendilerini k\u0131s\u0131tlamamalar\u0131n\u0131n ifade \u00f6zg\u00fcrl\u00fc\u011f\u00fcn\u00fc olumsuz etkiledi\u011fini ve T\u00fcrk bas\u0131n\u0131nda otosans\u00fcre neden oldu\u011funu belirtti.<\/p>\n<p style=\"text-align: justify;\">T\u00fcrk makamlar\u0131n\u0131 bu sorunlar\u0131 yasal ve uygulamaya y\u00f6nelik tedbirlerin yan\u0131 s\u0131ra, adalet sistemi dahilinde sistematik e\u011fitim ve fark\u0131ndal\u0131k artt\u0131rmaya y\u00f6nelik faaliyetlerle ele almaya acilen davet eden temsilci raporunda, T\u00fcrk makamlar\u0131n\u0131n \u0130nternet Yasas\u0131n\u0131 ve Radyo Televizyon Yasas\u0131n\u0131 acilen g\u00f6zden ge\u00e7irmesinin gerekti\u011fini belirtti ve \u00f6zellikle yetkili idari makamlar\u0131n internete sistematik bir bi\u00e7imde sans\u00fcr uygulamas\u0131n\u0131n ve internet sitelerine eri\u015fimi engellemesinin demokratik bir toplumda olmas\u0131 gereken \u00f6l\u00e7\u00fcleri a\u015ft\u0131\u011f\u0131 de\u011ferlendirmesinde bulundu.<\/p>\n<p style=\"text-align: justify;\">Son olarak, \u00f6zellikle gazeteci Hrant Dink cinayetini hat\u0131rlatan temsilci, yetkili makamlar\u0131, \u015fiddet ve sindirme eylemlerine kar\u015f\u0131 gazetecilerin korunmas\u0131na y\u00f6nelik gayretlerini artt\u0131rmaya acilen davet etti. Temsilci, ayn\u0131 zamanda ba\u015fta ara\u015ft\u0131rmac\u0131 gazeteciler olmak \u00fczere pek \u00e7ok gazetecinin g\u00fcvencesiz \u00e7al\u0131\u015fma ko\u015fullar\u0131n\u0131 dikkate alarak medya \u00e7al\u0131\u015fanlar\u0131n\u0131n i\u015f\u00e7i haklar\u0131n\u0131n sistematik bir \u015fekilde ihlaline son verilmesini tavsiye etti.<\/p>\n<p><a href=\"http:\/\/www.turkishny.com\/other-news\/4-other-news\/60138-ap-insan-haklar-temsilcisi-turkiye-raporunu-acklad\" target=\"_blank\">Kaynak : http:\/\/www.turkishny.com<\/a><\/p>\n","protected":false},"excerpt":{"rendered":"<p style=\"text-align: justify;\">\n<p style=\"text-align: justify;\">Avrupa Konseyi \u0130nsan Haklar\u0131 Temsilcisi Thomas Hammarberg yay\u0131mlad\u0131\u011f\u0131 raporda, &#8221;T\u00fcrkiye&#8217;nin son y\u0131llarda evvelce hassas olan konularda \u00f6zg\u00fcr ve a\u00e7\u0131k bir tart\u0131\u015fma ortam\u0131 yaratmakta kaydetti\u011fi ilerlemeye ra\u011fmen, ifade \u00f6zg\u00fcrl\u00fc\u011f\u00fc ve medya \u00f6zg\u00fcrl\u00fc\u011f\u00fc ile ilgili durumun hala kayg\u0131 verici oldu\u011funu&#8221; belirtti. Hammarberg raporunda, &#8221;Bu haklar\u0131n savunulmas\u0131 ve ele\u015ftiriye ve kar\u015f\u0131t g\u00f6r\u00fc\u015flere kar\u015f\u0131 <\/p>\n","protected":false},"author":1,"featured_media":0,"comment_status":"open","ping_status":"open","sticky":false,"template":"","format":"standard","meta":{"footnotes":""},"categories":[105],"tags":[],"class_list":["post-36813","post","type-post","status-publish","format-standard","hentry","category-gundem","odd"],"_links":{"self":[{"href":"http:\/\/www.korhanyilmaz.com\/index.php?rest_route=\/wp\/v2\/posts\/36813","targetHints":{"allow":["GET"]}}],"collection":[{"href":"http:\/\/www.korhanyilmaz.com\/index.php?rest_route=\/wp\/v2\/posts"}],"about":[{"href":"http:\/\/www.korhanyilmaz.com\/index.php?rest_route=\/wp\/v2\/types\/post"}],"author":[{"embeddable":true,"href":"http:\/\/www.korhanyilmaz.com\/index.php?rest_route=\/wp\/v2\/users\/1"}],"replies":[{"embeddable":true,"href":"http:\/\/www.korhanyilmaz.com\/index.php?rest_route=%2Fwp%2Fv2%2Fcomments&post=36813"}],"version-history":[{"count":0,"href":"http:\/\/www.korhanyilmaz.com\/index.php?rest_route=\/wp\/v2\/posts\/36813\/revisions"}],"wp:attachment":[{"href":"http:\/\/www.korhanyilmaz.com\/index.php?rest_route=%2Fwp%2Fv2%2Fmedia&parent=36813"}],"wp:term":[{"taxonomy":"category","embeddable":true,"href":"http:\/\/www.korhanyilmaz.com\/index.php?rest_route=%2Fwp%2Fv2%2Fcategories&post=36813"},{"taxonomy":"post_tag","embeddable":true,"href":"http:\/\/www.korhanyilmaz.com\/index.php?rest_route=%2Fwp%2Fv2%2Ftags&post=36813"}],"curies":[{"name":"wp","href":"https:\/\/api.w.org\/{rel}","templated":true}]}}