{"id":3681,"date":"2009-02-25T13:50:08","date_gmt":"2009-02-25T11:50:08","guid":{"rendered":"http:\/\/www.korhanyilmaz.com\/?p=3681"},"modified":"2026-04-21T09:12:32","modified_gmt":"2026-04-21T06:12:32","slug":"9-olu-86-yarali","status":"publish","type":"post","link":"http:\/\/www.korhanyilmaz.com\/?p=3681","title":{"rendered":"9 \u00f6l\u00fc 86 yaral\u0131"},"content":{"rendered":"<p style=\"text-align: center;\"><a href=\"http:\/\/www.korhanyilmaz.com\/wp-content\/uploads\/2009\/02\/hollanda_ucak_kazasi.png\"  class=\"lightview\"><img loading=\"lazy\" decoding=\"async\" class=\"aligncenter wp-image-2308182\" src=\"http:\/\/www.korhanyilmaz.com\/wp-content\/uploads\/2009\/02\/hollanda_ucak_kazasi.png\" alt=\"\" width=\"500\" height=\"279\" srcset=\"http:\/\/www.korhanyilmaz.com\/wp-content\/uploads\/2009\/02\/hollanda_ucak_kazasi.png 710w, http:\/\/www.korhanyilmaz.com\/wp-content\/uploads\/2009\/02\/hollanda_ucak_kazasi-150x84.png 150w, http:\/\/www.korhanyilmaz.com\/wp-content\/uploads\/2009\/02\/hollanda_ucak_kazasi-400x223.png 400w\" sizes=\"auto, (max-width: 500px) 100vw, 500px\" \/><\/a><\/p>\n<p style=\"text-align: justify;\"><strong>Son a\u00e7\u0131klamalara g\u00f6re kazada 9 ki\u015fi \u00f6ld\u00fc, 84 yaral\u0131 var. Yaral\u0131lar\u0131n 6&#8217;s\u0131n\u0131n komada oldu\u011fu bildirildi.<\/strong><\/p>\n<p style=\"text-align: justify;\">Hayat\u0131n\u0131 kaybeden 9 ki\u015fiden 3&#8217;\u00fc m\u00fcrettabattan, 6&#8217;si ise yolculardan olu\u015fuyor. T\u00fcrk D\u0131\u015fi\u015fleri&#8217;nden yap\u0131lan a\u00e7\u0131klamaya g\u00f6re, u\u00e7akta 71 T\u00fcrkiye vatanda\u015f\u0131, 33 Hollandal\u0131, 1 \u0130talyan, 1 Birle\u015fik Krall\u0131k vatanda\u015f\u0131 ve Boing g\u00f6revlisi 4 Amerika&#8217;l\u0131 bulunuyordu&#8230;<\/p>\n<p style=\"text-align: justify;\"><strong>\u00c7EL\u0130\u015eK\u0130L\u0130 RAKAMLAR<\/strong><\/p>\n<p style=\"text-align: justify;\"><strong>Hollandal\u0131 yetkililerden gelen a\u00e7\u0131klama ise \u015f\u00f6yle:<\/strong><\/p>\n<p style=\"text-align: justify;\">&#8211; \u015eimdiye kadar gelen bilgilere g\u00f6re 3&#8217;\u00fc merettebat , 6&#8217;s\u0131 yolcu olmak \u00fczere 9 \u00f6l\u00fc var. Kazada 25&#8217;i a\u011f\u0131r olmak \u00fczere 50 ki\u015fi de yaraland\u0131.<\/p>\n<p style=\"text-align: justify;\">-U\u00e7a\u011f\u0131n neden d\u00fc\u015ft\u00fc\u011f\u00fc hakk\u0131nda \u015fu anda bir bilgimiz yok<\/p>\n<p style=\"text-align: justify;\">-U\u00e7a\u011f\u0131n benzinin az geldi\u011fini bu y\u00fczden d\u00fc\u015ft\u00fc\u011f\u00fcn\u00fc d\u00fc\u015f\u00fcn\u00fcyoruz.<\/p>\n<p style=\"text-align: justify;\">Ula\u015ft\u0131rma Bakan&#8217;\u0131 Binali Y\u0131ld\u0131r\u0131m ve THY Genel M\u00fcd\u00fcr\u00fc Temel Kotil ilk a\u00e7\u0131klamalar\u0131nda kazada \u00f6len olmad\u0131\u011f\u0131n\u0131 bildirmi\u015fti ancak, daha sonradan yapt\u0131klar\u0131 a\u00e7\u0131klamada \u00f6l\u00fc say\u0131s\u0131n\u0131 9 olarak a\u00e7\u0131klad\u0131lar.<\/p>\n<p style=\"text-align: justify;\">&#8211; Hollanda televizyonu NOS ise kaza yerinde 4 ila 6 aras\u0131nda ceset torbas\u0131 g\u00f6r\u00fcld\u00fc\u011f\u00fcn\u00fc a\u00e7\u0131klad\u0131.<!--more--><br \/>\n<strong>ULA\u015eTIRMA BAKANLI\u011eI: &#8220;\u00d6L\u00dc SAYISI 9 OLAB\u0130L\u0130R&#8221;<\/strong><\/p>\n<p style=\"text-align: justify;\">Ula\u015ft\u0131rma Bakanl\u0131\u011f\u0131 M\u00fcste\u015far Yard\u0131mc\u0131 Suat Hayri Aka, Amsterdam&#8217;da havaalan\u0131na ini\u015fi s\u0131ras\u0131nda d\u00fc\u015fen THY ait yolcu u\u00e7a\u011f\u0131nda 9 ki\u015finin \u00f6lm\u00fc\u015f olabilece\u011fini bildirdi.<\/p>\n<p style=\"text-align: justify;\">20 yolcunun ise yaral\u0131 oldu\u011funu kaydeden Aka, \u00f6len yolcular\u0131n isim ve dolay\u0131s\u0131yla milliyetlerinin hen\u00fcz netle\u015fmedi\u011fini belirtti. Aka, u\u00e7aktakilerin 56&#8217;s\u0131n\u0131n yabanc\u0131, 78&#8217;inin de T\u00fcrk oldu\u011funu bildirdi.<\/p>\n<p style=\"text-align: justify;\"><strong>THY: 9 \u00d6L\u00dc, 25&#8217;\u0130 A\u011eIR OLMAK \u00dcZERE 50 YARALI<\/strong><\/p>\n<p style=\"text-align: justify;\">THY Y\u00f6netim Kurulu Ba\u015fkan\u0131 Candan Karl\u0131tekin 9 \u00f6l\u00fc, 25&#8217;i a\u011f\u0131r olmak \u00fczere 50 yaral\u0131 oldu\u011funu belirterek ellerinde \u015fimdilik bu bilgilerin oldu\u011funu a\u00e7\u0131klad\u0131.<\/p>\n<p style=\"text-align: justify;\"><strong>Amsterdam&#8217;da yere \u00e7ak\u0131lan THY u\u00e7a\u011f\u0131ndaki kokpit ve kabin ekibinin isim listesi:<\/strong><\/p>\n<p style=\"text-align: justify;\"><strong>KOKP\u0130T:<\/strong> Hasan Tahsin Ar\u0131san, Olgay \u00d6zg\u00fcr ve Murat Sezer.<\/p>\n<p style=\"text-align: justify;\"><strong>KAB\u0130N:<\/strong> Figen Eren(kabin amiri), Perihan \u00d6zden, Ulvi Murat Eskin ve Yasemin Vural.<\/p>\n<p style=\"text-align: justify;\"><strong>\u0130\u015eTE YOLCU L\u0130STES\u0130 <\/strong><\/p>\n<p style=\"text-align: justify;\">Feriha Cebi<br \/>\nErol Zafer akba\u015f<br \/>\nLucio Basso<br \/>\nKenan \u00d6zt\u00fcrk<br \/>\nFrederick Gimpel<br \/>\nGerarda Gimpelve<br \/>\nHasan H\u00fcseyin S\u00fcmer<br \/>\nMustafa Mermer<br \/>\nSel\u00e7uk Arda<br \/>\nMehmet G\u00f6z\u00fckara<br \/>\nSoyad\u0131 \u0130dris olan bir yolcu<br \/>\nSamiye Albostan<br \/>\nB\u00fc\u015fra Albostan<br \/>\nErdem Recep Albostan<br \/>\nAtanaz Stilijan<br \/>\nLucia Geijtema<br \/>\nJakabuz Shinkel<br \/>\nLeentje Vanherbe<br \/>\nMarinus Vansipron<br \/>\nRonalda Redford<br \/>\nGeorge Anichukw<br \/>\n\u0130lhan G\u00fcc\u00fcyene<br \/>\nMuhsin Cesur<br \/>\nKenan Demir<br \/>\nBora \u0130nan<br \/>\nSoyad\u0131 Mutlucan olan bir yolcu<br \/>\nKamile Banu \u00d6zcan<br \/>\nSoyad\u0131 Vanderhal olan bir yolcu<br \/>\nSoyad\u0131 Deknecht olan bir yolcu<br \/>\nSoyad\u0131 Chamrduk olan bir oylcu<br \/>\nVolkan Dasasan<br \/>\nCem Mert<br \/>\nKerem Uzel<br \/>\nAhmet Peynirci<br \/>\nVedat Demir<br \/>\nAhmet Sen<br \/>\nG\u00fclsen Y\u0131ld\u0131r\u0131m<br \/>\nYavuz Y\u0131ld\u0131r\u0131m<br \/>\nG\u00f6kmen Y\u0131ld\u0131r\u0131m<\/p>\n<p style=\"text-align: justify;\"><span style=\"color: #888888;\">Kaynak : Vatan Gazetesi<\/span><\/p>\n","protected":false},"excerpt":{"rendered":"<p style=\"text-align: center;\">\n<p style=\"text-align: justify;\">Son a\u00e7\u0131klamalara g\u00f6re kazada 9 ki\u015fi \u00f6ld\u00fc, 84 yaral\u0131 var. Yaral\u0131lar\u0131n 6&#8217;s\u0131n\u0131n komada oldu\u011fu bildirildi.<\/p>\n<p style=\"text-align: justify;\">Hayat\u0131n\u0131 kaybeden 9 ki\u015fiden 3&#8217;\u00fc m\u00fcrettabattan, 6&#8217;si ise yolculardan olu\u015fuyor. T\u00fcrk D\u0131\u015fi\u015fleri&#8217;nden yap\u0131lan a\u00e7\u0131klamaya g\u00f6re, u\u00e7akta 71 T\u00fcrkiye vatanda\u015f\u0131, 33 Hollandal\u0131, 1 \u0130talyan, 1 Birle\u015fik Krall\u0131k vatanda\u015f\u0131 ve Boing g\u00f6revlisi 4 Amerika&#8217;l\u0131 bulunuyordu&#8230;<\/p>\n","protected":false},"author":1,"featured_media":0,"comment_status":"open","ping_status":"closed","sticky":false,"template":"","format":"standard","meta":{"footnotes":""},"categories":[105],"tags":[],"class_list":["post-3681","post","type-post","status-publish","format-standard","hentry","category-gundem","odd"],"_links":{"self":[{"href":"http:\/\/www.korhanyilmaz.com\/index.php?rest_route=\/wp\/v2\/posts\/3681","targetHints":{"allow":["GET"]}}],"collection":[{"href":"http:\/\/www.korhanyilmaz.com\/index.php?rest_route=\/wp\/v2\/posts"}],"about":[{"href":"http:\/\/www.korhanyilmaz.com\/index.php?rest_route=\/wp\/v2\/types\/post"}],"author":[{"embeddable":true,"href":"http:\/\/www.korhanyilmaz.com\/index.php?rest_route=\/wp\/v2\/users\/1"}],"replies":[{"embeddable":true,"href":"http:\/\/www.korhanyilmaz.com\/index.php?rest_route=%2Fwp%2Fv2%2Fcomments&post=3681"}],"version-history":[{"count":1,"href":"http:\/\/www.korhanyilmaz.com\/index.php?rest_route=\/wp\/v2\/posts\/3681\/revisions"}],"predecessor-version":[{"id":2308183,"href":"http:\/\/www.korhanyilmaz.com\/index.php?rest_route=\/wp\/v2\/posts\/3681\/revisions\/2308183"}],"wp:attachment":[{"href":"http:\/\/www.korhanyilmaz.com\/index.php?rest_route=%2Fwp%2Fv2%2Fmedia&parent=3681"}],"wp:term":[{"taxonomy":"category","embeddable":true,"href":"http:\/\/www.korhanyilmaz.com\/index.php?rest_route=%2Fwp%2Fv2%2Fcategories&post=3681"},{"taxonomy":"post_tag","embeddable":true,"href":"http:\/\/www.korhanyilmaz.com\/index.php?rest_route=%2Fwp%2Fv2%2Ftags&post=3681"}],"curies":[{"name":"wp","href":"https:\/\/api.w.org\/{rel}","templated":true}]}}