{"id":36808,"date":"2011-07-14T18:38:43","date_gmt":"2011-07-14T15:38:43","guid":{"rendered":"http:\/\/www.korhanyilmaz.com\/?p=36808"},"modified":"2011-07-15T00:48:48","modified_gmt":"2011-07-14T21:48:48","slug":"dtkdan-demokratik-ozerklik-karari","status":"publish","type":"post","link":"http:\/\/www.korhanyilmaz.com\/?p=36808","title":{"rendered":"DTK&#8217;dan &#8216;demokratik \u00f6zerklik&#8217; karar\u0131"},"content":{"rendered":"<p style=\"text-align: center;\"><a href=\"http:\/\/www.korhanyilmaz.com\/wp-content\/uploads\/2011\/07\/1570.jpg\"  class=\"lightview\"><img loading=\"lazy\" decoding=\"async\" class=\"aligncenter size-full wp-image-36820\" src=\"http:\/\/www.korhanyilmaz.com\/wp-content\/uploads\/2011\/07\/1570.jpg\" alt=\"\" width=\"404\" height=\"223\" \/><\/a><\/p>\n<p style=\"text-align: justify;\">Demokratik Toplum Kongresi Diyarbak\u0131r&#8217;da Demokratik \u00d6zerklik \u0130lan Belgesini a\u00e7\u0131klad\u0131. DTK toplant\u0131s\u0131 sonras\u0131 a\u00e7\u0131klama yapan DTK E\u015fba\u015fkan\u0131 Aysel Tu\u011fluk, Demokratik \u00f6zerkli\u011fi ilan ettiklerini a\u00e7\u0131klad\u0131.<!--more--><\/p>\n<p style=\"text-align: justify;\"><strong>Diyarbak\u0131r&#8217;da d\u00fczenlenen toplant\u0131da sonu\u00e7 bildirgesini okuyan Aysel Tu\u011fluk \u015funlar\u0131 s\u00f6yledi: <\/strong><\/p>\n<p style=\"text-align: justify;\"><strong>Yapt\u0131\u011f\u0131m\u0131z kapsaml\u0131 tart\u0131\u015fmalar ve bu tart\u0131\u015fmalar sonucunda ula\u015ft\u0131\u011f\u0131m\u0131z sonu\u00e7lar\u0131 payla\u015fmak istiyorum. Demokratik \u00d6zerklik ilan belgesi:<\/strong><\/p>\n<p style=\"text-align: justify;\">Ulus devlet\u00e7i anlay\u0131\u015f di\u011fer halklara b\u00fcy\u00fck ac\u0131lar ya\u015fatt\u0131\u011f\u0131 gibi K\u00fcrt-T\u00fcrk ili\u015fkilerinde de K\u00fcrtleri yok olu\u015f s\u00fcrecine g\u00f6t\u00fcren bir d\u00f6nemin ba\u015flamas\u0131n\u0131n temeli olmu\u015ftur. T\u00fcrkiye\u2019nin kurulu\u015funda b\u00fcy\u00fck rol oynayan ilk Meclis ve siyasetinde b\u0131rakal\u0131m K\u00fcrt inkar\u0131n\u0131n olmas\u0131, K\u00fcrtlerle birlikte kurulmu\u015f yeni bir T\u00fcrkiye vard\u0131r. T\u00fcrkiye\u2019nin kurulu\u015f felsefesi, K\u00fcrtler bak\u0131m\u0131ndan da kendilerinin i\u00e7inde yer ald\u0131\u011f\u0131 bir olu\u015fumdur.<\/p>\n<p style=\"text-align: justify;\">Bu inkar ve imha politikas\u0131 bug\u00fcne kadar ac\u0131mas\u0131zca y\u00fcr\u00fct\u00fcl\u00fcrken, Ortado\u011fu stat\u00fckosu ve uluslar aras\u0131 g\u00fc\u00e7lerden de destek alm\u0131\u015ft\u0131r. T\u00fcrkiye\u2019nin K\u00fcrtler \u00fczerinde egemenlik kuran devletlerle kurdu\u011fu ittifak da bu politikan\u0131n a\u011f\u0131r bi\u00e7imde s\u00fcrd\u00fcr\u00fclmesini sa\u011flam\u0131\u015ft\u0131r.<\/p>\n<p style=\"text-align: justify;\">Ulus devletlerin nas\u0131l bir soyk\u0131r\u0131mc\u0131l\u0131k ta\u015f\u0131d\u0131\u011f\u0131 g\u00f6r\u00fclmektedir. G\u00fcncelde bi\u00e7imsel de\u011fi\u015fiklikler olsa da, \u00f6z\u00fcnde devam eden inkar devam ettirilmektedir.<\/p>\n<p style=\"text-align: justify;\">K\u00fcrt halk\u0131n\u0131n varl\u0131\u011f\u0131 tan\u0131nd\u0131\u011f\u0131 ifade edildi\u011finde bile, par\u00e7alamaya \u00e7al\u0131\u015fmaya y\u00f6nelik siyaset \u00fcretilmektedir.<\/p>\n<p style=\"text-align: justify;\"><strong>&#8220;B\u0130NLERCE \u0130NSANIMIZ REH\u0130NE OLARAK TUTULMAKTADIR&#8221;<\/strong><\/p>\n<p style=\"text-align: justify;\">Ba\u015fta Hatip Dicle\u2019nin ve milletvekillerimizin serbest b\u0131rak\u0131lmamas\u0131 bunu g\u00f6stermektedir. KCK gibi siyasi soyk\u0131r\u0131m operasyon sonucu binlerce insan\u0131m\u0131z rehine olarak tutulmaktad\u0131r. K\u00fcrt\u00e7e anadiline kar\u015f\u0131 k\u00fclt\u00fcrel soyk\u0131r\u0131m devam etmektedir.<\/p>\n<p style=\"text-align: justify;\">K\u00fcrt halk\u0131n\u0131n do\u011fal bir halk olmaktan haklar\u0131, dili ya\u015fam\u0131 yok say\u0131lmaktad\u0131r. T\u00fcrkiye i\u00e7inde ve d\u0131\u015f\u0131nda bir \u00e7ok \u00e7evre, T\u00fcrkiye\u2019nin K\u00fcrt sorununu \u00e7\u00f6zmesi gerekti\u011fini dile getirmi\u015ftir. Ancak AKP\u2019nin politik parti oligar\u015fisi kendi \u00e7\u0131karlar\u0131 i\u00e7in politika \u00fcretti\u011finden buna yana\u015fmamaktad\u0131r.<\/p>\n<p style=\"text-align: justify;\">Bu a\u015famadan sonra devam edecek \u00e7\u00f6z\u00fcms\u00fczl\u00fck, halklar\u0131 \u015fiddet ve \u00e7at\u0131\u015fma ortam\u0131nda tutup g\u00fc\u00e7 kaybetmesinden ba\u015fka bir sonu\u00e7 vermeyecektir.<\/p>\n<p style=\"text-align: justify;\">K\u00fcrt sorunu, K\u00fcrtlerin halk olmaktan kaynakl\u0131 haklar\u0131n\u0131 kullanamamalar\u0131, her taleplerinin bask\u0131yla reddedilmesinden kaynaklanmaktad\u0131r.<\/p>\n<p style=\"text-align: justify;\"><strong>&#8220;SORUNUN \u00c7\u00d6Z\u00dcM\u00dc K\u00dcRTLER\u0130N HALK OLARAK TANINMASI \u0130LE \u00c7\u00d6Z\u00dcM BULUNAB\u0130L\u0130R&#8221;<\/strong><\/p>\n<p style=\"text-align: justify;\">Sorunun \u00e7\u00f6z\u00fcm\u00fc K\u00fcrtlerin halk olarak tan\u0131nmas\u0131, e\u015fit seviyede stat\u00fcye kavu\u015fmalar\u0131yla ancak \u00e7\u00f6z\u00fcm bulabilir.<\/p>\n<p style=\"text-align: justify;\">K\u00fcrt halk\u0131 art\u0131k ulusal varl\u0131\u011f\u0131n\u0131 stat\u00fcs\u00fcz bir halk olarak ya\u015famak istememektedir. D\u00fcnyada K\u00fcrtler gibi 40 milyondan olu\u015fan, haklar\u0131 gasp edilmeye \u00e7al\u0131\u015f\u0131lan ba\u015fka bir halk yoktur.<\/p>\n<p style=\"text-align: justify;\">Kendimizi y\u00f6netme, g\u00fc\u00e7 ve iradesine sahip oldu\u011fumuzu belirtiyoruz. Demokratik \u00f6zerklik sadece k\u00fcrt halk\u0131 i\u00e7in de\u011fil, t\u00fcm T\u00fcrkiye halklar\u0131n\u0131n inan\u00e7 ve k\u00fclt\u00fcrlerinin kendisini \u00f6zg\u00fcrce ifade edece\u011fi bir \u00e7\u00f6z\u00fcm modelidir. T\u00fcm toplumlar\u0131n do\u011fal ya\u015fam sistemidir. Demokratik \u00f6zerklik bir devleti y\u0131kmak de\u011fildir. ayn\u0131 zamanda bir devlet sistemi de de\u011fildir. halk\u0131n devlet olmayan kendi co\u011frafyas\u0131ndaki \u00f6z y\u00f6netime kat\u0131lma sistemidir.<\/p>\n<p style=\"text-align: justify;\">Demokratik \u00f6zerklik s\u0131n\u0131rlar\u0131n sembollerin de\u011fi\u015fmesi de\u011fil, ortak s\u0131n\u0131rlar i\u00e7inde, ortak de\u011ferlerde bulu\u015fulan yeni toplumsal s\u00f6zle\u015fmenin kendisidir.<\/p>\n<p style=\"text-align: justify;\"><strong>&#8220;DEMOKRAT\u0130K \u00d6ZERKL\u0130\u011e\u0130M\u0130Z\u0130 \u0130LAN ED\u0130YORUZ&#8221;<\/strong><\/p>\n<p style=\"text-align: justify;\">Ortak vatan anlay\u0131\u015f\u0131 temelinde K\u00fcrt halk\u0131 olarak demokratik \u00f6zerkli\u011fimizi ilan ediyoruz. demokratik \u00f6zerklik projesinin mimar\u0131 K\u00fcrt halk \u00f6nderi Abdullah \u00d6calan\u2019\u0131n daha fazla katk\u0131 sunmas\u0131 i\u00e7in gerekli ko\u015fullar\u0131n yarat\u0131lmas\u0131n\u0131 istiyoruz. \u00d6zg\u00fcrl\u00fck y\u00fcr\u00fcy\u00fc\u015f\u00fcn\u00fc s\u00fcrd\u00fcren halk\u0131m\u0131za \u00e7a\u011fr\u0131m\u0131zd\u0131r. Hakl\u0131 davam\u0131zda, yitirdi\u011fimiz yi\u011fit evlatlar\u0131m\u0131za ba\u011fl\u0131 kalarak, \u00f6zerklik s\u00fcrecine ba\u011fl\u0131 \u00e7\u0131kmaya, g\u00fc\u00e7lendirmeye davet ediyoruz.<\/p>\n<p style=\"text-align: justify;\">Halk\u0131m\u0131z\u0131n vicdan\u0131 olan, ayd\u0131n, yazar, STK temsilcileri, co\u011frafyalar\u0131m\u0131zda ya\u015fayan herkesi, kendisini demokratik \u00f6zerk K\u00fcrdistanl\u0131 olarak tan\u0131tmaya davet ediyoruz.<\/p>\n<p style=\"text-align: justify;\">Ba\u015fta karde\u015f T\u00fcrkiye halklar\u0131 olmak \u00fczere, t\u00fcm Ortado\u011fu halklar\u0131yla tarihsel ba\u011flar\u0131m\u0131z\u0131 kurmaya davet ediyoruz. karde\u015f T\u00fcrkiye halk\u0131m\u0131za \u00e7a\u011fr\u0131m\u0131zd\u0131r, y\u00fczy\u0131llard\u0131r birlikte ya\u015fam yan\u0131nda, k\u00fcrt halk\u0131n\u0131n \u00f6zg\u00fcrce ya\u015fam \u00f6zlemi temelinde ilan edilen demokratik \u00f6zerkli\u011fe kar\u015f\u0131 sorumlulu\u011fu gere\u011fi dayan\u0131\u015fma i\u00e7inde olmaya \u00e7a\u011f\u0131r\u0131yoruz.<\/p>\n<p style=\"text-align: justify;\">K\u00fcrt halk\u0131n\u0131n t\u00fcm dostlar\u0131m\u0131za \u00e7a\u011fr\u0131m\u0131zd\u0131r. Ac\u0131lar\u0131na oldu\u011fu kadar sevin\u00e7lerine de ortak olan sosyalist demokrat liberal dindar feminist parti kurum ve \u015fahsiyetleri bu gurur verici s\u00fcre\u00e7te halk\u0131m\u0131z\u0131n yan\u0131nda olmaya \u00e7a\u011f\u0131r\u0131yoruz.<\/p>\n<p style=\"text-align: justify;\"><strong>F\u0131rat Haber Ajans\u0131&#8217;nda yer alan haber ise \u015f\u00f6yle:<\/strong><\/p>\n<p style=\"text-align: justify;\">Demokratik Toplum Kongresi&#8217;nin (DTK), K\u00fcrtlerin stat\u00fcs\u00fczl\u00fc\u011fe kar\u015f\u0131 uygulamaya koydu\u011fu Demokratik \u00d6zerkli\u011fin geldi\u011fi a\u015famay\u0131 ve siyasi geli\u015fmelerin tart\u0131\u015f\u0131ld\u0131\u011f\u0131 ola\u011fan\u00fcst\u00fc toplant\u0131 sona erdi.<\/p>\n<p style=\"text-align: justify;\">Demokratik Toplum Kongresi (DTK) Daimi Meclisi&#8217;nin g\u00fcnlerdir tart\u0131\u015f\u0131lan ve \u00f6nemli kararla\u015fmalar\u0131n sa\u011fland\u0131\u011f\u0131 belirtilen ola\u011fan\u00fcst\u00fc toplant\u0131s\u0131 sona erdi. 850 delegenin tamam\u0131n\u0131n eksiksiz kat\u0131ld\u0131\u011f\u0131 toplant\u0131da delegelerin Demokratik \u00d6zerkli\u011fin ilan\u0131na y\u00f6nelik karar ald\u0131.<\/p>\n<p style=\"text-align: justify;\">Sabah saatlerinde BDP Diyarbak\u0131r il binas\u0131nda bulunan Vedat Ayd\u0131n Konferans Salonu&#8217;nda ba\u015flayan ve DTK E\u015fba\u015fkanlar\u0131 Ahmet T\u00fcrk ile Aysel Tu\u011fluk, BDP E\u015f Genel Ba\u015fkanlar\u0131 Hamit Geylani ile Filiz Ko\u00e7ali, t\u00fcm BDP grubu milletvekilleri, belediye ba\u015fkanlar\u0131, sivil toplum \u00f6rg\u00fct\u00fc, kad\u0131n ve gen\u00e7lik temsilcileri, ayd\u0131n, yazar, gazeteci, kanaat \u00f6nderleri ve halk delegelerinin aralar\u0131nda bulundu\u011fu 850 delegenin eksiksiz kat\u0131ld\u0131\u011f\u0131 toplant\u0131 yakla\u015f\u0131k 6 saat s\u00fcrd\u00fc. Daha \u00f6nce DTK&#8217;nin ald\u0131\u011f\u0131 Demokratik \u00d6zerkli\u011fi in\u015fa s\u00fcrecinin ba\u015flat\u0131lmas\u0131, h\u0131zland\u0131r\u0131lmas\u0131 kararlar\u0131ndan sonra delegeler, K\u00fcrt m\u00fccadelesinde \u00f6nemli bir g\u00fcn olan 14 Temmuz&#8217;da Demokratik \u00d6zerkli\u011fin ilan\u0131na y\u00f6nelik karar ald\u0131. Toplant\u0131da al\u0131nan kararlar, \u015fu dakikalarda kamuoyuna a\u00e7\u0131klan\u0131yor.<\/p>\n<p style=\"text-align: justify;\"><a href=\"http:\/\/www.hurriyet.com.tr\/gundem\/18255535.asp?gid=381\" target=\"_blank\">Kaynak : H\u00fcrriyet.com.tr<\/a><\/p>\n<p><center><br \/>\n<a class=\"lightview\" title=\" :: :: width:585, height: 425\" href=\"http:\/\/www.youtube.com\/v\/wKx-B8MokEQ?hl=en_US&amp;fs=1&amp;autoplay=1\" rel=\"set[DTK][flash]\"><img decoding=\"async\" src=\"http:\/\/www.korhanyilmaz.com\/wp-data\/images\/videoizle1.png\" alt=\"\" \/><\/a><\/center><\/p>\n<hr style=\"width: 500px;\" width=\"500\" \/>\n<p style=\"text-align: justify;\"><span style=\"color: #333333;\"><strong><em>DEMOKRAT\u0130K \u00d6ZERKL\u0130K NED\u0130R <\/em><\/strong><\/span><\/p>\n<p style=\"text-align: justify;\"><span style=\"color: #333333;\"><em>Demokratik \u00f6zerklik, bir devlet \u00e7at\u0131s\u0131 alt\u0131nda siyasal egemenli\u011fin de\u011fil ama y\u00f6netim yetkilerinin bir b\u00f6l\u00fcm\u00fcn\u00fcn yerel se\u00e7ilmi\u015f-temsili yap\u0131lara devredilmesidir. <\/em><\/span><\/p>\n<p style=\"text-align: justify;\"><span style=\"color: #333333;\"><em>Bug\u00fcn DTK taraf\u0131ndan ilan edilen, BDP taraf\u0131ndan da benimsenen ve program\u0131nda yer alan \u201cDemokratik \u00d6zerklik\u201din \u00e7er\u00e7evesi, \u015fu \u015fekilde tan\u0131mlan\u0131yor:<\/em><\/span><\/p>\n<p style=\"text-align: justify;\"><span style=\"color: #333333;\"><em>1- T\u00fcrkiye siyasi ve idari yap\u0131s\u0131nda demokratikle\u015fmeyi sa\u011flamak amac\u0131yla k\u00f6kl\u00fc bir reformu \u00f6ng\u00f6r\u00fcr.<\/em><\/span><\/p>\n<p style=\"text-align: justify;\"><span style=\"color: #333333;\"><em>2- Sadece devlet sistemini de\u011fi\u015ftirerek sorunlar\u0131n \u00e7\u00f6z\u00fclemeyece\u011finden hareketle, toplumun \u00f6z yeterlili\u011fini esas al\u0131r.<\/em><\/span><\/p>\n<p style=\"text-align: justify;\"><span style=\"color: #333333;\"><em>3- Sorunlar\u0131n \u00e7\u00f6z\u00fcm\u00fcnde geli\u015ftirilecek y\u00f6ntemler i\u00e7in, yereli g\u00fc\u00e7lendirme, halk\u0131 s\u00f6z ve karar sahibi k\u0131lma felsefesiyle hareket eder.<\/em><\/span><\/p>\n<p style=\"text-align: justify;\"><span style=\"color: #333333;\"><em>4- Halk\u0131n karar s\u00fcre\u00e7lerine d\u00e2hil olmas\u0131 i\u00e7in demokratik kat\u0131l\u0131mc\u0131l\u0131\u011f\u0131 savunur ve t\u00fcm yerel birimlerde meclis sistemini esas al\u0131r. <\/em><\/span><\/p>\n<p style=\"text-align: justify;\"><span style=\"color: #333333;\"><em>5- Salt \u201cEtnik\u201d ve \u201cToprak\u201d temelli \u00f6zerklik anlay\u0131\u015f\u0131 yerine k\u00fclt\u00fcrel farkl\u0131l\u0131klar\u0131n \u00f6zg\u00fcrce ifade edildi\u011fi b\u00f6lgesel ve yerel bir yap\u0131lanmay\u0131 savunur.<\/em><\/span><\/p>\n<p style=\"text-align: justify;\"><span style=\"color: #333333;\"><em>6- \u201cBayrak\u201d ve \u201cResmi Dil\u201d t\u00fcm \u201cT\u00fcrkiye Ulusu\u201d i\u00e7in ge\u00e7erli olmakla birlikte her b\u00f6lge ve \u00f6zerk birimin kendi renkleri ve sembolleriyle demokratik \u00f6z y\u00f6netimini olu\u015fturmas\u0131n\u0131 \u00f6ng\u00f6r\u00fcr.<\/em><\/span><\/p>\n<p style=\"text-align: justify;\"><span style=\"color: #333333;\"><em>7- Demokratik \u00f6zerk y\u00f6netim, \u201cb\u00f6lge meclisi\u201d olarak \u00f6rg\u00fctlenir ve meclislerde g\u00f6rev alan ki\u015filer de \u201cb\u00f6lge meclis temsilcisi\u201d olarak tan\u0131mlan\u0131r. Meclis hem meclis ba\u015fkan\u0131n\u0131 hem de g\u00f6revli oldu\u011fu alandaki i\u015fleri y\u00fcr\u00fctecek y\u00fcr\u00fctme kurulu \u00fcyelerini ayr\u0131 ayr\u0131 se\u00e7er. Ba\u015fkan ve y\u00fcr\u00fctme kurulu \u00fcyelerinin, meclisin ald\u0131\u011f\u0131 kararlar\u0131n icras\u0131ndan sorumlu olmalar\u0131 \u00f6ng\u00f6r\u00fcl\u00fcr.<\/em><\/span><\/p>\n<p style=\"text-align: justify;\"><span style=\"color: #333333;\"><em>8- B\u00f6lgelerin her biri o b\u00f6lgenin \u00f6zel ad\u0131 veya b\u00f6lge meclisinin yetki s\u0131n\u0131rlar\u0131 i\u00e7inde bulunan en b\u00fcy\u00fck ilin ad\u0131yla an\u0131lacakt\u0131r.<\/em><\/span><\/p>\n<p style=\"text-align: justify;\"><span style=\"color: #333333;\"><em>9- Demokratik \u00f6zerklik modelinde il valileri, hem merkezi h\u00fck\u00fcmetin hem de b\u00f6lge y\u00fcr\u00fctme kurulunun ald\u0131\u011f\u0131 kararlar\u0131 uygulamakla g\u00f6revlidir. Bakanl\u0131klar\u0131n ta\u015fra te\u015fkilatlar\u0131 da ayn\u0131 prosed\u00fcre tabi olacaklard\u0131r. \u0130l Genel Meclisleri, Belediye ve Muhtarl\u0131klar gibi di\u011fer idari yap\u0131lar varl\u0131\u011f\u0131n\u0131 korumaya devam edeceklerdir.\u201d <\/em><\/span><\/p>\n<p style=\"text-align: justify;\"><span style=\"color: #333333;\"><strong><em>AVRUPA&#8217;DA \u00d6ZERK B\u00d6LGELER <\/em><\/strong><\/span><\/p>\n<p style=\"text-align: justify;\"><span style=\"color: #333333;\"><em>Avrupa&#8217;da resmi a\u00e7\u0131dan tan\u0131nm\u0131\u015f, \u00f6zerklik dereceleri ve bi\u00e7imleri birbirinden farkl\u0131 bir\u00e7ok \u00f6zerk b\u00f6lge bulunuyor: Finlandiya&#8217;n\u0131n Aland Adalar\u0131, Danimarka&#8217;n\u0131n Faroe Adalar\u0131, \u0130spanya&#8217;da Gali\u00e7ya, Bask ve Katalunya&#8217;n\u0131n \u00f6ne \u00e7\u0131kt\u0131\u011f\u0131 ayr\u0131 \u00f6zerklik dereceleri bulunan 17 ayr\u0131 b\u00f6lge, 1707 y\u0131l\u0131ndan sonra ilk kez 1999 y\u0131l\u0131nda kendi parlamentosunu se\u00e7en \u0130sko\u00e7ya, \u0130talya&#8217;da \u00f6zerk konumu bulunan \u00fclkenin vergi gelirleri a\u00e7\u0131s\u0131ndan en zengin b\u00f6lgesi G\u00fcney Tirol, Portekiz&#8217;de Azor Adalar\u0131 ve Madeira, Bel\u00e7ika&#8217;da \u00fcniter devlet stat\u00fcs\u00fcnden federal sisteme ge\u00e7ilmesiyle tan\u0131nan ancak Valon ve Flamanlarla e\u015fit stat\u00fcde olmayan Alman B\u00f6lgesi, Moldovya&#8217;da Gagavuz b\u00f6lgesi, Ukrayna&#8217;da K\u0131r\u0131m.<\/em><\/span><\/p>\n","protected":false},"excerpt":{"rendered":"<p style=\"text-align: center;\">\n<p style=\"text-align: justify;\">Demokratik Toplum Kongresi Diyarbak\u0131r&#8217;da Demokratik \u00d6zerklik \u0130lan Belgesini a\u00e7\u0131klad\u0131. DTK toplant\u0131s\u0131 sonras\u0131 a\u00e7\u0131klama yapan DTK E\u015fba\u015fkan\u0131 Aysel Tu\u011fluk, Demokratik \u00f6zerkli\u011fi ilan ettiklerini a\u00e7\u0131klad\u0131.<\/p>\n","protected":false},"author":1,"featured_media":0,"comment_status":"open","ping_status":"open","sticky":false,"template":"","format":"standard","meta":{"footnotes":""},"categories":[105],"tags":[],"class_list":["post-36808","post","type-post","status-publish","format-standard","hentry","category-gundem","odd"],"_links":{"self":[{"href":"http:\/\/www.korhanyilmaz.com\/index.php?rest_route=\/wp\/v2\/posts\/36808","targetHints":{"allow":["GET"]}}],"collection":[{"href":"http:\/\/www.korhanyilmaz.com\/index.php?rest_route=\/wp\/v2\/posts"}],"about":[{"href":"http:\/\/www.korhanyilmaz.com\/index.php?rest_route=\/wp\/v2\/types\/post"}],"author":[{"embeddable":true,"href":"http:\/\/www.korhanyilmaz.com\/index.php?rest_route=\/wp\/v2\/users\/1"}],"replies":[{"embeddable":true,"href":"http:\/\/www.korhanyilmaz.com\/index.php?rest_route=%2Fwp%2Fv2%2Fcomments&post=36808"}],"version-history":[{"count":0,"href":"http:\/\/www.korhanyilmaz.com\/index.php?rest_route=\/wp\/v2\/posts\/36808\/revisions"}],"wp:attachment":[{"href":"http:\/\/www.korhanyilmaz.com\/index.php?rest_route=%2Fwp%2Fv2%2Fmedia&parent=36808"}],"wp:term":[{"taxonomy":"category","embeddable":true,"href":"http:\/\/www.korhanyilmaz.com\/index.php?rest_route=%2Fwp%2Fv2%2Fcategories&post=36808"},{"taxonomy":"post_tag","embeddable":true,"href":"http:\/\/www.korhanyilmaz.com\/index.php?rest_route=%2Fwp%2Fv2%2Ftags&post=36808"}],"curies":[{"name":"wp","href":"https:\/\/api.w.org\/{rel}","templated":true}]}}