{"id":36803,"date":"2011-07-14T19:52:11","date_gmt":"2011-07-14T16:52:11","guid":{"rendered":"http:\/\/www.korhanyilmaz.com\/?p=36803"},"modified":"2011-07-14T19:58:56","modified_gmt":"2011-07-14T16:58:56","slug":"hain-saldiriya-cok-sert-tepkiler","status":"publish","type":"post","link":"http:\/\/www.korhanyilmaz.com\/?p=36803","title":{"rendered":"Hain sald\u0131r\u0131ya \u00e7ok sert tepkiler"},"content":{"rendered":"<p style=\"text-align: justify;\">13 askerin \u015fehit oldu\u011fu 7 askerin ise yaraland\u0131\u011f\u0131 sald\u0131r\u0131ya \u00e7ok sert tepkiler geldi. TBMM Ba\u015fkan\u0131 Cemil \u00c7i\u00e7ek, &#8220;art\u0131k herkesin saf\u0131n\u0131 iyi belirlemesi laz\u0131m. Ya demokrasiden yana olaca\u011f\u0131z ya da bu t\u00fcrl\u00fc kan ve kin kusanlarla beraber olaca\u011f\u0131z&#8221; dedi. <!--more--><\/p>\n<p style=\"text-align: justify;\"><strong>TBMM Ba\u015fkan\u0131 Cemil \u00c7i\u00e7ek<\/strong>, Diyarbak\u0131r&#8217;daki ter\u00f6r sald\u0131r\u0131s\u0131na ili\u015fkin olarak, &#8220;Bir taraftan demokrasi, bir taraftan bar\u0131\u015f ve \u00f6zg\u00fcrl\u00fck ama \u00f6b\u00fcr tarafta da kan, kin ve vah\u015fet&#8230; Art\u0131k herkesin saf\u0131n\u0131 iyi belirlemesi laz\u0131m. Ya demokrasiden yana olaca\u011f\u0131z ya da bu t\u00fcrl\u00fc kan ve kin kusanlarla beraber olaca\u011f\u0131z&#8221; dedi.<\/p>\n<p style=\"text-align: justify;\">\u00c7i\u00e7ek, TBMM&#8217;de gazetecilerin sorular\u0131 \u00fczerine, Diyarbak\u0131r&#8217;da 13 askerin \u015fehit olmas\u0131yla sonu\u00e7lanan ter\u00f6r sald\u0131r\u0131s\u0131n\u0131 de\u011ferlendirdi.<\/p>\n<p style=\"text-align: justify;\">&#8220;B\u00f6yle vah\u015fi bir olay\u0131, bug\u00fcn bu vesileyle \u00f6\u011frenmi\u015f olduk&#8221; diyen \u00c7i\u00e7ek, T\u00fcrkiye&#8217;nin bir ter\u00f6r belas\u0131 bulundu\u011funu s\u00f6yledi. Cemil \u00c7i\u00e7ek, &#8220;Bir taraftan demokrasi, bir taraftan bar\u0131\u015f ve \u00f6zg\u00fcrl\u00fck ama \u00f6b\u00fcr tarafta da kan, kin ve vah\u015fet&#8230; Art\u0131k herkesin saf\u0131n\u0131 iyi belirlemesi laz\u0131m. Ya demokrasiden yana olaca\u011f\u0131z ya da bu t\u00fcrl\u00fc kan ve kin kusanlarla beraber olaca\u011f\u0131z&#8221; diye konu\u015ftu.<\/p>\n<p style=\"text-align: justify;\">\u015eehitlere Allah&#8217;tan rahmet, yaral\u0131lara acil \u015fifalar dile\u011finde bulunan \u00c7i\u00e7ek, \u015f\u00f6yle devam etti: &#8220;Milletimizin, hepimizin ba\u015f\u0131 sa\u011folsun. Temenni ederim ki bu son \u00fcz\u00fcc\u00fc olay olsun ama maalesef T\u00fcrkiye geli\u015ftik\u00e7e, b\u00fcy\u00fcd\u00fck\u00e7e, b\u00f6lgesinde s\u00f6z sahibi olduk\u00e7a bundan rahats\u0131z olanlar var. Bu rahats\u0131z olanlar\u0131n kulland\u0131\u011f\u0131 en uygun enstr\u00fcman da ter\u00f6r \u00f6rg\u00fct\u00fcd\u00fcr. Hep ifade ettim ki bu ter\u00f6r \u00f6rg\u00fct\u00fc, hi\u00e7bir zaman K\u00fcrt vatanda\u015flar\u0131m\u0131z\u0131 o b\u00f6lgenin insanlar\u0131n\u0131 temsil etmiyor. Bunlar uluslararas\u0131 g\u00fc\u00e7lerin menfaatine hizmet eden, onun i\u00e7in kan d\u00f6ken, kin kusan, bir vah\u015fet \u00f6rg\u00fct\u00fc. Bunu art\u0131k hepimizin, herkesin \u00e7ok daha iyi anlamas\u0131 laz\u0131m. Herkesin de saf\u0131n\u0131 bu manada \u00e7ok daha iyi netle\u015ftirmesi gerekiyor. Zannediyorum bu konu ile ilgili \u00e7ok y\u00f6nl\u00fc de\u011ferlendirme yap\u0131l\u0131yor, yap\u0131lacak.&#8221;<\/p>\n<p style=\"text-align: justify;\">\u00c7i\u00e7ek, bir gazetecinin, &#8220;Bug\u00fcn BDP&#8217;liler ile g\u00f6r\u00fc\u015fme vard\u0131. Bir uzla\u015fma sa\u011flanamad\u0131 ama yemin edilebilir gibi mesajlar da veriliyordu&#8221; s\u00f6zleri \u00fczerine, &#8220;Herkesin olup bitenlerden ders \u00e7\u0131karmas\u0131 ve nas\u0131l kullan\u0131ld\u0131\u011f\u0131n\u0131 herkesin \u00e7ok iyi anlamas\u0131 laz\u0131m. Bu geli\u015fmelerden hi\u00e7 kimse fayda umamaz. Bu geli\u015fmelerden bu topraklarda ya\u015fayan 74 milyon insan\u0131n menfaati olamaz&#8221; \u015feklinde konu\u015ftu.<\/p>\n<p style=\"text-align: justify;\">Bu tip eylemlerin ba\u015fkas\u0131n\u0131n menfaatine hizmet etti\u011fini vurgulayan \u00c7i\u00e7ek, &#8220;\u0130n\u015fallah akl\u0131na ba\u015f\u0131na almayanlar varsa o manada bu son \u00fcz\u00fcc\u00fc olay herkesin akl\u0131na ba\u015f\u0131na getirir ve saf\u0131n\u0131 tercih eder. Ya demokrasiden yana haktan hukuktan yana olacak ya da kan ve kin kusan tarafta olacak&#8221; dedi.<\/p>\n<p style=\"text-align: justify;\"><strong>K\u0131l\u0131\u00e7daro\u011flu: &#8220;AKP kimlerle konu\u015ftu?&#8221;<\/strong><\/p>\n<p style=\"text-align: justify;\"><strong>CHP Genel Ba\u015fkan\u0131 Kemal K\u0131l\u0131\u00e7daro\u011flu<\/strong>, yay\u0131mlad\u0131\u011f\u0131 mesajda Diyarbak\u0131r&#8217;da meydana gelen ter\u00f6r sald\u0131r\u0131s\u0131nda \u015fehit olan askerlere Allah&#8217;tan rahmet, aileleriyle ve Genelkurmay Ba\u015fkan\u0131 Orgeneral I\u015f\u0131k Ko\u015faner&#8217;e ba\u015fsa\u011fl\u0131\u011f\u0131 diledi.<\/p>\n<p style=\"text-align: justify;\">Olay\u0131 b\u00fcy\u00fck bir \u00fcz\u00fcnt\u00fcyle \u00f6\u011frendi\u011fini belirten K\u0131l\u0131\u00e7daro\u011flu, mesaj\u0131nda \u015funlar\u0131 kaydetti: &#8220;\u00d6zellikle belirtmek istiyorum ki, ter\u00f6r bir insanl\u0131k su\u00e7udur. Ter\u00f6rle bir yere var\u0131lamayaca\u011f\u0131, herhangi bir sonu\u00e7 al\u0131namayaca\u011f\u0131 \u00e7a\u011fda\u015f d\u00fcnyan\u0131n kabul etti\u011fi bir ger\u00e7ektir. Bu s\u00fcre\u00e7te \u00f6nemli olan AKP H\u00fck\u00fcmeti&#8217;nin ter\u00f6rle m\u00fccadele konusunda ne yapt\u0131\u011f\u0131, hangi ad\u0131mlar\u0131 att\u0131\u011f\u0131d\u0131r. Israrla belirtti\u011fimiz gibi, ba\u015fta anamuhalefet olmak \u00fczere milli iradenin tecelligah\u0131 TBMM ve kamuoyu AKP&#8217;nin kimlerle neleri konu\u015ftu\u011funu, neyin pazarl\u0131\u011f\u0131n\u0131n yap\u0131ld\u0131\u011f\u0131n\u0131 bilmemektedir. H\u00fck\u00fcmet zaman ge\u00e7irmeden ter\u00f6rle m\u00fccadele konusunda ne yapt\u0131\u011f\u0131n\u0131, ne yapmak istedi\u011fini a\u00e7\u0131kl\u0131kla ortaya koymal\u0131 ve kamuoyunu bilgilendirmelidir. Ter\u00f6r\u00fc ve bug\u00fcn hepimizi derinden \u00fczen ter\u00f6rist sald\u0131r\u0131y\u0131 \u015fiddetle k\u0131narken, \u015fehitlerimize rahmet, ailelerine ve Genelkurmay Ba\u015fkan\u0131 Orgeneral I\u015f\u0131k Ko\u015faner&#8217;in \u015fahs\u0131nda T\u00fcrk Silahl\u0131 Kuvvetlerine ba\u015fsa\u011fl\u0131\u011f\u0131, yaral\u0131 askerlerimize de acil \u015fifalar dilerim.&#8221;<\/p>\n<p style=\"text-align: justify;\"><strong>Saadet Partisi Genel Ba\u015fkan\u0131 Mustafa Kamalak<\/strong>, Diyarbak\u0131r&#8217;daki ter\u00f6r sald\u0131r\u0131s\u0131na ili\u015fkin &#8220;As\u0131l hedef ta\u015feron ter\u00f6r \u00f6rg\u00fct\u00fc eliyle milletimiz aras\u0131nda kin ve nefret tohumlar\u0131 olu\u015fturmak, bu yolla karde\u015flik ortam\u0131n\u0131 sabote etmek ve \u00fclkemizi istikrars\u0131zl\u0131\u011fa s\u00fcr\u00fcklemektir. Ancak bu al\u00e7ak\u00e7a planlar\u0131 yapanlar ve onlar\u0131n tetik\u00e7ili\u011fine soyunanlar \u015funu bilmelidir ki, hi\u00e7bir zaman bu hedeflerine ula\u015famayacaklard\u0131r&#8221; a\u00e7\u0131klamas\u0131nda bulundu.<\/p>\n<p style=\"text-align: justify;\"><strong>DSP Genel Ba\u015fkan\u0131 Masum T\u00fcrker<\/strong>, yay\u0131mlad\u0131\u011f\u0131 ba\u015fsa\u011fl\u0131\u011f\u0131 mesaj\u0131nda, &#8220;Son g\u00fcnlerde siyasette ya\u015fanan gerginlik ter\u00f6r\u00fc azd\u0131rm\u0131\u015ft\u0131r&#8221; dedi. T\u00fcrker, mesaj\u0131nda Diyarbak\u0131r&#8217;dan gelen \u015fehit haberinin herkesi derinden yaralad\u0131\u011f\u0131n\u0131 belirterek sald\u0131r\u0131y\u0131 k\u0131nad\u0131 ve \u015fehitlerin ailelerine, yak\u0131nlar\u0131na, T\u00fcrk Silahl\u0131 Kuvvetlerine, T\u00fcrk milletine ba\u015fsa\u011fl\u0131\u011f\u0131, \u015fehitlere rahmet, yaral\u0131 askerlere acil \u015fifalar diledi.<\/p>\n<p style=\"text-align: justify;\">T\u00fcrker, mesaj\u0131nda \u015funlar\u0131 kaydetti: &#8220;Son g\u00fcnlerde siyasette ya\u015fanan gerginlik ter\u00f6r\u00fc azd\u0131rm\u0131\u015ft\u0131r. Siyasi gerginlikler nedeniyle ya\u015fanan y\u00f6netim zafiyeti \u00fclkemizi bu noktaya ta\u015f\u0131m\u0131\u015ft\u0131r. Ter\u00f6r ile herhangi bir sonucun al\u0131namayaca\u011f\u0131n\u0131 ter\u00f6r \u00f6rg\u00fct\u00fc de bunlara destek olanlar da ter\u00f6re g\u00f6z yumanlar da bilmelidir. Hain ter\u00f6r\u00fc tekrar \u015fiddetle k\u0131n\u0131yor ve \u00fclkeyi y\u00f6netenleri sorumluluklar\u0131n\u0131 yerine getirmeye davet ediyoruz.&#8221;<\/p>\n<p style=\"text-align: justify;\"><a href=\"http:\/\/www.cnnturk.com\/2011\/turkiye\/07\/14\/hain.saldiriya.cok.sert.tepkiler\/622958.0\/index.html\" target=\"_blank\">Kaynak : CNN T\u00dcRK<\/a><\/p>\n","protected":false},"excerpt":{"rendered":"<p style=\"text-align: justify;\">13 askerin \u015fehit oldu\u011fu 7 askerin ise yaraland\u0131\u011f\u0131 sald\u0131r\u0131ya \u00e7ok sert tepkiler geldi. TBMM Ba\u015fkan\u0131 Cemil \u00c7i\u00e7ek, &#8220;art\u0131k herkesin saf\u0131n\u0131 iyi belirlemesi laz\u0131m. Ya demokrasiden yana olaca\u011f\u0131z ya da bu t\u00fcrl\u00fc kan ve kin kusanlarla beraber olaca\u011f\u0131z&#8221; dedi. <\/p>\n","protected":false},"author":1,"featured_media":0,"comment_status":"open","ping_status":"open","sticky":false,"template":"","format":"standard","meta":{"footnotes":""},"categories":[105],"tags":[],"class_list":["post-36803","post","type-post","status-publish","format-standard","hentry","category-gundem","odd"],"_links":{"self":[{"href":"http:\/\/www.korhanyilmaz.com\/index.php?rest_route=\/wp\/v2\/posts\/36803","targetHints":{"allow":["GET"]}}],"collection":[{"href":"http:\/\/www.korhanyilmaz.com\/index.php?rest_route=\/wp\/v2\/posts"}],"about":[{"href":"http:\/\/www.korhanyilmaz.com\/index.php?rest_route=\/wp\/v2\/types\/post"}],"author":[{"embeddable":true,"href":"http:\/\/www.korhanyilmaz.com\/index.php?rest_route=\/wp\/v2\/users\/1"}],"replies":[{"embeddable":true,"href":"http:\/\/www.korhanyilmaz.com\/index.php?rest_route=%2Fwp%2Fv2%2Fcomments&post=36803"}],"version-history":[{"count":0,"href":"http:\/\/www.korhanyilmaz.com\/index.php?rest_route=\/wp\/v2\/posts\/36803\/revisions"}],"wp:attachment":[{"href":"http:\/\/www.korhanyilmaz.com\/index.php?rest_route=%2Fwp%2Fv2%2Fmedia&parent=36803"}],"wp:term":[{"taxonomy":"category","embeddable":true,"href":"http:\/\/www.korhanyilmaz.com\/index.php?rest_route=%2Fwp%2Fv2%2Fcategories&post=36803"},{"taxonomy":"post_tag","embeddable":true,"href":"http:\/\/www.korhanyilmaz.com\/index.php?rest_route=%2Fwp%2Fv2%2Ftags&post=36803"}],"curies":[{"name":"wp","href":"https:\/\/api.w.org\/{rel}","templated":true}]}}