{"id":36799,"date":"2011-07-14T19:45:21","date_gmt":"2011-07-14T16:45:21","guid":{"rendered":"http:\/\/www.korhanyilmaz.com\/?p=36799"},"modified":"2011-07-14T19:50:31","modified_gmt":"2011-07-14T16:50:31","slug":"demirtastan-aciklama","status":"publish","type":"post","link":"http:\/\/www.korhanyilmaz.com\/?p=36799","title":{"rendered":"Demirta\u015f&#8217;tan a\u00e7\u0131klama"},"content":{"rendered":"<p style=\"text-align: justify;\"><a href=\"http:\/\/www.korhanyilmaz.com\/wp-content\/uploads\/2011\/07\/1564.jpg\"  class=\"lightview\"><img loading=\"lazy\" decoding=\"async\" class=\"aligncenter size-full wp-image-36800\" title=\"\" src=\"http:\/\/www.korhanyilmaz.com\/wp-content\/uploads\/2011\/07\/1564.jpg\" alt=\"\" width=\"288\" height=\"200\" \/><\/a><\/p>\n<p style=\"text-align: justify;\">Bar\u0131\u015f ve Demokrasi Partisi (BDP) Grup Ba\u015fkan\u0131 Selahattin Demirta\u015f, Diyarbak\u0131r&#8217;in Silvan il\u00e7esi k\u0131rsal\u0131nda \u00e7\u0131kan \u00e7at\u0131\u015fmaya ili\u015fkin, &#8220;Her \u015feyden \u00f6nce \u00e7ok \u00fczg\u00fcn oldu\u011fumuzu belirtmek isterim. Ya\u015fam\u0131n\u0131 yitiren gen\u00e7lere Allah&#8217;tan rahmet, yak\u0131nlar\u0131na ba\u015f sa\u011fl\u0131\u011f\u0131 diliyorum&#8221; dedi. <!--more--><\/p>\n<p style=\"text-align: justify;\">Demirta\u015f, Demokratik Toplum Kongresi (DTK) toplant\u0131s\u0131nda bas\u0131n mensuplar\u0131n\u0131n Silvan il\u00e7esinde g\u00fcvenlik g\u00fc\u00e7leri ile ter\u00f6ristler aras\u0131nda \u00e7\u0131kan \u00e7at\u0131\u015fmaya ili\u015fkin sorular\u0131n\u0131 yan\u0131tlad\u0131.<\/p>\n<p style=\"text-align: justify;\">Olay\u0131 bas\u0131ndan duyduklar\u0131n\u0131 ifade eden Demirta\u015f, \u015f\u00f6yle konu\u015ftu: &#8220;\u00c7at\u0131\u015fmada 13 askerin hayat\u0131n\u0131 kaybetmi\u015f, yaral\u0131lar oldu\u011fu s\u00f6yleniyor. Her \u015feyden \u00f6nce \u00e7ok \u00fczg\u00fcn oldu\u011fumuzu belirtmek isterim. Ya\u015fam\u0131n\u0131 yitiren gen\u00e7lere Allah&#8217;tan rahmet, yak\u0131nlar\u0131na ba\u015f sa\u011fl\u0131\u011f\u0131 diliyorum. T\u00fcrkiye&#8217;de bug\u00fcne kadar bu mesele y\u00fcz\u00fcnden, K\u00fcrt sorunu y\u00fcz\u00fcnden ya\u015fanan \u00e7at\u0131\u015fmalarda yitirdi\u011fimiz her gen\u00e7 T\u00fcrkiye&#8217;nin de\u011feridir. Ortak paydas\u0131d\u0131r, ortak ac\u0131s\u0131d\u0131r. Siyasetin \u00e7\u00f6z\u00fcm bulmamas\u0131, siyasetin cesaretsizli\u011finin bedelini bug\u00fcn gen\u00e7ler \u00f6d\u00fcyorlar. \u00c7ok ac\u0131 bir durumdur. B\u00fct\u00fcn bu olup bitenler de, T\u00fcrkiye&#8217;de siyaset kanallar\u0131n\u0131n \u00e7\u00f6z\u00fcm \u00fcretmek yerine, siyaset kanallar\u0131n\u0131 t\u0131kayarak, siyaset kanallar\u0131n\u0131 \u00e7\u00f6z\u00fcms\u00fczl\u00fc\u011fe iterek, \u00e7\u00f6z\u00fcms\u00fczl\u00fck politikalar\u0131n\u0131 \u00fcreten ba\u015fta siyaset\u00e7iler siyaset\u00e7iler sorumludur. Umut ediyorum bu son ac\u0131 olur.&#8221;<\/p>\n<p style=\"text-align: justify;\"><a href=\"http:\/\/www.cnnturk.com\/2011\/turkiye\/07\/14\/demirtastan.aciklama\/622957.0\/index.html\" target=\"_blank\">Kaynak : CNN T\u00dcRK<\/a><\/p>\n","protected":false},"excerpt":{"rendered":"<p style=\"text-align: justify;\">\n<p style=\"text-align: justify;\">Bar\u0131\u015f ve Demokrasi Partisi (BDP) Grup Ba\u015fkan\u0131 Selahattin Demirta\u015f, Diyarbak\u0131r&#8217;in Silvan il\u00e7esi k\u0131rsal\u0131nda \u00e7\u0131kan \u00e7at\u0131\u015fmaya ili\u015fkin, &#8220;Her \u015feyden \u00f6nce \u00e7ok \u00fczg\u00fcn oldu\u011fumuzu belirtmek isterim. Ya\u015fam\u0131n\u0131 yitiren gen\u00e7lere Allah&#8217;tan rahmet, yak\u0131nlar\u0131na ba\u015f sa\u011fl\u0131\u011f\u0131 diliyorum&#8221; dedi. <\/p>\n","protected":false},"author":1,"featured_media":0,"comment_status":"open","ping_status":"open","sticky":false,"template":"","format":"standard","meta":{"footnotes":""},"categories":[105],"tags":[],"class_list":["post-36799","post","type-post","status-publish","format-standard","hentry","category-gundem","odd"],"_links":{"self":[{"href":"http:\/\/www.korhanyilmaz.com\/index.php?rest_route=\/wp\/v2\/posts\/36799","targetHints":{"allow":["GET"]}}],"collection":[{"href":"http:\/\/www.korhanyilmaz.com\/index.php?rest_route=\/wp\/v2\/posts"}],"about":[{"href":"http:\/\/www.korhanyilmaz.com\/index.php?rest_route=\/wp\/v2\/types\/post"}],"author":[{"embeddable":true,"href":"http:\/\/www.korhanyilmaz.com\/index.php?rest_route=\/wp\/v2\/users\/1"}],"replies":[{"embeddable":true,"href":"http:\/\/www.korhanyilmaz.com\/index.php?rest_route=%2Fwp%2Fv2%2Fcomments&post=36799"}],"version-history":[{"count":0,"href":"http:\/\/www.korhanyilmaz.com\/index.php?rest_route=\/wp\/v2\/posts\/36799\/revisions"}],"wp:attachment":[{"href":"http:\/\/www.korhanyilmaz.com\/index.php?rest_route=%2Fwp%2Fv2%2Fmedia&parent=36799"}],"wp:term":[{"taxonomy":"category","embeddable":true,"href":"http:\/\/www.korhanyilmaz.com\/index.php?rest_route=%2Fwp%2Fv2%2Fcategories&post=36799"},{"taxonomy":"post_tag","embeddable":true,"href":"http:\/\/www.korhanyilmaz.com\/index.php?rest_route=%2Fwp%2Fv2%2Ftags&post=36799"}],"curies":[{"name":"wp","href":"https:\/\/api.w.org\/{rel}","templated":true}]}}