{"id":36790,"date":"2011-07-14T18:15:00","date_gmt":"2011-07-14T15:15:00","guid":{"rendered":"http:\/\/www.korhanyilmaz.com\/?p=36790"},"modified":"2011-07-14T18:21:46","modified_gmt":"2011-07-14T15:21:46","slug":"diyarbakirda-catisma-13-sehit","status":"publish","type":"post","link":"http:\/\/www.korhanyilmaz.com\/?p=36790","title":{"rendered":"Diyarbak\u0131r&#8217;da \u00e7at\u0131\u015fma: 13 \u015fehit"},"content":{"rendered":"<p style=\"text-align: center;\"><a href=\"http:\/\/www.korhanyilmaz.com\/wp-content\/uploads\/2011\/07\/110714-12sehit.jpg\"  class=\"lightview\"><img loading=\"lazy\" decoding=\"async\" class=\"aligncenter size-full wp-image-36791\" src=\"http:\/\/www.korhanyilmaz.com\/wp-content\/uploads\/2011\/07\/110714-12sehit.jpg\" alt=\"\" width=\"462\" height=\"144\" \/><\/a><\/p>\n<p style=\"text-align: justify;\">Diyarbak\u0131r\u2019\u0131n Silvan il\u00e7esinde \u00e7\u0131kan \u00e7at\u0131\u015fmada 13 asker \u015fehit oldu, 2&#8217;si a\u011f\u0131r 7 asker yaral\u0131. PKK ilk kez g\u00fcnd\u00fcz pusu kurdu.<\/p>\n<p style=\"text-align: justify;\">D\u0130YARBAKIR &#8211; Diyarbak\u0131r&#8217;\u0131n Silvan k\u0131rsal\u0131nda arama-tarama faaliyeti y\u00fcr\u00fcten askeri birli\u011fe ter\u00f6r \u00f6rg\u00fct\u00fc PKK&#8217;n\u0131n pusu kurmas\u0131yla \u00e7at\u0131\u015fma ya\u015fand\u0131.<\/p>\n<p style=\"text-align: justify;\">Dolapdere k\u00f6y\u00fc mevkiindeki pusuda a\u00e7\u0131lan ilk ate\u015f sonras\u0131nda 13 asker \u015fehit olurken, 2&#8217;si a\u011f\u0131r 7 asker yaraland\u0131. <!--more--><\/p>\n<p style=\"text-align: justify;\">\u00d6\u011fle saatlerinde ba\u015flayan \u00e7at\u0131\u015fmalar\u0131n yer yer devam etti\u011fi bildiriliyor.<\/p>\n<p style=\"text-align: justify;\">B\u00f6lgede son d\u00f6nemde meydana gelen en b\u00fcy\u00fck \u00e7at\u0131\u015fmalardan biri ya\u015fan\u0131yor. B\u00f6lgeye takviye ekipler sevk edildi.<\/p>\n<p style=\"text-align: justify;\">PKK&#8217;n\u0131n tek tarafl\u0131 eylemsizlik s\u00fcreci ba\u015flatmas\u0131ndan sonra yap\u0131lan en b\u00fcy\u00fck sald\u0131r\u0131 meydana geldi.<\/p>\n<p style=\"text-align: justify;\"><strong>PKK \u0130LK KEZ G\u00dcND\u00dcZ SALDIRDI<\/strong><\/p>\n<p style=\"text-align: justify;\">PKK&#8217;n\u0131n sald\u0131r\u0131s\u0131 bir ilk olma \u00f6zelli\u011fini ta\u015f\u0131yor. Genelde bu tarz sald\u0131r\u0131lar\u0131 gece yar\u0131s\u0131 yapan PKK, ilk kez g\u00fcnd\u00fcz b\u00f6yle bir sald\u0131r\u0131 yapm\u0131\u015f oldu.<\/p>\n<p style=\"text-align: justify;\"><strong>ANKARA&#8217;DA TER\u00d6R Z\u0130RVES\u0130<\/strong><\/p>\n<p style=\"text-align: justify;\">\u015eehit haberinin gelmesiyle Ankara&#8217;da hareketli saatler ya\u015fan\u0131yor.<\/p>\n<p style=\"text-align: justify;\">\u0130stanbul program\u0131n\u0131 iptal eden Ba\u015fbakan Tayyip Erdo\u011fan, Ba\u015fbakan Yard\u0131mc\u0131s\u0131 Be\u015fir Atalay, \u0130\u00e7i\u015fleri Bakan\u0131 \u0130dris Naim \u015eahin, Genelkurmay Ba\u015fkan\u0131 Orgeneral Ko\u015faner ve Milli \u0130stihbarat Te\u015fkilat\u0131 M\u00fcste\u015far\u0131 Hakan Fidan Ba\u015fbakanl\u0131k&#8217;ta bir toplant\u0131 ger\u00e7ekle\u015ftiriyor.<\/p>\n<p style=\"text-align: justify;\"><a href=\"http:\/\/www.ntvmsnbc.com\/id\/25232300\/\" target=\"_blank\">Kaynak : NTVMSNBC<\/a><\/p>\n","protected":false},"excerpt":{"rendered":"<p style=\"text-align: center;\">\n<p style=\"text-align: justify;\">Diyarbak\u0131r\u2019\u0131n Silvan il\u00e7esinde \u00e7\u0131kan \u00e7at\u0131\u015fmada 13 asker \u015fehit oldu, 2&#8217;si a\u011f\u0131r 7 asker yaral\u0131. PKK ilk kez g\u00fcnd\u00fcz pusu kurdu.<\/p>\n<p style=\"text-align: justify;\">D\u0130YARBAKIR &#8211; Diyarbak\u0131r&#8217;\u0131n Silvan k\u0131rsal\u0131nda arama-tarama faaliyeti y\u00fcr\u00fcten askeri birli\u011fe ter\u00f6r \u00f6rg\u00fct\u00fc PKK&#8217;n\u0131n pusu kurmas\u0131yla \u00e7at\u0131\u015fma ya\u015fand\u0131.<\/p>\n<p style=\"text-align: justify;\">Dolapdere k\u00f6y\u00fc mevkiindeki pusuda a\u00e7\u0131lan ilk ate\u015f sonras\u0131nda 13 <\/p>\n","protected":false},"author":1,"featured_media":0,"comment_status":"open","ping_status":"open","sticky":false,"template":"","format":"standard","meta":{"footnotes":""},"categories":[105],"tags":[],"class_list":["post-36790","post","type-post","status-publish","format-standard","hentry","category-gundem","odd"],"_links":{"self":[{"href":"http:\/\/www.korhanyilmaz.com\/index.php?rest_route=\/wp\/v2\/posts\/36790","targetHints":{"allow":["GET"]}}],"collection":[{"href":"http:\/\/www.korhanyilmaz.com\/index.php?rest_route=\/wp\/v2\/posts"}],"about":[{"href":"http:\/\/www.korhanyilmaz.com\/index.php?rest_route=\/wp\/v2\/types\/post"}],"author":[{"embeddable":true,"href":"http:\/\/www.korhanyilmaz.com\/index.php?rest_route=\/wp\/v2\/users\/1"}],"replies":[{"embeddable":true,"href":"http:\/\/www.korhanyilmaz.com\/index.php?rest_route=%2Fwp%2Fv2%2Fcomments&post=36790"}],"version-history":[{"count":0,"href":"http:\/\/www.korhanyilmaz.com\/index.php?rest_route=\/wp\/v2\/posts\/36790\/revisions"}],"wp:attachment":[{"href":"http:\/\/www.korhanyilmaz.com\/index.php?rest_route=%2Fwp%2Fv2%2Fmedia&parent=36790"}],"wp:term":[{"taxonomy":"category","embeddable":true,"href":"http:\/\/www.korhanyilmaz.com\/index.php?rest_route=%2Fwp%2Fv2%2Fcategories&post=36790"},{"taxonomy":"post_tag","embeddable":true,"href":"http:\/\/www.korhanyilmaz.com\/index.php?rest_route=%2Fwp%2Fv2%2Ftags&post=36790"}],"curies":[{"name":"wp","href":"https:\/\/api.w.org\/{rel}","templated":true}]}}