{"id":36786,"date":"2011-07-14T17:08:10","date_gmt":"2011-07-14T14:08:10","guid":{"rendered":"http:\/\/www.korhanyilmaz.com\/?p=36786"},"modified":"2011-07-14T18:12:06","modified_gmt":"2011-07-14T15:12:06","slug":"chpden-koksal-sengul-yorumu","status":"publish","type":"post","link":"http:\/\/www.korhanyilmaz.com\/?p=36786","title":{"rendered":"CHP&#8217;den K\u00f6ksal \u015eeng\u00fcl yorumu"},"content":{"rendered":"<p style=\"text-align: justify;\"><a href=\"http:\/\/www.korhanyilmaz.com\/wp-content\/uploads\/2011\/07\/1563.jpg\"  class=\"lightview\"><img loading=\"lazy\" decoding=\"async\" class=\"aligncenter size-full wp-image-36787\" src=\"http:\/\/www.korhanyilmaz.com\/wp-content\/uploads\/2011\/07\/1563.jpg\" alt=\"\" width=\"307\" height=\"236\" \/><\/a><\/p>\n<p style=\"text-align: justify;\">CHP Grup Ba\u015fkanvekili Emine \u00dclker Tarhan, sa\u011fl\u0131kl\u0131 bir anayasa zemininin olu\u015fturulmas\u0131 i\u00e7in \u00f6zel yetkili mahkemelerin kald\u0131r\u0131lmas\u0131n\u0131 isteyerek, &#8220;\u00d6zel yetkili mahkemelerin, t\u00fcm toplum kesimlerini tehdidi ve bask\u0131s\u0131 s\u00fcrd\u00fc\u011f\u00fc m\u00fcddet\u00e7e \u00fclkemizde kimse \u00f6zg\u00fcrce anayasa tart\u0131\u015fmas\u0131 yapamaz. Sa\u011fl\u0131kl\u0131 bir anayasa yapma zemini olu\u015fturulamaz&#8221; dedi.<!--more--><\/p>\n<p style=\"text-align: justify;\">Tarhan, CHP Mersin Milletvekili Ali R\u0131za \u00d6zt\u00fcrk ile d\u00fczenledi\u011fi bas\u0131n toplant\u0131s\u0131nda, \u00f6zel yetkili a\u011f\u0131r ceza mahkemelerinin kald\u0131r\u0131lmas\u0131na y\u00f6nelik d\u00fcn verdikleri kanun teklifine ili\u015fkin de\u011ferlendirmelerde bulundu. Tarhan, yasa teklifini &#8220;g\u00f6revinin devleti korumak oldu\u011fu s\u00f6ylenen ancak iktidar\u0131 korumakla g\u00f6revlendirildi\u011fi anla\u015f\u0131lan \u00f6zel yetkili mahkemelerin kald\u0131r\u0131lmas\u0131&#8221; i\u00e7in verdiklerini ifade etti.<\/p>\n<p style=\"text-align: justify;\">Bu mahkemelerin, iktidar\u0131n t\u00fcm muhalifleri, bitaraf olan \u00e7evreleri sindirmeye endeksli bir yap\u0131ya d\u00f6n\u00fc\u015ft\u00fc\u011f\u00fcn\u00fc savunan Tarhan, Ba\u015fbakan Recep Tayyip Erdo\u011fan&#8217;\u0131n a\u00e7\u0131klamalar\u0131 ile verdi\u011fi ipu\u00e7lar\u0131n\u0131n, bu mahkemelerin sadece bu ama\u00e7la kuruldu\u011funu d\u00fc\u015f\u00fcnd\u00fcrd\u00fc\u011f\u00fcn\u00fc s\u00f6yledi.<\/p>\n<p style=\"text-align: justify;\">Tarhan, bu mahkemelerin antidemokratik uygulamalar\u0131n en sistemli, yayg\u0131n haline gelen uzun ve gerek\u00e7esiz tutuklamalarla hep sahnede oldu\u011funu, hep g\u00f6zda\u011f\u0131, hep &#8220;bir sabah ans\u0131z\u0131n gelebilirim&#8221; mesaj\u0131 verdi\u011fini belirtti. Tarhan, &#8220;Bu gerek\u00e7esiz uygulamalarla adil yarg\u0131lanma ve masumiyet karinesini ihlal etti\u011fi yetmezmi\u015f gibi se\u00e7me ve se\u00e7ilme hakk\u0131n\u0131 da hi\u00e7e sayarak uzmanla\u015ft\u0131\u011f\u0131 hak ihlallerini son uygulamas\u0131 ile ta\u00e7land\u0131rm\u0131\u015ft\u0131r. A\u0130HM&#8217;nin T\u00fcrkiye hakk\u0131nda verdi\u011fi rekor tazminat kararlar\u0131 var. 2010 y\u0131l\u0131 itibariyle 64 milyon rekor tazminata h\u00fckmedilmi\u015f. 47 \u00fclke aras\u0131nda bunun 24 milyonu T\u00fcrkiye&#8217;ye ait. Bu hak ihlallerine buna ra\u011fmen devam edilmekte \u00e7\u00fcnk\u00fc ama\u00e7 A\u0130HM standartlar\u0131n\u0131 yakalamak ve hukukun \u00fcst\u00fcnl\u00fc\u011f\u00fcn\u00fc korumak de\u011fil, iktidar\u0131 sadece iktidar\u0131 korumakt\u0131r&#8221; diye konu\u015ftu.<\/p>\n<p style=\"text-align: justify;\"><strong>&#8220;Sistemli g\u00f6zda\u011f\u0131&#8221;<\/strong><\/p>\n<p style=\"text-align: justify;\">&#8220;\u00d6zg\u00fcrl\u00fckleri tehdit eden, DGM orijinli bu mahkemelerin kald\u0131r\u0131lmas\u0131n\u0131&#8221; isteyen Tarhan, bu mahkemelerin, yarg\u0131 birli\u011fine, do\u011fal yarg\u0131\u00e7 ilkesine, A\u0130HM uygulamalar\u0131na ayk\u0131r\u0131 oldu\u011funu ifade etti.<\/p>\n<p style=\"text-align: justify;\">\u00d6zel yetkili mahkemelerin, g\u00fcc\u00fcn\u00fc kan\u0131tlardan de\u011fil, i\u015fkenceye d\u00f6n\u00fc\u015fen uzun tutukluluklardan ald\u0131\u011f\u0131n\u0131 belirten Tarhan, bunun, \u00f6zg\u00fcrl\u00fcklerin koruyucusu olmas\u0131 gereken yarg\u0131 i\u00e7in bir utan\u00e7 oldu\u011funu dile getirdi.<\/p>\n<p style=\"text-align: justify;\">Tarhan, \u00f6zg\u00fcrl\u00fckleri korumakla g\u00f6revli yarg\u0131n\u0131n, art\u0131k bu mahkemelerle &#8220;\u00f6zg\u00fcrl\u00fcklerin sindiricisi, muhaliflerin ipini \u00e7ekme ayg\u0131t\u0131&#8221; oldu\u011funu savunarak, bu \u00f6rneklerin demokratik de\u011fil ancak zorba devletlere \u00f6zg\u00fc oldu\u011funu kaydetti. Tarhan, \u015f\u00f6yle devam etti: &#8220;Bu mahkemeler, kendilerini icraya veren san\u0131klar\u0131 yarg\u0131lamaya devam etmekte, adaletin hassas terazisini bir kaba g\u00fcce d\u00f6n\u00fc\u015ft\u00fcrmektedirler. Bu mahkemeler, A\u0130HM kararlar\u0131n\u0131, uluslararas\u0131 s\u00f6zle\u015fmeleri, halk\u0131n kefaletini ve iradesini hi\u00e7e sayacak kadar c\u00fcret kazanm\u0131\u015flard\u0131r. \u0130ktidar\u0131 korumak h\u0131rs\u0131yla art\u0131k \u00f6yle derin hukuksuzluklar\u0131 i\u00e7inde bar\u0131nd\u0131ran mahkemelerdir ki bunlar, g\u00fcc\u00fcn\u00fc iktidardan ve iktidar g\u00fcd\u00fcm\u00fcndeki HSYK&#8217;dan almaktad\u0131rlar. \u00d6yle ki; bu mahkemelerde a\u00e7\u0131lan tart\u0131\u015fmal\u0131 davalarda m\u00fc\u015fteki s\u0131fat\u0131 bulunanlar, bug\u00fcn yarg\u0131y\u0131 y\u00f6netmekte, \u00f6zel yetkili mahkemelerde iktidar\u0131n de\u011fil, hukukun \u00fcst\u00fcnl\u00fc\u011f\u00fcne inanan ve bunu uygulamakta kararl\u0131 olan sayg\u0131n yarg\u0131\u00e7lar\u0131, ku\u015fkulu soru\u015fturmalar\u0131 bahane ederek s\u00fcrg\u00fcn edebilmektedirler. \u0130ktidar\u0131 koruma \u00f6zel g\u00f6revi verilmi\u015f bu mahkemelerde, \u00f6zg\u00fcrl\u00fckleri korumaya kalk\u0131\u015fan her sayg\u0131n yarg\u0131\u00e7 ya s\u00fcrg\u00fcne g\u00f6nderilmekte ya da soru\u015fturmalarla taciz edilerek susturulmaya \u00e7al\u0131\u015f\u0131lmaktad\u0131r. Ge\u00e7mi\u015fte her kararname d\u00f6neminde yarg\u0131ya m\u00fcdahale yaygaras\u0131 kopartanlar\u0131n, bug\u00fcn sesleri duyulmamaktad\u0131r. K\u00f6ksal \u015eeng\u00fcn ile ilgili HSYK karar\u0131yla birlikte benzer uygulamalar g\u00f6stermektedir ki bu y\u00f6ntem, yarg\u0131 \u00fczerinde sistemli bir g\u00f6zda\u011f\u0131 olarak uygulanmaya devam edilecektir. \u0130deolojik yarg\u0131, bir parti devleti yaratmada ara\u00e7 olarak kullan\u0131lmaya devam edilecektir.&#8221;<\/p>\n<p style=\"text-align: justify;\"><strong>&#8220;Tutuklu milletvekilleriyle uzaktan yak\u0131ndan ilgisi yok&#8221;<\/strong><\/p>\n<p style=\"text-align: justify;\">Tarhan, &#8220;bug\u00fcn T\u00fcrkiye&#8217;de bir s\u00fcrek av\u0131 ya\u015fand\u0131\u011f\u0131n\u0131&#8221; ifade ederek, s\u00f6zlerini \u015f\u00f6yle tamamlad\u0131: &#8220;\u0130ktidar destekli bu s\u00fcrek av\u0131n\u0131n iki uygulay\u0131c\u0131s\u0131 taraf\u0131ndan yarg\u0131\u00e7lar, cumhuriyetin savc\u0131lar\u0131, haks\u0131zl\u0131klara direnen ve itiraz edenler, ayd\u0131nlar, gazeteciler i\u00e7in gere\u011fi d\u00fc\u015f\u00fcn\u00fclm\u00fc\u015ft\u00fcr. Bu s\u00fcrek av\u0131 ile HSYK, ba\u011f\u0131ms\u0131z yarg\u0131n\u0131n temsilcisi yarg\u0131\u00e7lar\u0131 ve savc\u0131lar\u0131, \u00f6zel yetkili a\u011f\u0131r ceza mahkemeleri ise iktidardan farkl\u0131 d\u00fc\u015f\u00fcnenleri halletmektedir. Kendisinden olmayanlar\u0131n, kendisi gibi d\u00fc\u015f\u00fcnmeyenlerin halledilece\u011fi mesaj\u0131n\u0131 b\u00fcy\u00fcklerinden alanlar, kendisine verilen bu g\u00f6revi, b\u00fcy\u00fck bir ba\u011fl\u0131l\u0131k ve lay\u0131k\u0131yla yerine getirmekte, iktidar\u0131 koruyan \u00f6zel yetkili mahkemeleri iktidar\u0131n istedi\u011fi \u015fekilde donatmaktad\u0131rlar. \u00d6zel yetkili mahkemelerin, t\u00fcm toplum kesimlerini tehdidi ve bask\u0131s\u0131 s\u00fcrd\u00fc\u011f\u00fc m\u00fcddet\u00e7e \u00fclkemizde kimse \u00f6zg\u00fcrce anayasa tart\u0131\u015fmas\u0131 yapamaz, sa\u011fl\u0131kl\u0131 bir anayasa yapma zemini olu\u015fturulamaz. Anayasa konusunda fikrini s\u00f6yleyen herkesin, ikinci g\u00fcn sabah kap\u0131s\u0131n\u0131n \u00e7al\u0131nmas\u0131 bask\u0131s\u0131, \u00f6zg\u00fcr d\u00fc\u015f\u00fcnceyi ve iradeyi sakatlayan bir haldir. Sa\u011fl\u0131kl\u0131 bir anayasa zemininin olu\u015fturulmas\u0131 i\u00e7in iktidar\u0131n g\u00fcc\u00fcne g\u00fc\u00e7 katmak ve onu korumak i\u00e7in \u00f6zel g\u00f6revlendirilmi\u015f bu mahkemelerin derhal kald\u0131r\u0131lmas\u0131 gerekmektedir.&#8221;<\/p>\n<p style=\"text-align: justify;\"><a href=\"http:\/\/www.cnnturk.com\/2011\/turkiye\/07\/14\/chpden.koksal.sengul.yorumu\/622928.0\/index.html\" target=\"_blank\">Kaynak : CNN T\u00dcRK<\/a><\/p>\n","protected":false},"excerpt":{"rendered":"<p style=\"text-align: justify;\">\n<p style=\"text-align: justify;\">CHP Grup Ba\u015fkanvekili Emine \u00dclker Tarhan, sa\u011fl\u0131kl\u0131 bir anayasa zemininin olu\u015fturulmas\u0131 i\u00e7in \u00f6zel yetkili mahkemelerin kald\u0131r\u0131lmas\u0131n\u0131 isteyerek, &#8220;\u00d6zel yetkili mahkemelerin, t\u00fcm toplum kesimlerini tehdidi ve bask\u0131s\u0131 s\u00fcrd\u00fc\u011f\u00fc m\u00fcddet\u00e7e \u00fclkemizde kimse \u00f6zg\u00fcrce anayasa tart\u0131\u015fmas\u0131 yapamaz. Sa\u011fl\u0131kl\u0131 bir anayasa yapma zemini olu\u015fturulamaz&#8221; dedi.<\/p>\n","protected":false},"author":1,"featured_media":0,"comment_status":"open","ping_status":"open","sticky":false,"template":"","format":"standard","meta":{"footnotes":""},"categories":[105],"tags":[],"class_list":["post-36786","post","type-post","status-publish","format-standard","hentry","category-gundem","odd"],"_links":{"self":[{"href":"http:\/\/www.korhanyilmaz.com\/index.php?rest_route=\/wp\/v2\/posts\/36786","targetHints":{"allow":["GET"]}}],"collection":[{"href":"http:\/\/www.korhanyilmaz.com\/index.php?rest_route=\/wp\/v2\/posts"}],"about":[{"href":"http:\/\/www.korhanyilmaz.com\/index.php?rest_route=\/wp\/v2\/types\/post"}],"author":[{"embeddable":true,"href":"http:\/\/www.korhanyilmaz.com\/index.php?rest_route=\/wp\/v2\/users\/1"}],"replies":[{"embeddable":true,"href":"http:\/\/www.korhanyilmaz.com\/index.php?rest_route=%2Fwp%2Fv2%2Fcomments&post=36786"}],"version-history":[{"count":0,"href":"http:\/\/www.korhanyilmaz.com\/index.php?rest_route=\/wp\/v2\/posts\/36786\/revisions"}],"wp:attachment":[{"href":"http:\/\/www.korhanyilmaz.com\/index.php?rest_route=%2Fwp%2Fv2%2Fmedia&parent=36786"}],"wp:term":[{"taxonomy":"category","embeddable":true,"href":"http:\/\/www.korhanyilmaz.com\/index.php?rest_route=%2Fwp%2Fv2%2Fcategories&post=36786"},{"taxonomy":"post_tag","embeddable":true,"href":"http:\/\/www.korhanyilmaz.com\/index.php?rest_route=%2Fwp%2Fv2%2Ftags&post=36786"}],"curies":[{"name":"wp","href":"https:\/\/api.w.org\/{rel}","templated":true}]}}