{"id":36782,"date":"2011-07-14T11:36:17","date_gmt":"2011-07-14T08:36:17","guid":{"rendered":"http:\/\/www.korhanyilmaz.com\/?p=36782"},"modified":"2011-07-14T14:54:25","modified_gmt":"2011-07-14T11:54:25","slug":"yemin-krizinde-uzlasma-saglanamadi","status":"publish","type":"post","link":"http:\/\/www.korhanyilmaz.com\/?p=36782","title":{"rendered":"Yemin krizinde uzla\u015fma sa\u011flanamad\u0131"},"content":{"rendered":"<p style=\"text-align: justify;\"><a href=\"http:\/\/www.korhanyilmaz.com\/wp-content\/uploads\/2011\/07\/1562.jpeg\"  class=\"lightview\"><img loading=\"lazy\" decoding=\"async\" class=\"aligncenter size-full wp-image-36783\" src=\"http:\/\/www.korhanyilmaz.com\/wp-content\/uploads\/2011\/07\/1562.jpeg\" alt=\"\" width=\"320\" height=\"215\" \/><\/a><\/p>\n<p style=\"text-align: justify;\">AKP ile BDP heyetleri aras\u0131nda TBMM Ba\u015fkan\u0131 Cemil \u00c7i\u00e7ek ba\u015fkanl\u0131\u011f\u0131nda yap\u0131lan yemin krizi ile ilgili g\u00f6r\u00fc\u015fmede uzla\u015fma sa\u011flanamad\u0131.<\/p>\n<p style=\"text-align: justify;\">ANKARA &#8211; BDP Siirt Milletvekili G\u00fcltan K\u0131\u015fanak, AK Parti Grubu y\u00f6neticileri ile yapt\u0131klar\u0131 g\u00f6r\u00fc\u015fmelerin yemin edip etmeme konusunda olmad\u0131\u011f\u0131n\u0131, bu konuda kimseyle konu\u015fup, tart\u0131\u015fmayacaklar\u0131n\u0131 s\u00f6yledi. AK Parti heyetiyle yapt\u0131klar\u0131 g\u00f6r\u00fc\u015fmenin ard\u0131ndan gazetecilere a\u00e7\u0131klamada bulunan K\u0131\u015fanak, her iki g\u00f6r\u00fc\u015fmede de ana konunun yemin etme ya da etmeme meselesi olmad\u0131\u011f\u0131n\u0131 ifade etti. <!--more--><\/p>\n<p style=\"text-align: justify;\">Resmi olarak parlamentoda temsil edilen BDP grubu olarak, halk\u0131n iradesinin Meclise do\u011fru ve eksiksiz yans\u0131mas\u0131 konusunda ya\u015fan\u0131lan s\u0131k\u0131nt\u0131y\u0131 a\u015fmak i\u00e7in parlamento \u00e7al\u0131\u015fmalar\u0131na bir s\u00fcre kat\u0131lmamay\u0131 kararla\u015ft\u0131rd\u0131klar\u0131n\u0131 anlatan, K\u0131\u015fanak, bu karar\u0131, partilerinin yetkili organlar\u0131 ve blok bile\u015fenlerinin verdi\u011fini s\u00f6yledi.<\/p>\n<p style=\"text-align: justify;\">S\u00f6z konu karar\u0131 de\u011fi\u015ftirmek ya da farkl\u0131 karar alman\u0131n yine kendilerinin inisiyatifinde oldu\u011funu belirten K\u0131\u015fanak, \u201cBiz, bunu asla ve asla hi\u00e7 kimseyle pazarl\u0131k konusu yapmay\u0131z. Bu konunun asla ve asla bir partinin icazeti, l\u00fctufu, izniymi\u015f gibi kamuoyuna yans\u0131mas\u0131na izin vermeyiz. Bu, bizim ald\u0131\u011f\u0131m\u0131z bir karard\u0131r. Bundan sonra da bu karar\u0131n hangi y\u00f6nde seyredece\u011fine partimizin yetkili organlar\u0131 karar verecektir\u201d diye konu\u015ftu.<\/p>\n<p style=\"text-align: justify;\"><strong>\u201cPARLAMENTO AK PART\u0130&#8217;N\u0130N PARLAMENTOSU DE\u011e\u0130L\u201d<\/strong><\/p>\n<p style=\"text-align: justify;\">Parlamentonun \u201cAK Parti&#8217;nin parlamentosu\u201d olmad\u0131\u011f\u0131n\u0131, ba\u015fka bir siyasi partinin de parlamento \u00e7al\u0131\u015fmalar\u0131na kat\u0131lmak i\u00e7in AK Parti&#8217;den bir \u0131\u015f\u0131k, icazet, izin almas\u0131na gerek bulunmad\u0131\u011f\u0131n\u0131 bildiren K\u0131\u015fanak, \u015f\u00f6yle devam etti: \u201cBu konu tamamen irade olarak bizim karar verebilece\u011fimiz bir konudur. Bu durumu \u00f6n\u00fcm\u00fczdeki s\u00fcre\u00e7te, siyasal geli\u015fmeleri de de\u011ferlendirerek, kendimiz yeniden de\u011fi\u015ftirebiliriz de de\u011fi\u015ftirmeyebiliriz de. Bizim iki g\u00fcnd\u00fcr yapt\u0131\u011f\u0131m\u0131z g\u00f6r\u00fc\u015fmeler, T\u00fcrkiye&#8217;de demokratik siyasetin \u00f6n\u00fcndeki engelleri kald\u0131rmak, demokratikle\u015fme y\u00f6n\u00fcnde do\u011fru ad\u0131mlar atmak i\u00e7in y\u00fcr\u00fctt\u00fc\u011f\u00fcm\u00fcz g\u00f6r\u00fc\u015fmelerdir. Biz, AK Parti&#8217;de bu y\u00f6nde bir irade var m\u0131, \u00f6n\u00fcm\u00fczdeki s\u00fcre\u00e7te parlamentoyu nas\u0131l i\u015fletmek istiyor, bu \u00fclkede demokratik siyasetin \u00f6n\u00fcndeki siyasi engelleri kald\u0131rma konusunda iradesi var m\u0131 yok mu bunlar\u0131 anlamaya \u00e7al\u0131\u015ft\u0131k. Yapt\u0131\u011f\u0131m\u0131z g\u00f6r\u00fc\u015fmeler sonucunda bu konuda size tam anlam\u0131yla olumlu ya da tam anlam\u0131yla olumsuz bir c\u00fcmle kuramayaca\u011f\u0131m. Niyet d\u00fczeyinde olumlu \u015feyler ifade edilse de bunun pratikle\u015fmesi konusunda \u00f6n\u00fcm\u00fczde nas\u0131l bir yol oldu\u011funu g\u00f6rd\u00fc\u011f\u00fcm\u00fcz hen\u00fcz s\u00f6yleyemeyiz.\u201d<\/p>\n<p style=\"text-align: justify;\"><strong>\u201c\u00c7OBANIN N\u0130YET\u0130 OLSA TEKEDEN S\u00dcT \u00c7IKARIR\u201d<\/strong><\/p>\n<p style=\"text-align: justify;\">G\u00f6r\u00fc\u015fmede, AK Parti heyetine, demokratik kamuoyunun beklentileriyle \u00f6rt\u00fc\u015fen bir metin sunduklar\u0131n\u0131 ifade eden K\u0131\u015fanak, onlar\u0131n da kendilerine bir metin verdiklerini a\u00e7\u0131klad\u0131. K\u0131\u015fanak, \u201cSiyaseten ve ilkesel olarak tart\u0131\u015ft\u0131\u011f\u0131m\u0131zda her iki metne de her iki grubun itiraz\u0131n\u0131n olmad\u0131\u011f\u0131n\u0131, ancak iki metni tek metne d\u00f6n\u00fc\u015ft\u00fcrme konusunda hen\u00fcz haz\u0131r olunmad\u0131\u011f\u0131 ortaya \u00e7\u0131kt\u0131\u201d dedi. Bundan sonraki s\u00fcre\u00e7te, daha g\u00fc\u00e7l\u00fc demokratik irade ve m\u00fccadeleyle, halkla birlikte demokratik siyasetin \u00f6n\u00fcndeki engelleri kald\u0131racak bir yolu mutlaka bulacaklar\u0131n\u0131 kaydeden K\u0131\u015fanak, bu konuda umutlu olduklar\u0131n\u0131, halk\u0131n iradesinin Meclise do\u011fru olarak yans\u0131t\u0131lmas\u0131 gerekti\u011fini s\u00f6yledi. \u201cAnadolu&#8217;da g\u00fczel bir atas\u00f6z\u00fc var: \u00c7oban\u0131n niyeti olsa tekeden s\u00fct \u00e7\u0131kar\u0131r\u201d diyen K\u0131\u015fanak, burada siyasi akt\u00f6rlerin niyetlerinin \u00f6nemli oldu\u011funu dile getirdi.<\/p>\n<p style=\"text-align: justify;\"><strong>\u201cBUG\u00dcN YA DA YARIN YEM\u0130N YOK\u201d<\/strong><\/p>\n<p style=\"text-align: justify;\">Gazetecilerin sorular\u0131n\u0131 da yan\u0131tlayan K\u0131\u015fanak, Diyarbak\u0131r&#8217;da grup toplant\u0131lar\u0131n\u0131 yapmalar\u0131n\u0131n kendileri i\u00e7in anlaml\u0131 oldu\u011funu belirterek, \u201cSay\u0131n Hatip Dicle&#8217;ye verilen 80 bin oyun hi\u00e7e say\u0131ld\u0131\u011f\u0131 bir kenttir Diyarbak\u0131r\u201d a\u00e7\u0131klamas\u0131nda bulundu. K\u0131\u015fanak, bunun, siyasi faaliyetlerinin tamam\u0131n\u0131 Diyarbak\u0131r&#8217;da yapacaklar\u0131 anlam\u0131na gelmedi\u011fini, T\u00fcrkiye&#8217;nin d\u00f6rt bir yan\u0131nda, 81 ilin tamam\u0131nda siyasi faaliyetlerini y\u00fcr\u00fcteceklerini ifade etti. K\u0131\u015fanak ba\u015fka bir soru \u00fczerine, AK Parti heyetiyle yeni bir g\u00f6r\u00fc\u015fme yap\u0131laca\u011f\u0131 konusunda herhangi bir karar al\u0131nmad\u0131\u011f\u0131n\u0131 bildirdi. G\u00fcltan K\u0131\u015fanak, BDP milletvekillerinin andi\u00e7ip i\u00e7meyeceklerine y\u00f6nelik soruya, \u201cBu g\u00f6r\u00fc\u015fmelerin ana konusu yemin edip etmeme meselesi de\u011fildir. Biz bunu asla kimseyle konu\u015fup tart\u0131\u015fmay\u0131z. Bu, bizim partimizin yetkili organlar\u0131n\u0131n ve grubumuzun ald\u0131\u011f\u0131 bir karard\u0131r. Bundan sonra da parlamento \u00e7al\u0131\u015fmalar\u0131na kat\u0131l\u0131p kat\u0131lmama konusunda kendisi gerekli g\u00f6rd\u00fc\u011f\u00fc zeminlerde yeni karar alabilir, g\u00f6r\u00fc\u015f\u00fcn\u00fc de\u011fi\u015ftirebilir ya da de\u011fi\u015ftirmeyebilir. Bu, bizim partimizi ilgilendiren bir konudur\u201d yan\u0131t\u0131n\u0131 verdi. K\u0131\u015fanak, sunduklar\u0131 metne AK Parti Grubunun da onay vermesi halinde tutumlar\u0131n\u0131 yeniden de\u011ferlendirebileceklerini, ancak bu tutumu de\u011ferlendirmek i\u00e7in ortada yeni bir durum s\u00f6z konusu olmad\u0131\u011f\u0131n\u0131 anlatt\u0131. K\u0131\u015fanak, ba\u015fka bir soru \u00fczerine, BDP&#8217;li milletvekillerinin bug\u00fcn ya da yar\u0131n yemin etmeyeceklerini s\u00f6yledi.<\/p>\n<p style=\"text-align: justify;\"><strong>CAN\u0130KL\u0130: YARGIYA M\u00dcDAHALE KABUL ED\u0130LEMEZ<\/strong><\/p>\n<p style=\"text-align: justify;\">G\u00fcltan K\u0131\u015fanak\u2019\u0131n ard\u0131ndan bas\u0131na bir a\u00e7\u0131klama yapan AKP Grup Ba\u015fkan Vekili Nurettin Canikli, K\u0131\u015fanak&#8217;\u0131n \u2018birbirimizin metinlerine itiraz etmedik\u2019 s\u00f6zlerine itiraz etti. Canikli, BDP\u2019nin metninde yer alan Hatip Dicle\u2019nin durumuyla ilgili maddeyi kabul edemeyeceklerini s\u00f6yledi. Nurettin Canikli, mutabakat metinlerinde tutuklu vekillerin durumlar\u0131yla ilgili yap\u0131lacak bir yorumun, yarg\u0131n\u0131n i\u015fleyi\u015fine m\u00fcdahale olaca\u011f\u0131n\u0131 ekledi.<\/p>\n<p style=\"text-align: justify;\"><span style=\"font-size: medium;\"><strong><span style=\"color: #993300;\">BDP&#8217;N\u0130N MUTABAKAT METN\u0130<\/span><\/strong><\/span><\/p>\n<p style=\"text-align: justify;\">BDP taraf\u0131ndan haz\u0131rlanan mutabakat metni \u015f\u00f6yle: &#8220;24. D\u00f6nem parlamentosu tarihi d\u00f6nemde ve \u00fclkenin en temel sorunlar\u0131n\u0131 \u00e7\u00f6zmek \u00fczere g\u00f6reve ba\u015flam\u0131\u015ft\u0131r. Bu \u00e7er\u00e7evede uzla\u015fma i\u00e7erisinde yap\u0131lacak evrensel standartlarda yeni bir anayasa ile daha demokratik bir sistemi in\u015fa etmek toplumsal bar\u0131\u015f\u0131 sa\u011flamak ve refah d\u00fczeyini art\u0131rmak hepimizin ortak sorumlulu\u011fudur.<\/p>\n<p style=\"text-align: justify;\">12 Haziran se\u00e7imleri sonras\u0131nda kamuoyunda olu\u015fan hakl\u0131 umutlara g\u00f6lge d\u00fc\u015f\u00fcren milli iradenin tam te\u015fekk\u00fcl\u00fc ile TBMM \u00fcyelerinin eksiksiz olarak parlamento \u00e7al\u0131\u015fmalar\u0131na kat\u0131l\u0131m\u0131n\u0131 engelleyen sorunlar\u0131n en k\u0131sa zamanda giderilmesi ortak beklentimizdir. Halk\u0131n iradesinin parlamentoya tam yans\u0131mamas\u0131, esas\u0131nda bir demokrasi sorunudur ve sadece siyasi partilerin de\u011fil, parlamentonun meselesidir. Bu vesile ile halen tutuklulu\u011fu devam eden TBMM \u00fcyelerinin en k\u0131sa zamanda fiilen g\u00f6revlerinin ba\u015f\u0131nda olmalar\u0131n\u0131 \u00f6nemsiyoruz.<\/p>\n<p style=\"text-align: justify;\">Se\u00e7im sistemi ve yasallardan kaynakl\u0131 yetmezliklerin giderilmesi ile temsilde adaletin daha g\u00fc\u00e7l\u00fc bir \u015fekilde sa\u011flanmas\u0131 halk\u0131n iradesinin parlamentoya eksiksiz yans\u0131mas\u0131 i\u00e7in siyaset kurumunun \u00f6n\u00fcnde engel te\u015fkil eden d\u00fc\u015f\u00fcnceyi ifade \u00f6zg\u00fcrl\u00fc\u011f\u00fcn\u00fc k\u0131s\u0131tlayan TMK, TCK, CMK&#8217;da evrensel standartlara uygun d\u00fczenlemeler yap\u0131lmas\u0131, bu d\u00f6nem parlamentomuzun \u00f6ncelikleri aras\u0131nda olmal\u0131d\u0131r.<\/p>\n<p style=\"text-align: justify;\">Yasalar\u0131 evrensel hukuka uygun hale getirme konusunda yetkili tek mercii TBMM&#8217;dir. 12 Haziran 2011 se\u00e7imlerinde se\u00e7men deste\u011fini alarak milletvekili se\u00e7ilmesine ra\u011fmen parlamentoya girmesi engellenen Say\u0131n Hatip Dicle \u00f6rne\u011finde oldu\u011fu gibi bu ve benzeri haks\u0131zl\u0131klar\u0131 gidermek, benzer durumlar\u0131n tekerr\u00fcr\u00fcn\u00fc engellemek i\u00e7in uluslararas\u0131 hukuk da dikkate al\u0131narak parlamento i\u00e7inde \u00e7\u00f6z\u00fcm aray\u0131\u015flar\u0131 olmal\u0131d\u0131r.&#8221;<\/p>\n<p style=\"text-align: justify;\"><a href=\"http:\/\/www.radikal.com.tr\/Radikal.aspx?aType=RadikalDetayV3&amp;ArticleID=1056270&amp;Date=14.07.2011&amp;CategoryID=78\" target=\"_blank\">Kaynak : Radikal.com.tr<\/a><\/p>\n","protected":false},"excerpt":{"rendered":"<p style=\"text-align: justify;\">\n<p style=\"text-align: justify;\">AKP ile BDP heyetleri aras\u0131nda TBMM Ba\u015fkan\u0131 Cemil \u00c7i\u00e7ek ba\u015fkanl\u0131\u011f\u0131nda yap\u0131lan yemin krizi ile ilgili g\u00f6r\u00fc\u015fmede uzla\u015fma sa\u011flanamad\u0131.<\/p>\n<p style=\"text-align: justify;\">ANKARA &#8211; BDP Siirt Milletvekili G\u00fcltan K\u0131\u015fanak, AK Parti Grubu y\u00f6neticileri ile yapt\u0131klar\u0131 g\u00f6r\u00fc\u015fmelerin yemin edip etmeme konusunda olmad\u0131\u011f\u0131n\u0131, bu konuda kimseyle konu\u015fup, tart\u0131\u015fmayacaklar\u0131n\u0131 s\u00f6yledi. AK Parti heyetiyle yapt\u0131klar\u0131 g\u00f6r\u00fc\u015fmenin <\/p>\n","protected":false},"author":1,"featured_media":0,"comment_status":"open","ping_status":"open","sticky":false,"template":"","format":"standard","meta":{"footnotes":""},"categories":[105],"tags":[],"class_list":["post-36782","post","type-post","status-publish","format-standard","hentry","category-gundem","odd"],"_links":{"self":[{"href":"http:\/\/www.korhanyilmaz.com\/index.php?rest_route=\/wp\/v2\/posts\/36782","targetHints":{"allow":["GET"]}}],"collection":[{"href":"http:\/\/www.korhanyilmaz.com\/index.php?rest_route=\/wp\/v2\/posts"}],"about":[{"href":"http:\/\/www.korhanyilmaz.com\/index.php?rest_route=\/wp\/v2\/types\/post"}],"author":[{"embeddable":true,"href":"http:\/\/www.korhanyilmaz.com\/index.php?rest_route=\/wp\/v2\/users\/1"}],"replies":[{"embeddable":true,"href":"http:\/\/www.korhanyilmaz.com\/index.php?rest_route=%2Fwp%2Fv2%2Fcomments&post=36782"}],"version-history":[{"count":0,"href":"http:\/\/www.korhanyilmaz.com\/index.php?rest_route=\/wp\/v2\/posts\/36782\/revisions"}],"wp:attachment":[{"href":"http:\/\/www.korhanyilmaz.com\/index.php?rest_route=%2Fwp%2Fv2%2Fmedia&parent=36782"}],"wp:term":[{"taxonomy":"category","embeddable":true,"href":"http:\/\/www.korhanyilmaz.com\/index.php?rest_route=%2Fwp%2Fv2%2Fcategories&post=36782"},{"taxonomy":"post_tag","embeddable":true,"href":"http:\/\/www.korhanyilmaz.com\/index.php?rest_route=%2Fwp%2Fv2%2Ftags&post=36782"}],"curies":[{"name":"wp","href":"https:\/\/api.w.org\/{rel}","templated":true}]}}