{"id":36778,"date":"2011-07-14T10:31:27","date_gmt":"2011-07-14T07:31:27","guid":{"rendered":"http:\/\/www.korhanyilmaz.com\/?p=36778"},"modified":"2011-07-14T14:50:01","modified_gmt":"2011-07-14T11:50:01","slug":"melih-gokcek-sadri-sener-gorusmesi-dinlemeye-takilmis","status":"publish","type":"post","link":"http:\/\/www.korhanyilmaz.com\/?p=36778","title":{"rendered":"Melih G\u00f6k\u00e7ek-Sadri \u015eener g\u00f6r\u00fc\u015fmesi dinlemeye tak\u0131lm\u0131\u015f"},"content":{"rendered":"<p style=\"text-align: justify;\"><a href=\"http:\/\/www.korhanyilmaz.com\/wp-content\/uploads\/2011\/07\/1561.jpeg\"  class=\"lightview\"><img loading=\"lazy\" decoding=\"async\" class=\"aligncenter size-full wp-image-36780\" src=\"http:\/\/www.korhanyilmaz.com\/wp-content\/uploads\/2011\/07\/1561.jpeg\" alt=\"\" width=\"320\" height=\"214\" \/><\/a><\/p>\n<p style=\"text-align: justify;\">\u0130stanbul Cumhuriyet Savc\u0131s\u0131 Mehmet Berk taraf\u0131ndan y\u00fcr\u00fct\u00fclen \u015fike soru\u015fturmas\u0131nda telefon dinlemelerine ilgin\u00e7 bir isim tak\u0131ld\u0131.<\/p>\n<p style=\"text-align: justify;\">Ak\u015fam Gazetesi&#8217;nden Seda K\u0131l\u0131\u00e7&#8217;\u0131n haberine g\u00f6re, Ankara B\u00fcy\u00fck\u015fehir Belediye Ba\u015fkan\u0131 Melih G\u00f6k\u00e7ek&#8217;in, soru\u015fturma kapsam\u0131nda g\u00f6zalt\u0131na al\u0131nd\u0131ktan sonra serbest b\u0131rak\u0131lan Trabzonspor Ba\u015fkan\u0131 Sadri \u015eener&#8217;le yapt\u0131\u011f\u0131 g\u00f6r\u00fc\u015fme de kay\u0131tlara ge\u00e7ti. G\u00f6r\u00fc\u015fmede G\u00f6k\u00e7ek ve \u015eener&#8217;in Ankarag\u00fcc\u00fc-Fenerbah\u00e7e ma\u00e7\u0131ndan bahsetti\u011fi belirtildi. <!--more--><\/p>\n<p style=\"text-align: justify;\">Dinlemeye tak\u0131lan g\u00f6r\u00fc\u015fmede, ilk olarak i\u015fadam\u0131 H.A., Ba\u015fkan Sadri \u015eener ile g\u00f6r\u00fc\u015f\u00fcyor. H.A.&#8217;n\u0131n g\u00f6r\u00fc\u015fmede, &#8216;Ankara&#8217;day\u0131m Melih ba\u015fkan ile beraber&#8217; dedi\u011fi, Sadri \u015eener&#8217;in, &#8216;En kritik yerdesin sen ya. Aziz dinlettiriyormu\u015f yav bizi. Melih ba\u015fkan, bu hafta \u00fcmidimiz o. Melih ba\u015fkana selam s\u00f6yle, g\u00fcveniyoruz. Ben biliyorum ki Ankarag\u00fcc\u00fc bu hafta i\u015fi halledecek&#8217; \u015feklinde kar\u015f\u0131l\u0131k verdi\u011fi iddia edildi.<\/p>\n<p style=\"text-align: justify;\">Daha sonra H.A.&#8217;n\u0131n yan\u0131nda bulunan Ankara B\u00fcy\u00fck\u015fehir Belediye Ba\u015fkan\u0131 Melih G\u00f6k\u00e7ek&#8217;in telefonu ald\u0131\u011f\u0131 ve Sadri \u015eener&#8217;e, &#8216;Aziz&#8217;den in\u015fallah bu ma\u00e7\u0131 alaca\u011f\u0131m. Size yarayacak o in\u015fallah&#8217; dedi\u011fi \u00f6ne s\u00fcr\u00fcld\u00fc. S\u00f6z konusu telefon g\u00f6r\u00fc\u015fmelerinin, ifade s\u0131ras\u0131nda Sadri \u015eener&#8217;e soruldu\u011fu, \u015eener&#8217;in s\u00f6z konusu g\u00f6r\u00fc\u015fmelerin kendisine ait oldu\u011funu s\u00f6yledi\u011fi belirtildi. Soru\u015fturma kapsam\u0131nda \u00f6n\u00fcm\u00fczdeki g\u00fcnlerde G\u00f6k\u00e7ek&#8217;in de ifadesinin al\u0131nabilece\u011fi belirtiliyor.<\/p>\n<p><a href=\"http:\/\/www.radikal.com.tr\/Radikal.aspx?aType=RadikalDetayV3&amp;ArticleID=1056261&amp;Date=14.07.2011&amp;CategoryID=84\" target=\"_blank\">Kaynak : Radikal.com.tr<\/a><\/p>\n","protected":false},"excerpt":{"rendered":"<p style=\"text-align: justify;\">\n<p style=\"text-align: justify;\">\u0130stanbul Cumhuriyet Savc\u0131s\u0131 Mehmet Berk taraf\u0131ndan y\u00fcr\u00fct\u00fclen \u015fike soru\u015fturmas\u0131nda telefon dinlemelerine ilgin\u00e7 bir isim tak\u0131ld\u0131.<\/p>\n<p style=\"text-align: justify;\">Ak\u015fam Gazetesi&#8217;nden Seda K\u0131l\u0131\u00e7&#8217;\u0131n haberine g\u00f6re, Ankara B\u00fcy\u00fck\u015fehir Belediye Ba\u015fkan\u0131 Melih G\u00f6k\u00e7ek&#8217;in, soru\u015fturma kapsam\u0131nda g\u00f6zalt\u0131na al\u0131nd\u0131ktan sonra serbest b\u0131rak\u0131lan Trabzonspor Ba\u015fkan\u0131 Sadri \u015eener&#8217;le yapt\u0131\u011f\u0131 g\u00f6r\u00fc\u015fme de kay\u0131tlara ge\u00e7ti. G\u00f6r\u00fc\u015fmede G\u00f6k\u00e7ek ve \u015eener&#8217;in Ankarag\u00fcc\u00fc-Fenerbah\u00e7e <\/p>\n","protected":false},"author":1,"featured_media":0,"comment_status":"open","ping_status":"open","sticky":false,"template":"","format":"standard","meta":{"footnotes":""},"categories":[105],"tags":[],"class_list":["post-36778","post","type-post","status-publish","format-standard","hentry","category-gundem","odd"],"_links":{"self":[{"href":"http:\/\/www.korhanyilmaz.com\/index.php?rest_route=\/wp\/v2\/posts\/36778","targetHints":{"allow":["GET"]}}],"collection":[{"href":"http:\/\/www.korhanyilmaz.com\/index.php?rest_route=\/wp\/v2\/posts"}],"about":[{"href":"http:\/\/www.korhanyilmaz.com\/index.php?rest_route=\/wp\/v2\/types\/post"}],"author":[{"embeddable":true,"href":"http:\/\/www.korhanyilmaz.com\/index.php?rest_route=\/wp\/v2\/users\/1"}],"replies":[{"embeddable":true,"href":"http:\/\/www.korhanyilmaz.com\/index.php?rest_route=%2Fwp%2Fv2%2Fcomments&post=36778"}],"version-history":[{"count":0,"href":"http:\/\/www.korhanyilmaz.com\/index.php?rest_route=\/wp\/v2\/posts\/36778\/revisions"}],"wp:attachment":[{"href":"http:\/\/www.korhanyilmaz.com\/index.php?rest_route=%2Fwp%2Fv2%2Fmedia&parent=36778"}],"wp:term":[{"taxonomy":"category","embeddable":true,"href":"http:\/\/www.korhanyilmaz.com\/index.php?rest_route=%2Fwp%2Fv2%2Fcategories&post=36778"},{"taxonomy":"post_tag","embeddable":true,"href":"http:\/\/www.korhanyilmaz.com\/index.php?rest_route=%2Fwp%2Fv2%2Ftags&post=36778"}],"curies":[{"name":"wp","href":"https:\/\/api.w.org\/{rel}","templated":true}]}}