{"id":36775,"date":"2011-07-14T14:13:34","date_gmt":"2011-07-14T11:13:34","guid":{"rendered":"http:\/\/www.korhanyilmaz.com\/?p=36775"},"modified":"2011-07-14T14:46:24","modified_gmt":"2011-07-14T11:46:24","slug":"mujdat-gezen-aptal-davasindan-kurtuldu","status":"publish","type":"post","link":"http:\/\/www.korhanyilmaz.com\/?p=36775","title":{"rendered":"M\u00fcjdat Gezen &#8216;aptal&#8217; davas\u0131ndan kurtuldu"},"content":{"rendered":"<p style=\"text-align: center;\"><a href=\"http:\/\/www.korhanyilmaz.com\/wp-content\/uploads\/2011\/07\/1560.jpeg\"  class=\"lightview\"><img loading=\"lazy\" decoding=\"async\" class=\"aligncenter size-full wp-image-36776\" src=\"http:\/\/www.korhanyilmaz.com\/wp-content\/uploads\/2011\/07\/1560.jpeg\" alt=\"\" width=\"360\" height=\"239\" \/><\/a><\/p>\n<p style=\"text-align: justify;\">&#8220;AK Parti&#8217;ye oy verenleri aptal olmakla itham etti\u011fi&#8221; gerek\u00e7esiyle 15 AK Parti&#8217;linin sanat\u00e7\u0131 M\u00fcjdat Gezen&#8217;e a\u00e7t\u0131\u011f\u0131 tazminat davas\u0131 reddedildi.<\/p>\n<p style=\"text-align: justify;\">ANKARA &#8211; Ankara 21. Asliye Hukuk Mahkemesi\u2019ndeki duru\u015fmaya Ba\u015fbakan Recep Tayyip Erdo\u011fan&#8217;\u0131n avukat\u0131 Muammer Cemalo\u011flu ile sanat\u00e7\u0131 M\u00fcjdat Gezen&#8217;in avukat\u0131 Turgut Kazan kat\u0131ld\u0131. <!--more--><\/p>\n<p style=\"text-align: justify;\">Avukat Cemalo\u011flu, Gezen&#8217;in bir televizyon program\u0131nda AK Parti&#8217;ye oy verenlerle ilgili olarak &#8221;Aziz Nesin kriterleri&#8221; dedi\u011fini ifade ederek &#8221;Bu ifade, &#8216;aptal&#8217; yerine kullan\u0131lm\u0131\u015ft\u0131r. AK Parti&#8217;ye oy verenler aptal olarak nitelendirilmi\u015f, dolay\u0131s\u0131yla hakaret olu\u015fmu\u015ftur&#8221; dedi.<\/p>\n<p style=\"text-align: justify;\">Avukat Kazan ise m\u00fcvekkilinin programa kat\u0131ld\u0131\u011f\u0131 tarihte hen\u00fcz se\u00e7imlerin yap\u0131lmad\u0131\u011f\u0131n\u0131, m\u00fcvekkilinin de se\u00e7imleri de\u011fil anketleri de\u011ferlendirdi\u011fini belirterek, &#8221;Aziz Nesin s\u00f6z konusu ifade nedeniyle beraat etmi\u015fti. \u0130leri demokraside de Aziz Nesin&#8217;e at\u0131f yapmak su\u00e7 say\u0131lamaz&#8221; diye konu\u015ftu. Hakim Ahmet Metin T\u00fcz\u00fcn, bu beyanlar\u0131n ard\u0131ndan davan\u0131n reddedildi\u011fini a\u00e7\u0131klad\u0131.<\/p>\n<p style=\"text-align: justify;\"><strong>15 AK PART\u0130&#8217;L\u0130DEN 150 B\u0130N L\u0130RALIK DAVA<\/strong><\/p>\n<p style=\"text-align: justify;\">Ba\u015fbakan Yard\u0131mc\u0131s\u0131 Bekir Bozda\u011f ile Gen\u00e7lik ve Spor Bakan\u0131 Suat K\u0131l\u0131\u00e7&#8217;\u0131n da aralar\u0131nda yer ald\u0131\u011f\u0131, bir k\u0131sm\u0131 eski milletvekili olan AK Partili 15 ki\u015fi, M\u00fcjdat Gezen&#8217;in 1 \u015eubat 2011&#8217;de kat\u0131ld\u0131\u011f\u0131 bir televizyon program\u0131 ile kendisine ait internet sitesine yazd\u0131\u011f\u0131 yaz\u0131da &#8221;AK Parti&#8217;ye oy verenleri aptal olmakla itham etti\u011fi&#8221; iddias\u0131yla toplam 150 bin liral\u0131k manevi tazminat davas\u0131 a\u00e7m\u0131\u015ft\u0131.<\/p>\n<p style=\"text-align: justify;\"><strong>BA\u015eBAKAN ONUNLA HELALLE\u015eMED\u0130<\/strong><\/p>\n<p style=\"text-align: justify;\">Ba\u015fbakan Erdo\u011fan, se\u00e7im ard\u0131ndan a\u00e7t\u0131\u011f\u0131 bir\u00e7ok davadan \u201chellale\u015fme\u201d nedeniyle vazge\u00e7mi\u015fti. Ancak Erdo\u011fan, M\u00fcjdat Gezen\u2019e a\u00e7t\u0131\u011f\u0131 davay\u0131 geri \u00e7ekmemi\u015fti.<\/p>\n<p style=\"text-align: justify;\"><a href=\"http:\/\/www.radikal.com.tr\/Radikal.aspx?aType=RadikalDetayV3&amp;ArticleID=1056283&amp;Date=14.07.2011&amp;CategoryID=77\" target=\"_blank\">Kaynak : Radikal.com.tr<\/a><\/p>\n","protected":false},"excerpt":{"rendered":"<p style=\"text-align: center;\">\n<p style=\"text-align: justify;\">&#8220;AK Parti&#8217;ye oy verenleri aptal olmakla itham etti\u011fi&#8221; gerek\u00e7esiyle 15 AK Parti&#8217;linin sanat\u00e7\u0131 M\u00fcjdat Gezen&#8217;e a\u00e7t\u0131\u011f\u0131 tazminat davas\u0131 reddedildi.<\/p>\n<p style=\"text-align: justify;\">ANKARA &#8211; Ankara 21. Asliye Hukuk Mahkemesi\u2019ndeki duru\u015fmaya Ba\u015fbakan Recep Tayyip Erdo\u011fan&#8217;\u0131n avukat\u0131 Muammer Cemalo\u011flu ile sanat\u00e7\u0131 M\u00fcjdat Gezen&#8217;in avukat\u0131 Turgut Kazan kat\u0131ld\u0131. <\/p>\n","protected":false},"author":1,"featured_media":0,"comment_status":"open","ping_status":"open","sticky":false,"template":"","format":"standard","meta":{"footnotes":""},"categories":[105],"tags":[],"class_list":["post-36775","post","type-post","status-publish","format-standard","hentry","category-gundem","odd"],"_links":{"self":[{"href":"http:\/\/www.korhanyilmaz.com\/index.php?rest_route=\/wp\/v2\/posts\/36775","targetHints":{"allow":["GET"]}}],"collection":[{"href":"http:\/\/www.korhanyilmaz.com\/index.php?rest_route=\/wp\/v2\/posts"}],"about":[{"href":"http:\/\/www.korhanyilmaz.com\/index.php?rest_route=\/wp\/v2\/types\/post"}],"author":[{"embeddable":true,"href":"http:\/\/www.korhanyilmaz.com\/index.php?rest_route=\/wp\/v2\/users\/1"}],"replies":[{"embeddable":true,"href":"http:\/\/www.korhanyilmaz.com\/index.php?rest_route=%2Fwp%2Fv2%2Fcomments&post=36775"}],"version-history":[{"count":0,"href":"http:\/\/www.korhanyilmaz.com\/index.php?rest_route=\/wp\/v2\/posts\/36775\/revisions"}],"wp:attachment":[{"href":"http:\/\/www.korhanyilmaz.com\/index.php?rest_route=%2Fwp%2Fv2%2Fmedia&parent=36775"}],"wp:term":[{"taxonomy":"category","embeddable":true,"href":"http:\/\/www.korhanyilmaz.com\/index.php?rest_route=%2Fwp%2Fv2%2Fcategories&post=36775"},{"taxonomy":"post_tag","embeddable":true,"href":"http:\/\/www.korhanyilmaz.com\/index.php?rest_route=%2Fwp%2Fv2%2Ftags&post=36775"}],"curies":[{"name":"wp","href":"https:\/\/api.w.org\/{rel}","templated":true}]}}