{"id":36744,"date":"2011-07-14T11:38:56","date_gmt":"2011-07-14T08:38:56","guid":{"rendered":"http:\/\/www.korhanyilmaz.com\/?p=36744"},"modified":"2011-07-14T11:58:33","modified_gmt":"2011-07-14T08:58:33","slug":"kilicdaroglundan-surpriz-gorusme","status":"publish","type":"post","link":"http:\/\/www.korhanyilmaz.com\/?p=36744","title":{"rendered":"K\u0131l\u0131\u00e7daro\u011flu&#8217;ndan s\u00fcrpriz g\u00f6r\u00fc\u015fme"},"content":{"rendered":"<p><a href=\"http:\/\/www.korhanyilmaz.com\/wp-content\/uploads\/2011\/07\/1556.jpg\"  class=\"lightview\"><img loading=\"lazy\" decoding=\"async\" class=\"aligncenter size-full wp-image-36745\" title=\"\" src=\"http:\/\/www.korhanyilmaz.com\/wp-content\/uploads\/2011\/07\/1556.jpg\" alt=\"\" width=\"350\" height=\"243\" \/><\/a><\/p>\n<p style=\"text-align: justify;\">CHP Genel Ba\u015fkan\u0131 Kemal K\u0131l\u0131\u00e7daro\u011flu, cumartesi g\u00fcn\u00fc \u0130stanbul&#8217;da ABD D\u0131\u015fi\u015fleri Bakan\u0131 Hillary Clinton ile g\u00f6r\u00fc\u015fecek.<\/p>\n<p style=\"text-align: justify;\">Al\u0131nan bilgiye g\u00f6re, g\u00f6r\u00fc\u015fme 16 Temmuz 2011 Cumartesi g\u00fcn\u00fc \u0130stanbul Conrad Otel&#8217;de 17.50-18.20 saatleri aras\u0131nda ger\u00e7ekle\u015fecek.<\/p>\n<p style=\"text-align: justify;\">Clinton, yar\u0131n \u0130stanbul&#8217;da yap\u0131lacak Libya Temas Grubu D\u00f6rd\u00fcnc\u00fc Toplant\u0131s\u0131&#8217;na kat\u0131lmak ve ikili temaslarda bulunmak \u00fczere T\u00fcrkiye&#8217;ye iki g\u00fcnl\u00fck ziyarette bulunacak.<\/p>\n<p style=\"text-align: justify;\"><a href=\"http:\/\/www.cnnturk.com\/2011\/turkiye\/07\/14\/kilicdaroglundan.surpriz.gorusme\/622890.0\/index.html\" target=\"_blank\">Kaynak : CNN T\u00dcRK<\/a><\/p>\n","protected":false},"excerpt":{"rendered":"<\/p>\n<p style=\"text-align: justify;\">CHP Genel Ba\u015fkan\u0131 Kemal K\u0131l\u0131\u00e7daro\u011flu, cumartesi g\u00fcn\u00fc \u0130stanbul&#8217;da ABD D\u0131\u015fi\u015fleri Bakan\u0131 Hillary Clinton ile g\u00f6r\u00fc\u015fecek.<\/p>\n<p style=\"text-align: justify;\">Al\u0131nan bilgiye g\u00f6re, g\u00f6r\u00fc\u015fme 16 Temmuz 2011 Cumartesi g\u00fcn\u00fc \u0130stanbul Conrad Otel&#8217;de 17.50-18.20 saatleri aras\u0131nda ger\u00e7ekle\u015fecek.<\/p>\n<p style=\"text-align: justify;\">Clinton, yar\u0131n \u0130stanbul&#8217;da yap\u0131lacak Libya Temas Grubu D\u00f6rd\u00fcnc\u00fc Toplant\u0131s\u0131&#8217;na kat\u0131lmak ve ikili temaslarda bulunmak \u00fczere T\u00fcrkiye&#8217;ye iki <\/p>\n","protected":false},"author":1,"featured_media":0,"comment_status":"open","ping_status":"open","sticky":false,"template":"","format":"standard","meta":{"footnotes":""},"categories":[105],"tags":[],"class_list":["post-36744","post","type-post","status-publish","format-standard","hentry","category-gundem","odd"],"_links":{"self":[{"href":"http:\/\/www.korhanyilmaz.com\/index.php?rest_route=\/wp\/v2\/posts\/36744","targetHints":{"allow":["GET"]}}],"collection":[{"href":"http:\/\/www.korhanyilmaz.com\/index.php?rest_route=\/wp\/v2\/posts"}],"about":[{"href":"http:\/\/www.korhanyilmaz.com\/index.php?rest_route=\/wp\/v2\/types\/post"}],"author":[{"embeddable":true,"href":"http:\/\/www.korhanyilmaz.com\/index.php?rest_route=\/wp\/v2\/users\/1"}],"replies":[{"embeddable":true,"href":"http:\/\/www.korhanyilmaz.com\/index.php?rest_route=%2Fwp%2Fv2%2Fcomments&post=36744"}],"version-history":[{"count":0,"href":"http:\/\/www.korhanyilmaz.com\/index.php?rest_route=\/wp\/v2\/posts\/36744\/revisions"}],"wp:attachment":[{"href":"http:\/\/www.korhanyilmaz.com\/index.php?rest_route=%2Fwp%2Fv2%2Fmedia&parent=36744"}],"wp:term":[{"taxonomy":"category","embeddable":true,"href":"http:\/\/www.korhanyilmaz.com\/index.php?rest_route=%2Fwp%2Fv2%2Fcategories&post=36744"},{"taxonomy":"post_tag","embeddable":true,"href":"http:\/\/www.korhanyilmaz.com\/index.php?rest_route=%2Fwp%2Fv2%2Ftags&post=36744"}],"curies":[{"name":"wp","href":"https:\/\/api.w.org\/{rel}","templated":true}]}}