{"id":36739,"date":"2011-07-14T00:17:53","date_gmt":"2011-07-13T21:17:53","guid":{"rendered":"http:\/\/www.korhanyilmaz.com\/?p=36739"},"modified":"2011-07-14T11:47:01","modified_gmt":"2011-07-14T08:47:01","slug":"cankaya-koskunde-surpriz-zirve","status":"publish","type":"post","link":"http:\/\/www.korhanyilmaz.com\/?p=36739","title":{"rendered":"\u00c7ankaya K\u00f6\u015fk\u00fc&#8217;nde s\u00fcrpriz zirve"},"content":{"rendered":"<p><a href=\"http:\/\/www.korhanyilmaz.com\/wp-content\/uploads\/2011\/07\/1555.jpg\"  class=\"lightview\"><img loading=\"lazy\" decoding=\"async\" class=\"aligncenter size-full wp-image-36740\" src=\"http:\/\/www.korhanyilmaz.com\/wp-content\/uploads\/2011\/07\/1555.jpg\" alt=\"\" width=\"307\" height=\"236\" \/><\/a><\/p>\n<p style=\"text-align: justify;\">Cumhurba\u015fkan\u0131 Abdullah G\u00fcl, bug\u00fcn Ba\u015fbakan Recep Tayyip Erdo\u011fan ve Genelkurmay Ba\u015fkan\u0131 I\u015f\u0131k Ko\u015faner ile bir araya gelecek.<\/p>\n<p style=\"text-align: justify;\">Cumhurba\u015fkanl\u0131\u011f\u0131 Bas\u0131n Merkezi&#8217;nden bildirilen programa g\u00f6re, G\u00fcl bug\u00fcn saat 13.30&#8217;da \u00c7ankaya K\u00f6\u015fk\u00fc&#8217;nde, Ba\u015fbakan Erdo\u011fan ve Genelkurmay Ba\u015fkan\u0131 Orgeneral Ko\u015faner&#8217;i birlikte kabul edecek. <!--more--><\/p>\n<p style=\"text-align: justify;\">Cumhurba\u015fkan\u0131 G\u00fcl, per\u015fembe g\u00fcnleri haftal\u0131k ola\u011fan g\u00f6r\u00fc\u015fmeler \u00e7er\u00e7evesinde Ba\u015fbakan Erdo\u011fan ve Genelkurmay Ba\u015fkan\u0131 Orgeneral Ko\u015faner ile ayr\u0131 ayr\u0131 g\u00f6r\u00fc\u015f\u00fcyordu.<\/p>\n<p style=\"text-align: justify;\">G\u00f6r\u00fc\u015fmede son g\u00fcnlerde meydana gelen kritik geli\u015fmeler ve 1 A\u011fustos&#8217;ta yap\u0131lacak Y\u00fcksek Askeri \u015eura toplant\u0131s\u0131 masaya yat\u0131r\u0131lacak.<\/p>\n<p style=\"text-align: justify;\">\u00dc\u00e7l\u00fc zirvede Ankara&#8217;da El Kaide&#8217;ye y\u00f6nelik operasyonda ele ge\u00e7irilen bomba yap\u0131m\u0131nda kullan\u0131lan 700 kilo kimyasal maddenin de g\u00fcndeme gelmesi bekleniyor.<\/p>\n<p style=\"text-align: justify;\">Ter\u00f6r olaylar\u0131 ve Diyarbak\u0131r&#8217;da ka\u00e7\u0131r\u0131lan 2&#8217;si asker 3 ki\u015fi i\u00e7in ba\u015flat\u0131lan operasyonun da g\u00f6r\u00fc\u015fmede ele al\u0131naca\u011f\u0131 belirtiliyor.<\/p>\n<p style=\"text-align: justify;\"><a href=\"http:\/\/www.cnnturk.com\/2011\/turkiye\/07\/14\/cankaya.koskunde.surpriz.zirve\/622858.0\/index.html\" target=\"_blank\">Kaynak : CNN T\u00dcRK<\/a><\/p>\n","protected":false},"excerpt":{"rendered":"<\/p>\n<p style=\"text-align: justify;\">Cumhurba\u015fkan\u0131 Abdullah G\u00fcl, bug\u00fcn Ba\u015fbakan Recep Tayyip Erdo\u011fan ve Genelkurmay Ba\u015fkan\u0131 I\u015f\u0131k Ko\u015faner ile bir araya gelecek.<\/p>\n<p style=\"text-align: justify;\">Cumhurba\u015fkanl\u0131\u011f\u0131 Bas\u0131n Merkezi&#8217;nden bildirilen programa g\u00f6re, G\u00fcl bug\u00fcn saat 13.30&#8217;da \u00c7ankaya K\u00f6\u015fk\u00fc&#8217;nde, Ba\u015fbakan Erdo\u011fan ve Genelkurmay Ba\u015fkan\u0131 Orgeneral Ko\u015faner&#8217;i birlikte kabul edecek. <\/p>\n","protected":false},"author":1,"featured_media":0,"comment_status":"open","ping_status":"open","sticky":false,"template":"","format":"standard","meta":{"footnotes":""},"categories":[105],"tags":[],"class_list":["post-36739","post","type-post","status-publish","format-standard","hentry","category-gundem","odd"],"_links":{"self":[{"href":"http:\/\/www.korhanyilmaz.com\/index.php?rest_route=\/wp\/v2\/posts\/36739","targetHints":{"allow":["GET"]}}],"collection":[{"href":"http:\/\/www.korhanyilmaz.com\/index.php?rest_route=\/wp\/v2\/posts"}],"about":[{"href":"http:\/\/www.korhanyilmaz.com\/index.php?rest_route=\/wp\/v2\/types\/post"}],"author":[{"embeddable":true,"href":"http:\/\/www.korhanyilmaz.com\/index.php?rest_route=\/wp\/v2\/users\/1"}],"replies":[{"embeddable":true,"href":"http:\/\/www.korhanyilmaz.com\/index.php?rest_route=%2Fwp%2Fv2%2Fcomments&post=36739"}],"version-history":[{"count":0,"href":"http:\/\/www.korhanyilmaz.com\/index.php?rest_route=\/wp\/v2\/posts\/36739\/revisions"}],"wp:attachment":[{"href":"http:\/\/www.korhanyilmaz.com\/index.php?rest_route=%2Fwp%2Fv2%2Fmedia&parent=36739"}],"wp:term":[{"taxonomy":"category","embeddable":true,"href":"http:\/\/www.korhanyilmaz.com\/index.php?rest_route=%2Fwp%2Fv2%2Fcategories&post=36739"},{"taxonomy":"post_tag","embeddable":true,"href":"http:\/\/www.korhanyilmaz.com\/index.php?rest_route=%2Fwp%2Fv2%2Ftags&post=36739"}],"curies":[{"name":"wp","href":"https:\/\/api.w.org\/{rel}","templated":true}]}}