{"id":36731,"date":"2011-07-13T21:59:45","date_gmt":"2011-07-13T18:59:45","guid":{"rendered":"http:\/\/www.korhanyilmaz.com\/?p=36731"},"modified":"2011-07-14T09:59:12","modified_gmt":"2011-07-14T06:59:12","slug":"mhp%e2%80%99li-dogru-teror-akp%e2%80%99nin-zafiyetinden","status":"publish","type":"post","link":"http:\/\/www.korhanyilmaz.com\/?p=36731","title":{"rendered":"MHP\u2019li Do\u011fru: Ter\u00f6r AKP\u2019nin zafiyetinden"},"content":{"rendered":"<p style=\"text-align: justify;\"><a href=\"http:\/\/www.korhanyilmaz.com\/wp-content\/uploads\/2011\/07\/1553.jpg\"  class=\"lightview\"><img loading=\"lazy\" decoding=\"async\" class=\"aligncenter size-full wp-image-36732\" title=\"\" src=\"http:\/\/www.korhanyilmaz.com\/wp-content\/uploads\/2011\/07\/1553.jpg\" alt=\"\" width=\"375\" height=\"299\" \/><\/a><\/p>\n<p style=\"text-align: justify;\">Ter\u00f6rle m\u00fccadele konusunda AKP\u2019ye sert ele\u015ftiriler y\u00f6nelten MHP Genel Ba\u015fkan Yard\u0131mc\u0131s\u0131 Re\u015fat Do\u011fru, \u201cAKP \u00f6nlem alsa bu kadar \u015fehidimiz olmazd\u0131. Ter\u00f6rden sorumlu olan AKP\u2019dir\u201d dedi. <!--more--><\/p>\n<p style=\"text-align: justify;\"><strong>Re\u015fat Do\u011fru: Ter\u00f6rden AKP iktidar\u0131 sorumlu<\/strong><\/p>\n<p style=\"text-align: justify;\">MHP\u2019den, ter\u00f6rle m\u00fccadele konusunda AKP\u2019ye sert ele\u015ftiri geldi. MHP Tokat Milletvekili ve Genel Ba\u015fkan Yard\u0131mc\u0131s\u0131 Re\u015fat Do\u011fru, AKP\u2019nin bug\u00fcn T\u00fcrkiye\u2019de ya\u015fanan ter\u00f6r olaylar\u0131ndan sorumlu oldu\u011funu belirterek, \u201cTer\u00f6rle m\u00fccadele konusunda h\u00fck\u00fcmet program\u0131n\u0131n yeterli oldu\u011funu d\u00fc\u015f\u00fcnm\u00fcyoruz. Bu s\u0131rada \u015fehitlerimiz gelmeye devam ediyor\u201d dedi. MHP olarak AKP iktidarlar\u0131n\u0131n ba\u015f\u0131ndan beri ter\u00f6rle m\u00fccadele konusunda yetersizliklerini g\u00fcndeme getirdiklerini hat\u0131rlatan Do\u011fru, \u015f\u00f6yle konu\u015ftu: \u201cAKP iktidar\u0131 ter\u00f6rle m\u00fccadele konusunda yeterli \u00f6nlemleri iktidar oldu\u011fu g\u00fcnden bu yana alam\u0131yor. Dolay\u0131s\u0131yla ter\u00f6rle m\u00fccadele edildi\u011fini tam anlam\u0131yla s\u00f6yleyemeyiz. E\u011fer AKP iktidar\u0131 ter\u00f6rle m\u00fccadele konusunda gerekli \u00f6nlemleri samimiyetle alsayd\u0131, 12 \u015fehidimiz olmazd\u0131.\u201d<\/p>\n<p style=\"text-align: justify;\"><a href=\"http:\/\/www.yg.yenicaggazetesi.com.tr\/habergoster.php?haber=53194\" target=\"_blank\">Kaynak : Yeni\u00e7a\u011f Gazetesi.com.tr<\/a><\/p>\n","protected":false},"excerpt":{"rendered":"<p style=\"text-align: justify;\">\n<p style=\"text-align: justify;\">Ter\u00f6rle m\u00fccadele konusunda AKP\u2019ye sert ele\u015ftiriler y\u00f6nelten MHP Genel Ba\u015fkan Yard\u0131mc\u0131s\u0131 Re\u015fat Do\u011fru, \u201cAKP \u00f6nlem alsa bu kadar \u015fehidimiz olmazd\u0131. Ter\u00f6rden sorumlu olan AKP\u2019dir\u201d dedi. <\/p>\n","protected":false},"author":1,"featured_media":0,"comment_status":"open","ping_status":"open","sticky":false,"template":"","format":"standard","meta":{"footnotes":""},"categories":[105],"tags":[],"class_list":["post-36731","post","type-post","status-publish","format-standard","hentry","category-gundem","odd"],"_links":{"self":[{"href":"http:\/\/www.korhanyilmaz.com\/index.php?rest_route=\/wp\/v2\/posts\/36731","targetHints":{"allow":["GET"]}}],"collection":[{"href":"http:\/\/www.korhanyilmaz.com\/index.php?rest_route=\/wp\/v2\/posts"}],"about":[{"href":"http:\/\/www.korhanyilmaz.com\/index.php?rest_route=\/wp\/v2\/types\/post"}],"author":[{"embeddable":true,"href":"http:\/\/www.korhanyilmaz.com\/index.php?rest_route=\/wp\/v2\/users\/1"}],"replies":[{"embeddable":true,"href":"http:\/\/www.korhanyilmaz.com\/index.php?rest_route=%2Fwp%2Fv2%2Fcomments&post=36731"}],"version-history":[{"count":0,"href":"http:\/\/www.korhanyilmaz.com\/index.php?rest_route=\/wp\/v2\/posts\/36731\/revisions"}],"wp:attachment":[{"href":"http:\/\/www.korhanyilmaz.com\/index.php?rest_route=%2Fwp%2Fv2%2Fmedia&parent=36731"}],"wp:term":[{"taxonomy":"category","embeddable":true,"href":"http:\/\/www.korhanyilmaz.com\/index.php?rest_route=%2Fwp%2Fv2%2Fcategories&post=36731"},{"taxonomy":"post_tag","embeddable":true,"href":"http:\/\/www.korhanyilmaz.com\/index.php?rest_route=%2Fwp%2Fv2%2Ftags&post=36731"}],"curies":[{"name":"wp","href":"https:\/\/api.w.org\/{rel}","templated":true}]}}