{"id":36727,"date":"2011-07-13T15:25:21","date_gmt":"2011-07-13T12:25:21","guid":{"rendered":"http:\/\/www.korhanyilmaz.com\/?p=36727"},"modified":"2011-07-14T09:45:44","modified_gmt":"2011-07-14T06:45:44","slug":"chpden-mahkeme-hamlesi","status":"publish","type":"post","link":"http:\/\/www.korhanyilmaz.com\/?p=36727","title":{"rendered":"CHP&#8217;den mahkeme hamlesi"},"content":{"rendered":"<p style=\"text-align: justify;\"><a href=\"http:\/\/www.korhanyilmaz.com\/wp-content\/uploads\/2011\/07\/1552.jpg\"  class=\"lightview\"><img loading=\"lazy\" decoding=\"async\" class=\"aligncenter size-full wp-image-36728\" src=\"http:\/\/www.korhanyilmaz.com\/wp-content\/uploads\/2011\/07\/1552.jpg\" alt=\"\" width=\"368\" height=\"232\" \/><\/a><\/p>\n<p style=\"text-align: justify;\">CHP&#8217;liler, \u00f6zel yetkili a\u011f\u0131r ceza mahkemeleri ve \u00f6zel yetkili Cumhuriyet Savc\u0131l\u0131klar\u0131&#8217;n\u0131n kald\u0131r\u0131lmas\u0131 i\u00e7in kanun teklifi verdi.<\/p>\n<p style=\"text-align: justify;\">ANKARA &#8211; CHP Grup Ba\u015fkanvekili Emine \u00dclker Tarhan, Mersin Milletvekili Ali R\u0131za \u00d6zt\u00fcrk ve arkada\u015flar\u0131n\u0131n imzalar\u0131yla TBMM Ba\u015fkanl\u0131\u011f\u0131na sunulan teklife g\u00f6re, kanunun y\u00fcr\u00fcrl\u00fc\u011fe giri\u015f tarihiyle \u00f6zel yetkili a\u011f\u0131r ceza mahkemeleri ve savc\u0131l\u0131klar\u0131n\u0131n yetki ve g\u00f6revlerinin sona ermesi&#8221; \u00f6ng\u00f6r\u00fcl\u00fcyor. <!--more--><\/p>\n<p style=\"text-align: justify;\">Bu mahkemelerin yarg\u0131\u00e7 ve savc\u0131lar\u0131, kadrolar\u0131yla a\u011f\u0131r ceza mahkemelerine devredilecek. Mahkeme ba\u015fkanlar\u0131 ve Cumhuriyet Savc\u0131lar\u0131 adli yarg\u0131 ilk derece a\u011f\u0131r ceza mahkemeleri stat\u00fcs\u00fcnde g\u00f6revlerine devam edecek; ba\u015fka bir g\u00f6reve atanmalar\u0131na HSYK karar verebilecek.<\/p>\n<p style=\"text-align: justify;\">Hakim ve savc\u0131 d\u0131\u015f\u0131ndaki personel, adli yarg\u0131 ilk derece a\u011f\u0131r ceza mahkemeleri ve Cumhuriyet Savc\u0131l\u0131\u011f\u0131 birimlerinde g\u00f6revlerine devam edecek. Bu personel hakk\u0131nda a\u011f\u0131r ceza mahkemesi ba\u015fkan\u0131 veya ilgili Cumhuriyet Savc\u0131s\u0131n\u0131n yaz\u0131l\u0131 muvafakati olmad\u0131k\u00e7a ba\u015fka bir yere veya g\u00f6reve atama veya g\u00f6revlendirme i\u015flemi yap\u0131lamayacak.<\/p>\n<p style=\"text-align: justify;\">Mevcut soru\u015fturma ve dava dosyalar\u0131, ayr\u0131ca bir karar verilmesine gerek kalmaks\u0131z\u0131n, durumlar\u0131na, mahiyetlerine ve kanun h\u00fck\u00fcmlerine g\u00f6re, bulunduklar\u0131 a\u015famadan itibaren bu mahkemelerin bulundu\u011fu adli kaza merkezlerindeki adliyelerde g\u00f6rev yapan a\u011f\u0131r ceza mahkemelerine ve Cumhuriyet Ba\u015fsavc\u0131l\u0131klar\u0131na intikal ettirilecek.<\/p>\n<p style=\"text-align: justify;\">Kanunun y\u00fcr\u00fcrl\u00fc\u011fe girdi\u011fi tarih itibariyle, daha \u00f6nce \u00f6zel yetkili a\u011f\u0131r ceza mahkemelerince karara ba\u011flanan dava dosyalar\u0131, hangi a\u015famada olursa olsun ba\u015fkaca bir i\u015flem yap\u0131lmas\u0131na ve karar verilmesine gerek olmaks\u0131z\u0131n bulunduklar\u0131 a\u015famada adli yarg\u0131 ilk derece a\u011f\u0131r ceza mahkemelerinin stat\u00fcs\u00fcne ve h\u00fck\u00fcmlerine ba\u011fl\u0131 olarak incelenmeye devam edilecek. \u0130ncelemesi sona eren dava dosyalar\u0131, ilk karar\u0131 veren yetkili ve g\u00f6revli a\u011f\u0131r ceza mahkemelerine g\u00f6nderilecek.<\/p>\n<p style=\"text-align: justify;\">Teklif, \u00f6zel yetkili mahkemelerin g\u00f6rev alanlar\u0131na giren su\u00e7lara ili\u015fkin d\u00fczenlemelerin yer ald\u0131\u011f\u0131, CMK&#8217;n\u0131n 250, 251 ve 252. maddelerinin y\u00fcr\u00fcrl\u00fckten kald\u0131r\u0131lmas\u0131n\u0131 \u00f6ng\u00f6r\u00fcyor.<\/p>\n<p style=\"text-align: justify;\"><strong>\u2018DGM\u2019N\u0130N DEVAMI\u2019<\/strong><\/p>\n<p style=\"text-align: justify;\">Teklifin gerek\u00e7esinde, \u00f6zel yetkili a\u011f\u0131r ceza mahkemelerinin Avrupa \u0130nsan Haklar\u0131 S\u00f6zle\u015fmesine ayk\u0131r\u0131 oldu\u011fu i\u00e7in kald\u0131r\u0131lan Devlet G\u00fcvenlik Mahkemelerinin devam\u0131 oldu\u011fu belirtilerek, \u015f\u00f6yle denildi:<\/p>\n<p style=\"text-align: justify;\">\u201cDevletin birey i\u00e7in var oldu\u011fu sistemlerde, yani demokrasilerde mahkemelerin devleti korumak gibi bir g\u00f6revleri yoktur. Mahkeme, adil yarg\u0131lanma ilkesi \u00e7er\u00e7evesinde maddi ger\u00e7e\u011fi bulmak ve hukuki sorunu \u00e7\u00f6zmekle y\u00fck\u00fcml\u00fcd\u00fcr. Bu nedenlerle ayn\u0131 hukuk sistemati\u011fi i\u00e7inde farkl\u0131 yetkilere sahip mahkemelerin bir araya getirilerek yarg\u0131 birli\u011finin daha fazla zedelenmemesi i\u00e7in s\u00f6z konusu mahkemelerin kald\u0131r\u0131lmas\u0131 gerekmektedir.\u201d<\/p>\n<p style=\"text-align: justify;\"><a href=\"http:\/\/www.ntvmsnbc.com\/id\/25231924\/\" target=\"_blank\">Kaynak : NTVMSNBC<\/a><\/p>\n","protected":false},"excerpt":{"rendered":"<p style=\"text-align: justify;\">\n<p style=\"text-align: justify;\">CHP&#8217;liler, \u00f6zel yetkili a\u011f\u0131r ceza mahkemeleri ve \u00f6zel yetkili Cumhuriyet Savc\u0131l\u0131klar\u0131&#8217;n\u0131n kald\u0131r\u0131lmas\u0131 i\u00e7in kanun teklifi verdi.<\/p>\n<p style=\"text-align: justify;\">ANKARA &#8211; CHP Grup Ba\u015fkanvekili Emine \u00dclker Tarhan, Mersin Milletvekili Ali R\u0131za \u00d6zt\u00fcrk ve arkada\u015flar\u0131n\u0131n imzalar\u0131yla TBMM Ba\u015fkanl\u0131\u011f\u0131na sunulan teklife g\u00f6re, kanunun y\u00fcr\u00fcrl\u00fc\u011fe giri\u015f tarihiyle \u00f6zel yetkili a\u011f\u0131r ceza mahkemeleri ve savc\u0131l\u0131klar\u0131n\u0131n <\/p>\n","protected":false},"author":1,"featured_media":0,"comment_status":"open","ping_status":"open","sticky":false,"template":"","format":"standard","meta":{"footnotes":""},"categories":[105],"tags":[],"class_list":["post-36727","post","type-post","status-publish","format-standard","hentry","category-gundem","odd"],"_links":{"self":[{"href":"http:\/\/www.korhanyilmaz.com\/index.php?rest_route=\/wp\/v2\/posts\/36727","targetHints":{"allow":["GET"]}}],"collection":[{"href":"http:\/\/www.korhanyilmaz.com\/index.php?rest_route=\/wp\/v2\/posts"}],"about":[{"href":"http:\/\/www.korhanyilmaz.com\/index.php?rest_route=\/wp\/v2\/types\/post"}],"author":[{"embeddable":true,"href":"http:\/\/www.korhanyilmaz.com\/index.php?rest_route=\/wp\/v2\/users\/1"}],"replies":[{"embeddable":true,"href":"http:\/\/www.korhanyilmaz.com\/index.php?rest_route=%2Fwp%2Fv2%2Fcomments&post=36727"}],"version-history":[{"count":0,"href":"http:\/\/www.korhanyilmaz.com\/index.php?rest_route=\/wp\/v2\/posts\/36727\/revisions"}],"wp:attachment":[{"href":"http:\/\/www.korhanyilmaz.com\/index.php?rest_route=%2Fwp%2Fv2%2Fmedia&parent=36727"}],"wp:term":[{"taxonomy":"category","embeddable":true,"href":"http:\/\/www.korhanyilmaz.com\/index.php?rest_route=%2Fwp%2Fv2%2Fcategories&post=36727"},{"taxonomy":"post_tag","embeddable":true,"href":"http:\/\/www.korhanyilmaz.com\/index.php?rest_route=%2Fwp%2Fv2%2Ftags&post=36727"}],"curies":[{"name":"wp","href":"https:\/\/api.w.org\/{rel}","templated":true}]}}