{"id":36710,"date":"2011-07-14T08:38:31","date_gmt":"2011-07-14T05:38:31","guid":{"rendered":"http:\/\/www.korhanyilmaz.com\/?p=36710"},"modified":"2011-07-14T09:12:49","modified_gmt":"2011-07-14T06:12:49","slug":"ergenekon-hakimi-yetkisiz-birakildi","status":"publish","type":"post","link":"http:\/\/www.korhanyilmaz.com\/?p=36710","title":{"rendered":"Ergenekon h\u00e2kimi yetkisiz b\u0131rak\u0131ld\u0131"},"content":{"rendered":"<p style=\"text-align: center;\"><a href=\"http:\/\/www.korhanyilmaz.com\/wp-content\/uploads\/2011\/07\/1547.jpeg\"  class=\"lightview\"><img loading=\"lazy\" decoding=\"async\" class=\"aligncenter size-full wp-image-36711\" src=\"http:\/\/www.korhanyilmaz.com\/wp-content\/uploads\/2011\/07\/1547.jpeg\" alt=\"\" width=\"384\" height=\"254\" \/><\/a><\/p>\n<p style=\"text-align: justify;\">Ergenekon davas\u0131n\u0131n g\u00f6r\u00fcld\u00fc\u011f\u00fc \u0130stanbul 13. A\u011f\u0131r Ceza Mahkemesi&#8217;nin Ba\u015fkan\u0131 K\u00f6ksal \u015eeng\u00fcn, \u00f6zel yetkileri al\u0131narak Bolu Hakimli\u011fi&#8217;ne atand\u0131.<\/p>\n<p style=\"text-align: justify;\">CHP\u2019den milletvekili se\u00e7ilen Mehmet Haberal ve Mustafa Balbay\u2019\u0131n tahliyesini isteyen \u015eeng\u00fcn hakk\u0131nda \u2018g\u00f6revi k\u00f6t\u00fcye kullanmak\u2019 su\u00e7undan Adalet M\u00fcfetti\u015flerince soru\u015fturma y\u00fcr\u00fct\u00fcld\u00fc\u011f\u00fc \u00f6\u011frenildi. <!--more--><\/p>\n<p style=\"text-align: justify;\">\u0130stanbul \u00d6zel Yetkili A\u011f\u0131r Ceza Mahkemesi\u2019ne ba\u015fkanl\u0131k eden Erkan Canak ve Zafer Ba\u015fkurt\u2019un ard\u0131ndan 20 Ekim 2008\u2019den beri Ergenekon davalar\u0131na bakan \u0130stanbul 13. A\u011f\u0131r Ceza Mahkemesi ba\u015fkanl\u0131\u011f\u0131n\u0131 y\u00fcr\u00fcten K\u00f6ksal \u015eeng\u00fcn de \u00f6zel yetkileri al\u0131narak Bolu Adliyesi\u2019ne h\u00e2kim olarak atand\u0131. \u015eeng\u00fcn, Ergenekon davalar\u0131nda verdi\u011fi muhalefet \u015ferhleriyle dikkat \u00e7ekiyordu. \u015eeng\u00fcn, Haberal i\u00e7in 9 Nisan 2010, Balbay i\u00e7in ise 26 Aral\u0131k 2009\u2019dan bu yana tahliye edilmeleri y\u00f6n\u00fcnde oy kullan\u0131yordu. Son olarak 2011 genel se\u00e7imlerinde milletvekili se\u00e7ilen Haberal ile Balbay\u2019\u0131n tahliye taleplerinin reddedilmesi karar\u0131na da muhalefet etmi\u015fti. \u015eeng\u00fcn, \u201cTBMM \u00fcyeli\u011fine yasal se\u00e7im sonucu ve demokratik yollardan se\u00e7ilen bu ki\u015filerin kazanm\u0131\u015f olduklar\u0131 bu nitelikleri sebebiyle ka\u00e7ma, saklanma ve delilleri karartma ihtimalleri kalmam\u0131\u015ft\u0131r\u201d demi\u015fti.<\/p>\n<p style=\"text-align: justify;\"><strong>\u015e\u00fcpheliyle g\u00f6r\u00fc\u015ft\u00fc iddias\u0131<\/strong><\/p>\n<p style=\"text-align: justify;\">Ba\u015fkan \u015eeng\u00fcn, bir d\u00f6nem Ergenekon \u015f\u00fcphelisi T\u00fclay Bekar ile telefon g\u00f6r\u00fc\u015fmeleriyle g\u00fcndeme gelmi\u015fti. Cumhuriyet Savc\u0131s\u0131 Zekeriya \u00d6z taraf\u0131ndan eski Adalet Bakan\u0131 Seyfi Oktay ile bir grup avukat hakk\u0131nda y\u00fcr\u00fct\u00fclen `Adil yarg\u0131lamay\u0131 etkileme` soru\u015fturmas\u0131 kapsam\u0131nda \u015eeng\u00fcn, Canak ve Ba\u015fkurt dinlemeye tak\u0131lm\u0131\u015ft\u0131. Ergenekon soru\u015fturmas\u0131n\u0131 etkilemeye te\u015febb\u00fcs ettikleri iddia edilen ve bir s\u00fcre tutuklu kalan \u015f\u00fcphelilerden avukat T\u00fclay Bekar\u2019\u0131n \u015eeng\u00fcn\u2019\u00fc Ergenekon davas\u0131ndan vazge\u00e7irmek i\u00e7in, \u201cArt\u0131k b\u0131rak o davan\u0131 da bana gel\u201d dedi\u011fi iddia ediliyordu. Avukat T\u00fclay Bekar\u2019\u0131n, kad\u0131nl\u0131\u011f\u0131n\u0131 ve cinselli\u011fini kullanarak \u0130stanbul 13. A\u011f\u0131r Ceza Mahkemesi Ba\u015fkan\u0131 K\u00f6ksal \u015eeng\u00fcn\u2019\u00fc etkilemeye \u00e7al\u0131\u015ft\u0131\u011f\u0131 \u00f6ne s\u00fcr\u00fcl\u00fcyordu. Kad\u0131n avukat, A\u011f\u0131r Ceza Mahkemesi Ba\u015fkan\u0131 \u015eeng\u00fcn\u2019e davadan ayr\u0131lmas\u0131, Yarg\u0131tay \u00fcyeli\u011fine terfi ederek \u00e7ekilmesi i\u00e7in bask\u0131 yapt\u0131\u011f\u0131 iddia ediliyordu.<\/p>\n<p style=\"text-align: justify;\"><strong>\u015eeng\u00fcn: Ucuz de\u011filiz<\/strong><\/p>\n<p style=\"text-align: justify;\">\u00d6zel yetkileri kald\u0131r\u0131larak Bolu\u2019ya d\u00fcz hakim olarak atanan \u0130stanbul 13. A\u011f\u0131r Ceza Mahkemesi Ba\u015fkan\u0131 K\u00f6ksal \u015eeng\u00fcn bu karar\u0131 y\u0131ll\u0131k izini s\u0131ras\u0131nda \u00f6\u011frendi. \u015eeng\u00fcn, \u201cAtanmad\u0131m yetkilendirildim. Y\u0131ll\u0131k izindeydim. Kalemden arkada\u015flar telefonla arayarak haber verdiler. Ho\u015f bir \u015fey de\u011fil. Bu saatten sonra olacak i\u015f de de\u011fil. 61 ya\u015f\u0131nday\u0131m, bu i\u015f hay\u0131rl\u0131 da say\u0131lmaz. O kadar ucuz da de\u011filiz. Bu \u00e7elik-\u00e7omak oyunu da de\u011fil bu. Hakk\u0131mda bir tahkikat ba\u015flatm\u0131\u015flar. Bildi\u011fim kadar\u0131yla disiplin su\u00e7undan dolay\u0131 a\u00e7\u0131lan bir tahkikat bu, ben bu tahkikat\u0131 kabul etmiyorum\u201d dedi.<\/p>\n<p style=\"text-align: justify;\"><strong>Karar oy \u00e7oklu\u011fuyla<\/strong><\/p>\n<p style=\"text-align: justify;\">Hakimler ve Savc\u0131lar Y\u00fcksek Kurulu\u2019nun (HSYK) hakim ve savc\u0131lar\u0131n disiplin i\u015flerine bakan 2. Dairesi, savunmas\u0131n\u0131 ald\u0131ktan sonra ge\u00e7en pazartesi g\u00fcn\u00fc yapt\u0131\u011f\u0131 toplant\u0131da, \u015eeng\u00fcn\u2019\u00fcn davran\u0131\u015flar\u0131n\u0131n \u2018mesle\u011fin \u015feref ve haysiyetiyle ba\u011fda\u015fmad\u0131\u011f\u0131\u2019 g\u00f6r\u00fc\u015f\u00fc do\u011frultusunda g\u00f6rev yerinin de\u011fi\u015ftirmesini kararla\u015ft\u0131rd\u0131. Daire\u2019nin 7 \u00fcyesinin kat\u0131ld\u0131\u011f\u0131 toplant\u0131da \u00fcyeler, Ali Suat Ertosun ve Ziya \u00d6zcan \u015eeng\u00fcn\u2019e \u201cceza verilmemesi\u201d y\u00f6n\u00fcnde oy kulland\u0131. Yap\u0131lan oylama sonucu, 5 \u00fcyenin oyuyla \u015eeng\u00fcn\u2019e yer de\u011fi\u015ftirme cezas\u0131 verilmesi kararla\u015ft\u0131r\u0131ld\u0131.<\/p>\n<p style=\"text-align: justify;\">\u015eeng\u00fcn, 20 Ekim 2008 tarihinde ba\u015flayan birinci Ergenekon davas\u0131na o g\u00fcnden beri ba\u015fkanl\u0131k yap\u0131yordu. \u015eeng\u00fcn 2010 y\u0131l\u0131nda Yarg\u0131tay\u2019da bo\u015f bulunan 34 \u00fcyelik i\u00e7in ba\u015fvurmu\u015f ama kabul edilmemi\u015fti. \u0130stanbul 10. A\u011f\u0131r Ceza Mahkemesi Ba\u015fkan\u0131 Zafer Ba\u015fkurt ile \u0130stanbul 14. A\u011f\u0131r Ceza Mahkemesi Ba\u015fkan\u0131 Erkan Canak da normal savc\u0131 olarak atanm\u0131\u015ft\u0131.<\/p>\n<p style=\"text-align: justify;\"><a href=\"http:\/\/www.radikal.com.tr\/Radikal.aspx?aType=RadikalDetayV3&amp;ArticleID=1056247&amp;Date=14.07.2011&amp;CategoryID=77\" target=\"_blank\">Kaynak : Radikal.com.tr<\/a><\/p>\n","protected":false},"excerpt":{"rendered":"<p style=\"text-align: center;\">\n<p style=\"text-align: justify;\">Ergenekon davas\u0131n\u0131n g\u00f6r\u00fcld\u00fc\u011f\u00fc \u0130stanbul 13. A\u011f\u0131r Ceza Mahkemesi&#8217;nin Ba\u015fkan\u0131 K\u00f6ksal \u015eeng\u00fcn, \u00f6zel yetkileri al\u0131narak Bolu Hakimli\u011fi&#8217;ne atand\u0131.<\/p>\n<p style=\"text-align: justify;\">CHP\u2019den milletvekili se\u00e7ilen Mehmet Haberal ve Mustafa Balbay\u2019\u0131n tahliyesini isteyen \u015eeng\u00fcn hakk\u0131nda \u2018g\u00f6revi k\u00f6t\u00fcye kullanmak\u2019 su\u00e7undan Adalet M\u00fcfetti\u015flerince soru\u015fturma y\u00fcr\u00fct\u00fcld\u00fc\u011f\u00fc \u00f6\u011frenildi. <\/p>\n","protected":false},"author":1,"featured_media":0,"comment_status":"open","ping_status":"open","sticky":false,"template":"","format":"standard","meta":{"footnotes":""},"categories":[105],"tags":[],"class_list":["post-36710","post","type-post","status-publish","format-standard","hentry","category-gundem","odd"],"_links":{"self":[{"href":"http:\/\/www.korhanyilmaz.com\/index.php?rest_route=\/wp\/v2\/posts\/36710","targetHints":{"allow":["GET"]}}],"collection":[{"href":"http:\/\/www.korhanyilmaz.com\/index.php?rest_route=\/wp\/v2\/posts"}],"about":[{"href":"http:\/\/www.korhanyilmaz.com\/index.php?rest_route=\/wp\/v2\/types\/post"}],"author":[{"embeddable":true,"href":"http:\/\/www.korhanyilmaz.com\/index.php?rest_route=\/wp\/v2\/users\/1"}],"replies":[{"embeddable":true,"href":"http:\/\/www.korhanyilmaz.com\/index.php?rest_route=%2Fwp%2Fv2%2Fcomments&post=36710"}],"version-history":[{"count":0,"href":"http:\/\/www.korhanyilmaz.com\/index.php?rest_route=\/wp\/v2\/posts\/36710\/revisions"}],"wp:attachment":[{"href":"http:\/\/www.korhanyilmaz.com\/index.php?rest_route=%2Fwp%2Fv2%2Fmedia&parent=36710"}],"wp:term":[{"taxonomy":"category","embeddable":true,"href":"http:\/\/www.korhanyilmaz.com\/index.php?rest_route=%2Fwp%2Fv2%2Fcategories&post=36710"},{"taxonomy":"post_tag","embeddable":true,"href":"http:\/\/www.korhanyilmaz.com\/index.php?rest_route=%2Fwp%2Fv2%2Ftags&post=36710"}],"curies":[{"name":"wp","href":"https:\/\/api.w.org\/{rel}","templated":true}]}}