{"id":36701,"date":"2011-07-13T14:02:23","date_gmt":"2011-07-13T11:02:23","guid":{"rendered":"http:\/\/www.korhanyilmaz.com\/?p=36701"},"modified":"2011-07-14T00:14:12","modified_gmt":"2011-07-13T21:14:12","slug":"aleste-turbana-vize","status":"publish","type":"post","link":"http:\/\/www.korhanyilmaz.com\/?p=36701","title":{"rendered":"ALES&#8217;te t\u00fcrbana vize"},"content":{"rendered":"<p style=\"text-align: center;\"><a href=\"http:\/\/www.korhanyilmaz.com\/wp-content\/uploads\/2011\/07\/1545.jpeg\"  class=\"lightview\"><img loading=\"lazy\" decoding=\"async\" class=\"aligncenter size-full wp-image-36702\" src=\"http:\/\/www.korhanyilmaz.com\/wp-content\/uploads\/2011\/07\/1545.jpeg\" alt=\"\" width=\"320\" height=\"214\" \/><\/a><\/p>\n<p style=\"text-align: justify;\">Dan\u0131\u015ftay, ALES k\u0131lavuzundaki ba\u015f\u00f6rt\u00fcs\u00fcyle s\u0131nava girilmesine olanak sa\u011flayan d\u00fczenlemelerin y\u00fcr\u00fctmesinin durdurulmas\u0131na Y\u00d6K&#8217;\u00fcn yapt\u0131\u011f\u0131 itiraz\u0131 kabul etti.<\/p>\n<p style=\"text-align: justify;\">ANKARA &#8211; Dan\u0131\u015ftay, ALES k\u0131lavuzundaki ba\u015f\u00f6rt\u00fcs\u00fcyle s\u0131nava girilmesine olanak sa\u011flayan d\u00fczenlemelerin y\u00fcr\u00fctmesinin durdurulmas\u0131na Y\u00d6K&#8217;\u00fcn yapt\u0131\u011f\u0131 itiraz\u0131 kabul etti. Dan\u0131\u015ftay \u0130dari Dava Daireleri Kurulu, 2010 Akademik Personel ve Lisans \u00dcst\u00fc E\u011fitim Giri\u015f S\u0131nav\u0131 (ALES) sonbahar d\u00f6nemi k\u0131lavuzundaki ba\u015f\u00f6rt\u00fcs\u00fcyle s\u0131nava girilmesine olanak sa\u011flayan d\u00fczenlemelerin y\u00fcr\u00fctmesinin durdurulmas\u0131na Y\u00d6K&#8217;\u00fcn yapt\u0131\u011f\u0131 itiraz\u0131 kabul etti. <!--more--><\/p>\n<p style=\"text-align: justify;\">Kurul, oy \u00e7oklu\u011fuyla ald\u0131\u011f\u0131 kararda, dosyan\u0131n esas\u0131na girmeden davac\u0131n\u0131n ehliyeti olup olmad\u0131\u011f\u0131 konusunu inceledi. Kurul, davac\u0131 E\u011fitim-\u0130\u015f&#8217;in dava a\u00e7ma ehliyeti bulunmad\u0131\u011f\u0131 karar\u0131na vard\u0131. E\u011fitim ve Bilim \u0130\u015f G\u00f6renleri Sendikas\u0131 (E\u011fitim-\u0130\u015f) 2010 ALES sonbahar d\u00f6nemi k\u0131lavuzundaki &#8221;ba\u015fvuru merkezinde yap\u0131lacak ba\u015fvurular&#8221; alt ba\u015fl\u0131kl\u0131 A bendi ile &#8221;postayla ba\u015fvurular&#8221; alt ba\u015fl\u0131kl\u0131 C bendinin ve &#8221;s\u0131nava girerken aday\u0131n yay\u0131nda bulundurmas\u0131 gereken belgeler&#8221; ana ba\u015fl\u0131\u011f\u0131 alt\u0131nda yer alan &#8221;bir foto\u011fraf&#8221; ba\u015fl\u0131kl\u0131 C bendinin &#8221;ba\u015f\u0131 a\u00e7\u0131k ve ba\u015f\u0131 a\u00e7\u0131k olarak s\u0131nava girilmemesi halinde s\u0131nav\u0131n ge\u00e7ersiz say\u0131laca\u011f\u0131&#8221; \u015feklindeki ibarelerin yer almamas\u0131 nedeniyle eksik d\u00fczenleme yap\u0131ld\u0131\u011f\u0131 gerek\u00e7esiyle iptali ve y\u00fcr\u00fctmesini durdurmas\u0131 istemiyle Dan\u0131\u015ftay&#8217;da dava a\u00e7m\u0131\u015ft\u0131.<\/p>\n<p style=\"text-align: justify;\">Dan\u0131\u015ftay 8. Dairesi, k\u0131lavuzdaki s\u00f6z konusu d\u00fczenlemelerin y\u00fcr\u00fctmesini oy birli\u011fiyle durdurmu\u015ftu. Daire&#8217;nin karar\u0131nda, ilk olarak davac\u0131 sendikan\u0131n dava a\u00e7ma ehliyeti bulunup bulunmad\u0131\u011f\u0131 irdelenmi\u015f ve &#8221;Genel kamu yarar\u0131 bulundu\u011fu a\u00e7\u0131k olan dava konusu uyu\u015fmazl\u0131kta davac\u0131 Sendikan\u0131n kurulu\u015f amac\u0131 ile uyu\u015fmazl\u0131k konusu k\u0131lavuz h\u00fck\u00fcmlerinin laiklik ilkesini zedeledi\u011fi ve yarg\u0131 kararlar\u0131na ayk\u0131r\u0131l\u0131k ta\u015f\u0131d\u0131\u011f\u0131 iddialar\u0131 birlikte de\u011ferlendirildi\u011finde, davac\u0131n\u0131n dava konusu kararlar ile menfaat ilgisinin bulundu\u011funun kabul\u00fc zorunlu olup, daval\u0131 idarelerin davac\u0131 Sendikan\u0131n dava a\u00e7ma ehliyeti bulunmad\u0131\u011f\u0131 yolundaki iddialar\u0131 yerinde g\u00f6r\u00fclmeyerek i\u015fin esas\u0131na ge\u00e7ildi&#8221; denilerek, davac\u0131n\u0131n dava a\u00e7ma ehliyeti bulundu\u011fu kabul edilmi\u015fti.<\/p>\n<p style=\"text-align: justify;\">Dairenin karar\u0131nda ayr\u0131ca, Anayasa Mahkemesi ve Avrupa \u0130nsan Haklar\u0131 Mahkemesi ve Dan\u0131\u015ftay&#8217;\u0131n ba\u015f\u00f6rt\u00fcs\u00fc ile ilgili kararlar\u0131na da yer verilerek, bu anayasal ve yasal kurallar kar\u015f\u0131s\u0131nda dava konusu d\u00fczenlemenin hukuken kabul edilebilir bir dayana\u011f\u0131n\u0131n olmad\u0131\u011f\u0131 vurgulanm\u0131\u015ft\u0131. Daire, k\u0131lavuzda ba\u015f\u0131 a\u00e7\u0131k foto\u011fraf \u00e7ektirme ve s\u0131nava ba\u015f\u0131 a\u00e7\u0131k girilmesini zorunlu k\u0131lan d\u00fczenlemelere yer verilmemesi nedeniyle, ba\u015fvuruda bulunan erkek-kad\u0131n adaylar\u0131n fiziksel olarak te\u015fhislerinde g\u00fc\u00e7l\u00fck olu\u015faca\u011f\u0131 ve s\u0131nav g\u00fcvenli\u011fi a\u00e7\u0131s\u0131ndan olumsuz sonu\u00e7lar do\u011fabilece\u011fine i\u015faret etmi\u015fti.<\/p>\n<p style=\"text-align: justify;\">Y\u00fcksek\u00f6\u011fretim Kurulu (Y\u00d6K), Dan\u0131\u015ftay 8. Dairesi&#8217;nin karar\u0131na itiraz etmi\u015fti. Y\u00d6K itirazda, Dan\u0131\u015ftay&#8217;\u0131n, dava a\u00e7abilmek i\u00e7in, dava konusu yap\u0131lan idari i\u015flemlerden dolay\u0131 davay\u0131 a\u00e7an\u0131n dolayl\u0131 veya dolays\u0131z ki\u015fisel bir menfaatinin ihlal edilmesini arad\u0131\u011f\u0131, hatta Dan\u0131\u015ftay&#8217;\u0131n, dernek ve sendikalarda oldu\u011fu gibi, kamu kurumu niteli\u011finde olan meslek kurulu\u015flar\u0131na da \u00fcyeleri ad\u0131na dava a\u00e7ma yetkisini tan\u0131mad\u0131\u011f\u0131 kaydedilmi\u015fti.<\/p>\n<p style=\"text-align: justify;\">Dan\u0131\u015ftay kararlar\u0131na g\u00f6re, bu t\u00fcr kurulu\u015flar\u0131n, yasalarda a\u00e7\u0131k bir h\u00fckm\u00fc yoksa \u00fcyelerinin menfaatini korumak i\u00e7in dava a\u00e7ma yetkilerinin bulunmad\u0131\u011f\u0131 ileri s\u00fcr\u00fclen dilek\u00e7ede, &#8221;buna kar\u015f\u0131n Dan\u0131\u015ftay&#8217;\u0131n davac\u0131 sendikan\u0131n dava ehliyeti oldu\u011funu kabul etti\u011fi&#8221; belirtilmi\u015fti.<\/p>\n<p style=\"text-align: justify;\">Dilek\u00e7ede, Dan\u0131\u015ftay\u0131n, &#8221;ilgisiz bir kurumun a\u00e7t\u0131\u011f\u0131 davay\u0131 kabul etmesinin hukuksuz oldu\u011fu, bu durumda Dan\u0131\u015ftay&#8217;\u0131n ALES k\u0131lavuzuna ili\u015fkin davay\u0131, ehliyet \u015fart\u0131 yerine gelmedi\u011finden reddetmesi gerekti\u011fi&#8221; \u00f6ne s\u00fcr\u00fclm\u00fc\u015ft\u00fc.<\/p>\n<p style=\"text-align: justify;\">Y\u00d6K&#8217;\u00fcn itiraz\u0131n\u0131 g\u00f6r\u00fc\u015fen Dan\u0131\u015ftay \u0130dari Dava Daireleri Kurulu, itiraz\u0131 oy \u00e7oklu\u011fuyla kabul etti.<\/p>\n<p style=\"text-align: justify;\">Kurul, dosyan\u0131n esas\u0131na girmeden yapt\u0131\u011f\u0131 incelemede, davac\u0131 E\u011fitim-\u0130\u015f&#8217;in dava a\u00e7ma ehliyeti bulunmad\u0131\u011f\u0131 karar\u0131na vard\u0131.<\/p>\n<p style=\"text-align: justify;\"><a href=\"http:\/\/www.radikal.com.tr\/Radikal.aspx?aType=RadikalDetayV3&amp;ArticleID=1056151&amp;CategoryID=77\" target=\"_blank\">Kaynak : Radikal.com.tr<\/a><\/p>\n","protected":false},"excerpt":{"rendered":"<p style=\"text-align: center;\">\n<p style=\"text-align: justify;\">Dan\u0131\u015ftay, ALES k\u0131lavuzundaki ba\u015f\u00f6rt\u00fcs\u00fcyle s\u0131nava girilmesine olanak sa\u011flayan d\u00fczenlemelerin y\u00fcr\u00fctmesinin durdurulmas\u0131na Y\u00d6K&#8217;\u00fcn yapt\u0131\u011f\u0131 itiraz\u0131 kabul etti.<\/p>\n<p style=\"text-align: justify;\">ANKARA &#8211; Dan\u0131\u015ftay, ALES k\u0131lavuzundaki ba\u015f\u00f6rt\u00fcs\u00fcyle s\u0131nava girilmesine olanak sa\u011flayan d\u00fczenlemelerin y\u00fcr\u00fctmesinin durdurulmas\u0131na Y\u00d6K&#8217;\u00fcn yapt\u0131\u011f\u0131 itiraz\u0131 kabul etti. Dan\u0131\u015ftay \u0130dari Dava Daireleri Kurulu, 2010 Akademik Personel ve Lisans \u00dcst\u00fc E\u011fitim Giri\u015f S\u0131nav\u0131 <\/p>\n","protected":false},"author":1,"featured_media":0,"comment_status":"open","ping_status":"open","sticky":false,"template":"","format":"standard","meta":{"footnotes":""},"categories":[105],"tags":[],"class_list":["post-36701","post","type-post","status-publish","format-standard","hentry","category-gundem","odd"],"_links":{"self":[{"href":"http:\/\/www.korhanyilmaz.com\/index.php?rest_route=\/wp\/v2\/posts\/36701","targetHints":{"allow":["GET"]}}],"collection":[{"href":"http:\/\/www.korhanyilmaz.com\/index.php?rest_route=\/wp\/v2\/posts"}],"about":[{"href":"http:\/\/www.korhanyilmaz.com\/index.php?rest_route=\/wp\/v2\/types\/post"}],"author":[{"embeddable":true,"href":"http:\/\/www.korhanyilmaz.com\/index.php?rest_route=\/wp\/v2\/users\/1"}],"replies":[{"embeddable":true,"href":"http:\/\/www.korhanyilmaz.com\/index.php?rest_route=%2Fwp%2Fv2%2Fcomments&post=36701"}],"version-history":[{"count":0,"href":"http:\/\/www.korhanyilmaz.com\/index.php?rest_route=\/wp\/v2\/posts\/36701\/revisions"}],"wp:attachment":[{"href":"http:\/\/www.korhanyilmaz.com\/index.php?rest_route=%2Fwp%2Fv2%2Fmedia&parent=36701"}],"wp:term":[{"taxonomy":"category","embeddable":true,"href":"http:\/\/www.korhanyilmaz.com\/index.php?rest_route=%2Fwp%2Fv2%2Fcategories&post=36701"},{"taxonomy":"post_tag","embeddable":true,"href":"http:\/\/www.korhanyilmaz.com\/index.php?rest_route=%2Fwp%2Fv2%2Ftags&post=36701"}],"curies":[{"name":"wp","href":"https:\/\/api.w.org\/{rel}","templated":true}]}}