{"id":36697,"date":"2011-07-13T12:19:02","date_gmt":"2011-07-13T09:19:02","guid":{"rendered":"http:\/\/www.korhanyilmaz.com\/?p=36697"},"modified":"2011-07-14T00:05:51","modified_gmt":"2011-07-13T21:05:51","slug":"fransiz-senatosundan-turkiye-uyarisi","status":"publish","type":"post","link":"http:\/\/www.korhanyilmaz.com\/?p=36697","title":{"rendered":"Frans\u0131z Senatosu&#8217;ndan T\u00fcrkiye uyar\u0131s\u0131"},"content":{"rendered":"<p style=\"text-align: justify;\"><a href=\"http:\/\/www.korhanyilmaz.com\/wp-content\/uploads\/2011\/07\/1544.jpg\"  class=\"lightview\"><img loading=\"lazy\" decoding=\"async\" class=\"aligncenter size-full wp-image-36698\" title=\"\" src=\"http:\/\/www.korhanyilmaz.com\/wp-content\/uploads\/2011\/07\/1544.jpg\" alt=\"\" width=\"298\" height=\"199\" \/><\/a><\/p>\n<p style=\"text-align: justify;\">Fransa\u2019da gelecek y\u0131l yap\u0131lacak Cumhurba\u015fkanl\u0131\u011f\u0131 ve milletvekilli\u011fi se\u00e7imleri \u00f6ncesinde Senato\u2019dan T\u00fcrkiye kar\u015f\u0131t\u0131 beyanlardan ka\u00e7\u0131n\u0131lmas\u0131 gerekti\u011fini vurgulayan bir rapor \u00e7\u0131kt\u0131.<\/p>\n<p style=\"text-align: justify;\">STRASBOURG &#8211; Frans\u0131z Senatosu&#8217;nun Avrupa \u0130\u015fleri Komisyonu taraf\u0131ndan &#8220;AB-T\u00fcrkiye \u0130li\u015fkileri&#8221; hakk\u0131nda haz\u0131rlanan bir raporda, olas\u0131 beyanatlar\u0131n daha sonra &#8220;pi\u015fmanl\u0131k yaratacak sonu\u00e7lar do\u011furabilece\u011fi&#8221; g\u00f6r\u00fc\u015f\u00fc dile getirildi. <!--more--><\/p>\n<p style=\"text-align: justify;\">T\u00fcrk-Frans\u0131z ili\u015fkilerinin bozulmas\u0131n\u0131n &#8220;Fransa&#8217;n\u0131n \u00e7\u0131kar\u0131na olmad\u0131\u011f\u0131n\u0131n&#8221; belirtildi\u011fi raporda, T\u00fcrkiye&#8217;nin reform s\u00fcrecinden sapt\u0131r\u0131lmamas\u0131 gerekti\u011fi vurguland\u0131. Senato raporunda, AB ile m\u00fczakerelerin fel\u00e7 olma noktas\u0131na gelmesinin T\u00fcrk halk\u0131n\u0131 \u00fcyelik fikrinden so\u011futtu\u011funa dikkat \u00e7ekilip, bu durum &#8220;endi\u015fe verici&#8221; olarak nitelendi.<\/p>\n<p style=\"text-align: justify;\"><strong>\u2018FRANSIZ S\u0130YAS\u0130LER T\u00dcRK\u0130YE\u2019Y\u0130 ANLATSIN\u2019<\/strong><\/p>\n<p style=\"text-align: justify;\">Raporda, T\u00fcrkiye&#8217;ye AB kap\u0131lar\u0131n\u0131n kapat\u0131lmamas\u0131 gerekti\u011fini anlatma g\u00f6revinin Frans\u0131z siyasilere d\u00fc\u015ft\u00fc\u011f\u00fc, \u00fcyelik konusunun ise T\u00fcrkiye&#8217;nin ya\u015fayaca\u011f\u0131 de\u011fi\u015fim \u00f6l\u00e7\u00fcs\u00fcnde m\u00fczakereler sonunda de\u011ferlendirilmesi gerekti\u011fi savunuldu. Raporda Ankara&#8217;ya da, Kopenhag kriterleri ve katma protokol\u00fc gerekti\u011fi gibi uygulayan bir T\u00fcrkiye&#8217;yi Frans\u0131z toplumuna anlatman\u0131n daha kolay olaca\u011f\u0131 mesaj\u0131 g\u00f6nderildi.<\/p>\n<p style=\"text-align: justify;\"><strong>ORTAK \u00c7IKAR MESELES\u0130<\/strong><\/p>\n<p style=\"text-align: justify;\">T\u00fcrk-Frans\u0131z ili\u015fkilerini d\u00fczeltmek i\u00e7in &#8220;ortak \u00e7\u0131kar meseleleri&#8221; \u00fczerinde \u00e7al\u0131\u015f\u0131labilece\u011fini g\u00fcndeme getiren Senato komisyonu, bu \u00e7er\u00e7evede, ba\u015fta tar\u0131m ve enerji sekt\u00f6rleri olmak \u00fczere hammadde fiyatlar\u0131 \u00fczerinde denetim ve Arap Bahar\u0131 \u0131\u015f\u0131\u011f\u0131nda yeni bir Akdeniz politikas\u0131 konular\u0131nda iki \u00fclkenin m\u00fc\u015fterek hareket edebilece\u011fi \u00f6nerisini ortaya att\u0131.<\/p>\n<p style=\"text-align: justify;\">Rapor, Senato Avrupa \u0130\u015fleri Komisyonu&#8217;na \u00fcye 4 ki\u015filik bir senat\u00f6r heyetinin bu y\u0131l 28 Mart-1 Nisan tarihleri aras\u0131nda Ankara, \u0130stanbul ve Bursa&#8217;ya ger\u00e7ekle\u015ftirdi\u011fi ziyaret sonras\u0131nda haz\u0131rland\u0131.<\/p>\n<p style=\"text-align: justify;\"><a href=\"http:\/\/www.ntvmsnbc.com\/id\/25231855\/\" target=\"_blank\">Kaynak : NTVMSNBC<\/a><\/p>\n","protected":false},"excerpt":{"rendered":"<p style=\"text-align: justify;\">\n<p style=\"text-align: justify;\">Fransa\u2019da gelecek y\u0131l yap\u0131lacak Cumhurba\u015fkanl\u0131\u011f\u0131 ve milletvekilli\u011fi se\u00e7imleri \u00f6ncesinde Senato\u2019dan T\u00fcrkiye kar\u015f\u0131t\u0131 beyanlardan ka\u00e7\u0131n\u0131lmas\u0131 gerekti\u011fini vurgulayan bir rapor \u00e7\u0131kt\u0131.<\/p>\n<p style=\"text-align: justify;\">STRASBOURG &#8211; Frans\u0131z Senatosu&#8217;nun Avrupa \u0130\u015fleri Komisyonu taraf\u0131ndan &#8220;AB-T\u00fcrkiye \u0130li\u015fkileri&#8221; hakk\u0131nda haz\u0131rlanan bir raporda, olas\u0131 beyanatlar\u0131n daha sonra &#8220;pi\u015fmanl\u0131k yaratacak sonu\u00e7lar do\u011furabilece\u011fi&#8221; g\u00f6r\u00fc\u015f\u00fc dile getirildi. <\/p>\n","protected":false},"author":1,"featured_media":0,"comment_status":"open","ping_status":"open","sticky":false,"template":"","format":"standard","meta":{"footnotes":""},"categories":[105],"tags":[],"class_list":["post-36697","post","type-post","status-publish","format-standard","hentry","category-gundem","odd"],"_links":{"self":[{"href":"http:\/\/www.korhanyilmaz.com\/index.php?rest_route=\/wp\/v2\/posts\/36697","targetHints":{"allow":["GET"]}}],"collection":[{"href":"http:\/\/www.korhanyilmaz.com\/index.php?rest_route=\/wp\/v2\/posts"}],"about":[{"href":"http:\/\/www.korhanyilmaz.com\/index.php?rest_route=\/wp\/v2\/types\/post"}],"author":[{"embeddable":true,"href":"http:\/\/www.korhanyilmaz.com\/index.php?rest_route=\/wp\/v2\/users\/1"}],"replies":[{"embeddable":true,"href":"http:\/\/www.korhanyilmaz.com\/index.php?rest_route=%2Fwp%2Fv2%2Fcomments&post=36697"}],"version-history":[{"count":0,"href":"http:\/\/www.korhanyilmaz.com\/index.php?rest_route=\/wp\/v2\/posts\/36697\/revisions"}],"wp:attachment":[{"href":"http:\/\/www.korhanyilmaz.com\/index.php?rest_route=%2Fwp%2Fv2%2Fmedia&parent=36697"}],"wp:term":[{"taxonomy":"category","embeddable":true,"href":"http:\/\/www.korhanyilmaz.com\/index.php?rest_route=%2Fwp%2Fv2%2Fcategories&post=36697"},{"taxonomy":"post_tag","embeddable":true,"href":"http:\/\/www.korhanyilmaz.com\/index.php?rest_route=%2Fwp%2Fv2%2Ftags&post=36697"}],"curies":[{"name":"wp","href":"https:\/\/api.w.org\/{rel}","templated":true}]}}